{"id":517192,"date":"2025-11-07T01:34:20","date_gmt":"2025-11-07T01:34:20","guid":{"rendered":"https:\/\/www.europesays.com\/fr\/517192\/"},"modified":"2025-11-07T01:34:20","modified_gmt":"2025-11-07T01:34:20","slug":"reformation-adapte-son-offre-a-la-clientele-parisienne-pour-son-ouverture-dans-le-marais","status":"publish","type":"post","link":"https:\/\/www.europesays.com\/fr\/517192\/","title":{"rendered":"Reformation adapte son offre \u00e0 la client\u00e8le parisienne pour son ouverture dans le Marais"},"content":{"rendered":"<p>\n                                    <b>Publi\u00e9 le<\/b><br \/>\n                                    <\/p>\n<p>                                        6 novembre 2025<\/p>\n<p class=\"article-content col-md-8 offset-md-1\">\n                                Avec une premi\u00e8re boutique \u00e0 Paris et quinze ouvertures cette ann\u00e9e, <a class=\"fnwAddLinks\" href=\"https:\/\/ch.fashionnetwork.com\/tags-reformation\" title=\"Reformation\" target=\"_blank\" rel=\"noopener\">Reformation<\/a> affiche ses ambitions. Pr\u00e9sente dans le Marais depuis ce 6 novembre, la marque fond\u00e9e en 2009 \u00e0 Los Angeles sur la promesse d\u2019une mode \u00e9co-responsable dispose de sa premi\u00e8re adresse en France et en Europe continentale.<\/p>\n<p><img decoding=\"async\" class=\"news-image\" style=\"width:100%;max-width:645px;\" src=\"https:\/\/www.europesays.com\/fr\/wp-content\/uploads\/2025\/11\/36dc.jpg\" alt=\"Le Marais parisien accueille la premi\u00e8re boutique de Reformation en France\" loading=\"lazy\"\/>Le Marais parisien accueille la premi\u00e8re boutique de Reformation en France &#8211; Reformation<\/p>\n<p class=\"col-md-8 offset-md-1 article-content--texte\">Au 20 rue des Francs Bourgeois, en face de la boutique Courr\u00e8ges, c\u2019est le travail d\u2019une ann\u00e9e qui se d\u00e9voile sur deux \u00e9tages. La boutique, imagin\u00e9e par la marque et le studio parisien d\u2019architecture et de design Le Cann, reprend l\u2019esth\u00e9tique r\u00e9tro-chic et f\u00e9minine de Reformation et y ajoute une touche fran\u00e7aise. Mobilier en bois, tableaux, carrelage, tapis, vases de fleurs et canap\u00e9s pour accueillir les copains ou copines des clientes en plein shopping habillent l\u2019espace.<\/p>\n<p class=\"col-md-10 exergue\">Une premi\u00e8re boutique en propre \u00e0 Paris<\/p>\n<p class=\"col-md-8 offset-md-1 article-content--texte\">Cette nouvelle boutique est centrale pour Reformation, qui compte en faire son showroom europ\u00e9en. Cela explique, par exemple, l\u2019invitation des \u00e9quipes du Bon March\u00e9 \u00e0 son inauguration non-officielle, chez qui la marque est pr\u00e9sente depuis 2023. Si les pi\u00e8ces vendues dans le grand magasin, pour l\u2019heure seul partenaire de la marque en France, s\u2019int\u00e8grent dans les tendances mode, celles de la boutique du Marais constituent un vestiaire adapt\u00e9 \u00e0 la client\u00e8le fran\u00e7aise : intemporel et classique. Cela marque une diff\u00e9rence avec les pi\u00e8ces vendues aux \u00c9tats-Unis, terre d\u2019origine de Reformation, o\u00f9 les v\u00eatements de la marque sont plus voyants.<\/p>\n<p><img decoding=\"async\" class=\"news-image\" style=\"width:100%;max-width:645px;\" src=\"https:\/\/www.europesays.com\/fr\/wp-content\/uploads\/2025\/11\/d7cd.jpg\" alt=\"La boutique s'\u00e9tale sur deux \u00e9tages\" loading=\"lazy\"\/>La boutique s&rsquo;\u00e9tale sur deux \u00e9tages &#8211; Reformation<\/p>\n<p class=\"col-md-8 offset-md-1 article-content--texte\">Le discours sur la durabilit\u00e9 et la qualit\u00e9 des mati\u00e8res de Reformation, fond\u00e9e par Yael Aflalo qui a depuis quitt\u00e9 la soci\u00e9t\u00e9, entre particuli\u00e8rement en r\u00e9sonance avec les clientes fran\u00e7aises, comme l\u2019explique Kathleen Talbot, directrice de la durabilit\u00e9 et vice-pr\u00e9sidente des op\u00e9rations de la marque. \u00c0 cette dimension durable s\u2019ajoute un volet technologique. Rue des Francs-Bourgeois, l\u2019entreprise se munit d\u2019un syst\u00e8me de tablettes tactiles pr\u00e9sentes dans l\u2019espace et dans les sept cabines d\u2019essayage, avec lesquelles les clientes peuvent r\u00e9server des articles afin de les essayer.<\/p>\n<p class=\"col-md-10 exergue\">Des croissances organiques<\/p>\n<p>L\u2019entreprise am\u00e9ricaine pr\u00e9voit d\u2019ouvrir une seconde boutique parisienne au 14 rue de Passy (XVIe arrondissement) courant 2026. La cadence d\u2019ouverture de cette ann\u00e9e semble correspondre aux ambitions de Reformation, qui compte poursuivre dans cette dynamique \u00e0 raison de quinze \u00e0 vingt nouvelles adresses par an. Pour l\u2019heure, la marque dispose de 63 boutiques en propre, r\u00e9parties entre la France, le Royaume-Uni, le Canada et les \u00c9tats-Unis. Sur le march\u00e9 am\u00e9ricain, le marque se d\u00e9veloppe actuellement dans les grandes villes du pays, comme \u00e0 la Nouvelle-<a class=\"fnwAddLinks\" href=\"https:\/\/ch.fashionnetwork.com\/tags-orleans\" title=\"Orl\u00e9ans\" target=\"_blank\" rel=\"noopener\">Orl\u00e9ans<\/a>, Nashville ou Charlotte.<\/p>\n<p><img decoding=\"async\" class=\"news-image\" style=\"width:100%;max-width:645px;\" src=\"https:\/\/www.europesays.com\/fr\/wp-content\/uploads\/2025\/11\/f569.png\" alt=\"L'espace a \u00e9t\u00e9 imagin\u00e9 par le studio d'architecture et de design Le Cann\" loading=\"lazy\"\/>L&rsquo;espace a \u00e9t\u00e9 imagin\u00e9 par le studio d&rsquo;architecture et de design Le Cann &#8211; Reformation<\/p>\n<p class=\"col-md-8 offset-md-1 article-content--texte\">La marque a \u00e9galement inaugur\u00e9 cette ann\u00e9e de nouveaux quartiers g\u00e9n\u00e9raux \u00e0 Los Angeles. Si Kathleen Talbot aime parler de \u201ccroissance organique\u201d pour parler de ces ouvertures et des r\u00e9sultats de Reformation, elle applique aussi cette formulation au soutien dont dispose la marque sur les r\u00e9seaux sociaux. Si elle y est active, elle b\u00e9n\u00e9ficie de mises en avant de la part d\u2019utilisatrices, qui rendent populaires certains de ses produits de mani\u00e8re al\u00e9atoire. La marque, qui table sur de r\u00e9guli\u00e8res nouvelles cr\u00e9ations fabriqu\u00e9es en \u00e9dition limit\u00e9e, doit alors en produire plus, pour r\u00e9pondre \u00e0 la demande.\u00a0<\/p>\n<p class=\"col-md-10 exergue\">Entre fast-fashion et \u00e9co-responsabilit\u00e9<\/p>\n<p>Se pose alors la question \u00e0 laquelle Kathleen Talbot doit souvent r\u00e9pondre : comment est-il possible d\u2019allier croissance \u00e9conomique et \u00e9co-responsabilit\u00e9 ? Si la marque a su faire de l\u2019argument durable le fer de lance de sa communication, son discours se heurte \u00e0 son propre fonctionnement de marque de fast fashion.<\/p>\n<p>Dans sa communication, Reformation insiste sur sa production aux \u00c9tats-Unis (40%), son usine bas\u00e9e \u00e0 Los Angeles et ses mat\u00e9riaux durables. Mais la soci\u00e9t\u00e9 a essuy\u00e9 ces derni\u00e8res ann\u00e9es des critiques vis \u00e0 vis d&rsquo;une qualit\u00e9 de ses produits qui serait d\u00e9croissante mais aussi une utilisation de la viscose, \u00e0 raison de 20% de leurs collections en 2023 d\u2019apr\u00e8s le site FemiGnarly.<\/p>\n<p><img decoding=\"async\" class=\"news-image\" style=\"width:100%;max-width:647px;\" src=\"https:\/\/www.europesays.com\/fr\/wp-content\/uploads\/2025\/11\/b8ca.jpg\" alt=\"Reformation notamment produit aux \u00c9tats-Unis, en Chine au Br\u00e9sil et en Turquie\" loading=\"lazy\"\/>Reformation notamment produit aux \u00c9tats-Unis, en Chine au Br\u00e9sil et en Turquie &#8211; Reformation<\/p>\n<p class=\"col-md-8 offset-md-1 article-content--texte\">\u201cC\u2019est une question \u00e0 laquelle il est difficile de r\u00e9pondre\u201d, affirme d\u2019embl\u00e9e Kathleen Talbot. \u201cLa surconsommation est un sujet tr\u00e8s pr\u00e9sent dans nos discussions [internes, ndlr]. Nous pensons beaucoup \u00e0 comment int\u00e9grer la durabilit\u00e9 dans le fonctionnement de la marque\u201d, poursuit-elle. La directrice de la durabilit\u00e9 indique que Reformation utilise des fins de stocks, ses propres chutes de tissu, g\u00e8re un syst\u00e8me de revente et de r\u00e9paration de ses pi\u00e8ces. L\u2019entreprise indique produire principalement \u00e0 partir de mat\u00e9riaux tels que le coton organique, le lin, le Lyocell ou des mati\u00e8res recycl\u00e9es. Et annonce viser une circularit\u00e9 de ses produits d\u2019ici 2030.\n                            <\/p>\n<p>\n                                Tous droits de reproduction et de repr\u00e9sentation r\u00e9serv\u00e9s.<br \/>\u00a9 2025 FashionNetwork.com\n                            <\/p>\n","protected":false},"excerpt":{"rendered":"Publi\u00e9 le 6 novembre 2025 Avec une premi\u00e8re boutique \u00e0 Paris et quinze ouvertures cette ann\u00e9e, Reformation affiche&hellip;\n","protected":false},"author":2,"featured_media":517193,"comment_status":"","ping_status":"","sticky":false,"template":"","format":"standard","meta":{"footnotes":""},"categories":[1888],"tags":[11,2424,537,2423,1777,674,1011,27,8827,2425,985,12,3951,2298,626,2426,2427,8830,25,2421,2422],"class_list":{"0":"post-517192","1":"post","2":"type-post","3":"status-publish","4":"format-standard","5":"has-post-thumbnail","7":"category-paris","8":"tag-actualites","9":"tag-beaute","10":"tag-contact","11":"tag-cosmetiques","12":"tag-eu","13":"tag-europe","14":"tag-fr","15":"tag-france","16":"tag-le-bon-marche","17":"tag-luxe","18":"tag-mode","19":"tag-news","20":"tag-orleans","21":"tag-parfum","22":"tag-paris","23":"tag-professionnel","24":"tag-professionnels","25":"tag-reformation","26":"tag-republique-francaise","27":"tag-reseau","28":"tag-textile"},"share_on_mastodon":{"url":"https:\/\/pubeurope.com\/@fr\/115505848200138418","error":""},"_links":{"self":[{"href":"https:\/\/www.europesays.com\/fr\/wp-json\/wp\/v2\/posts\/517192","targetHints":{"allow":["GET"]}}],"collection":[{"href":"https:\/\/www.europesays.com\/fr\/wp-json\/wp\/v2\/posts"}],"about":[{"href":"https:\/\/www.europesays.com\/fr\/wp-json\/wp\/v2\/types\/post"}],"author":[{"embeddable":true,"href":"https:\/\/www.europesays.com\/fr\/wp-json\/wp\/v2\/users\/2"}],"replies":[{"embeddable":true,"href":"https:\/\/www.europesays.com\/fr\/wp-json\/wp\/v2\/comments?post=517192"}],"version-history":[{"count":0,"href":"https:\/\/www.europesays.com\/fr\/wp-json\/wp\/v2\/posts\/517192\/revisions"}],"wp:featuredmedia":[{"embeddable":true,"href":"https:\/\/www.europesays.com\/fr\/wp-json\/wp\/v2\/media\/517193"}],"wp:attachment":[{"href":"https:\/\/www.europesays.com\/fr\/wp-json\/wp\/v2\/media?parent=517192"}],"wp:term":[{"taxonomy":"category","embeddable":true,"href":"https:\/\/www.europesays.com\/fr\/wp-json\/wp\/v2\/categories?post=517192"},{"taxonomy":"post_tag","embeddable":true,"href":"https:\/\/www.europesays.com\/fr\/wp-json\/wp\/v2\/tags?post=517192"}],"curies":[{"name":"wp","href":"https:\/\/api.w.org\/{rel}","templated":true}]}}