{"id":517204,"date":"2025-11-07T01:40:13","date_gmt":"2025-11-07T01:40:13","guid":{"rendered":"https:\/\/www.europesays.com\/fr\/517204\/"},"modified":"2025-11-07T01:40:13","modified_gmt":"2025-11-07T01:40:13","slug":"dans-un-prestigieux-journal-britannique-jordan-bardella-demande-a-la-banque-centrale-europeenne-de-racheter-de-la-dette-francaise","status":"publish","type":"post","link":"https:\/\/www.europesays.com\/fr\/517204\/","title":{"rendered":"dans un prestigieux journal britannique, Jordan Bardella demande \u00e0 la Banque centrale europ\u00e9enne de racheter de la dette fran\u00e7aise"},"content":{"rendered":"<p>Dans une interview au magazine britannique The Economist, le pr\u00e9sident du Rassemblement National Jordan Bardella a \u00e9voqu\u00e9 un rachat de dette fran\u00e7aise par la BCE. Une faveur demand\u00e9e \u00e0 la Banque centrale europ\u00e9enne alors que son parti critique r\u00e9guli\u00e8rement les institutions europ\u00e9ennes.<\/p>\n<p>La France \u00ab\u00a0n&rsquo;\u00e9vitera pas une discussion avec la Banque centrale europ\u00e9enne\u00a0\u00bb, estime Jordan Bardella dans un entretien jeudi 6 novembre \u00e0 l&rsquo;hebdomadaire britannique <a href=\"https:\/\/www.economist.com\/europe\/2025\/11\/05\/jordan-bardella-starts-to-lay-out-his-plans\" target=\"_blank\" class=\"external_link\" rel=\"noopener\">The Economist<\/a>, o\u00f9 le pr\u00e9sident du RN sugg\u00e8re que l&rsquo;institution de Francfort \u00ab\u00a0pourrait\u00a0\u00bb racheter une partie de la dette de Paris.<\/p>\n<p>Favori des sondages \u00e0 18 mois de l&rsquo;\u00e9lection pr\u00e9sidentielle au m\u00eame titre que Marine Le Pen, Jordan Bardella se pr\u00e9pare d\u00e9j\u00e0 \u00e0 d&rsquo;\u00e2pres n\u00e9gociations avec l&rsquo;institut d&rsquo;\u00e9mission.<\/p>\n<p>\u00ab\u00a0Je pense qu&rsquo;on n&rsquo;\u00e9vitera pas une discussion avec la BCE sur la dette fran\u00e7aise\u00a0\u00bb, d\u00e9clare-t-il, jugeant que l&rsquo;institution &#8211; aujourd&rsquo;hui dirig\u00e9e par la Fran\u00e7aise Christine Lagarde &#8211; \u00ab\u00a0pourrait faire du &lsquo;quantitative easing'\u00a0\u00bb, c&rsquo;est-\u00e0-dire \u00ab\u00a0rachete(r) de la dette\u00a0\u00bb comme \u00ab\u00a0elle l&rsquo;a fait par le pass\u00e9\u00a0\u00bb.<\/p>\n<p>\u00ab\u00a0Si l&rsquo;\u00e9conomie fran\u00e7aise craque\u00a0\u00bb<\/p>\n<p>Depuis la crise financi\u00e8re de 2008 et <a href=\"https:\/\/www.bfmtv.com\/economie\/international\/le-quantitative-easing-de-la-bce-a-t-il-tenu-ses-promesses_AN-201812170202.html\" title=\"Le \u00ab quantitative easing \u00bb de la BCE a-t-il tenu ses promesses ?\" class=\"internal_link\" target=\"_blank\" rel=\"noopener\">surtout \u00e0 partir de 2015<\/a>, le BCE a en effet multipli\u00e9 les rachats d&rsquo;obligations d&rsquo;Etats europ\u00e9ens, notamment ceux en difficult\u00e9s comme la Gr\u00e8ce, jusqu&rsquo;\u00e0 en d\u00e9tenir plus de 5.000 milliards d&rsquo;euros. Un montant qui a commenc\u00e9 \u00e0 d\u00e9cro\u00eetre depuis le d\u00e9but de l&rsquo;ann\u00e9e, avec <a href=\"https:\/\/www.bfmtv.com\/economie\/economie-social\/la-bce-va-progressivement-mettre-fin-a-son-programme-de-soutien-a-l-economie_AV-201806140181.html\" title=\"La BCE va progressivement mettre fin \u00e0 son programme de soutien \u00e0 l&#039;\u00e9conomie\" class=\"internal_link\" target=\"_blank\" rel=\"noopener\">l&rsquo;arr\u00eat<\/a> de ces programmes dits \u00ab\u00a0d&rsquo;assouplissement quantitatif\u00a0\u00bb (ou \u00ab\u00a0<a href=\"https:\/\/www.bfmtv.com\/economie\/international\/le-quantitative-easing-de-la-bce-a-t-il-tenu-ses-promesses_AN-201812170202.html\" title=\"Le \u00ab quantitative easing \u00bb de la BCE a-t-il tenu ses promesses ?\" class=\"internal_link\" target=\"_blank\" rel=\"noopener\">quantitative easing<\/a>\u00ab\u00a0).<\/p>\n<p>Mais pour Jordan Bardella, la situation de la France (plus de 5% de d\u00e9ficit, plus de 115% de dette rapport\u00e9s au PIB) justifie d&rsquo;activer \u00e0 nouveau ce levier.<\/p>\n<blockquote class=\"embed embed_quote\"><p>\u00ab\u00a0Parce que \u00ab\u00a0si l&rsquo;\u00e9conomie fran\u00e7aise craque, c&rsquo;est toute la zone euro qui craque\u00a0\u00bb.<\/p><\/blockquote>\n<p>En contrepartie, le RN donne des gages, avec sa conversion en cours \u00e0 la \u00ab\u00a0r\u00e8gle d&rsquo;or\u00a0\u00bb budg\u00e9taire des 3% de d\u00e9ficit et son plan d&rsquo;\u00e9conomies drastiques de 100 milliards d&rsquo;euros en cinq ans.<\/p>\n<p>Baisser la contribution fran\u00e7aise \u00e0 l&rsquo;UE<\/p>\n<p>Un chiffrage contest\u00e9, qui repose en partie sur un rabais de la contribution vers\u00e9e \u00e0 l&rsquo;Union europ\u00e9enne, dont la hausse continue \u00ab\u00a0est une folie\u00a0\u00bb du point de vue du jeune leader d&rsquo;extr\u00eame droite.<\/p>\n<p>Pour autant \u00ab\u00a0je ne suis pas pour la sortie de l&rsquo;UE\u00a0\u00bb, assure-t-il, tout en critiquant l&rsquo;institution bruxelloise qui est \u00e0 ses yeux \u00ab\u00a0l&rsquo;amicale de d\u00e9fense des int\u00e9r\u00eats de l&rsquo;Allemagne\u00a0\u00bb.<\/p>\n<p>Malgr\u00e9 cette volont\u00e9 affich\u00e9e d&rsquo;engager le bras de fer, M. Bardella se d\u00e9crit comme un \u00ab\u00a0pragmatique en \u00e9conomie\u00a0\u00bb, qui \u00ab\u00a0essaie de d\u00e9velopper des positions qui sont plut\u00f4t pro-business\u00a0\u00bb, convaincu que \u00ab\u00a0si on ne cr\u00e9e pas de richesse, on ne pourra pas affronter le mur de la dette\u00a0\u00bb.<\/p>\n","protected":false},"excerpt":{"rendered":"Dans une interview au magazine britannique The Economist, le pr\u00e9sident du Rassemblement National Jordan Bardella a \u00e9voqu\u00e9 un&hellip;\n","protected":false},"author":2,"featured_media":517205,"comment_status":"","ping_status":"","sticky":false,"template":"","format":"standard","meta":{"footnotes":""},"categories":[1587],"tags":[11,672,1804,1805,1803,1777,674,1801,12,1802],"class_list":{"0":"post-517204","1":"post","2":"type-post","3":"status-publish","4":"format-standard","5":"has-post-thumbnail","7":"category-allemagne","8":"tag-actualites","9":"tag-allemagne","10":"tag-bundesrepublik-deutschland","11":"tag-de","12":"tag-deutschland","13":"tag-eu","14":"tag-europe","15":"tag-germany","16":"tag-news","17":"tag-republique-federale-dallemagne"},"share_on_mastodon":{"url":"https:\/\/pubeurope.com\/@fr\/115505871241076825","error":""},"_links":{"self":[{"href":"https:\/\/www.europesays.com\/fr\/wp-json\/wp\/v2\/posts\/517204","targetHints":{"allow":["GET"]}}],"collection":[{"href":"https:\/\/www.europesays.com\/fr\/wp-json\/wp\/v2\/posts"}],"about":[{"href":"https:\/\/www.europesays.com\/fr\/wp-json\/wp\/v2\/types\/post"}],"author":[{"embeddable":true,"href":"https:\/\/www.europesays.com\/fr\/wp-json\/wp\/v2\/users\/2"}],"replies":[{"embeddable":true,"href":"https:\/\/www.europesays.com\/fr\/wp-json\/wp\/v2\/comments?post=517204"}],"version-history":[{"count":0,"href":"https:\/\/www.europesays.com\/fr\/wp-json\/wp\/v2\/posts\/517204\/revisions"}],"wp:featuredmedia":[{"embeddable":true,"href":"https:\/\/www.europesays.com\/fr\/wp-json\/wp\/v2\/media\/517205"}],"wp:attachment":[{"href":"https:\/\/www.europesays.com\/fr\/wp-json\/wp\/v2\/media?parent=517204"}],"wp:term":[{"taxonomy":"category","embeddable":true,"href":"https:\/\/www.europesays.com\/fr\/wp-json\/wp\/v2\/categories?post=517204"},{"taxonomy":"post_tag","embeddable":true,"href":"https:\/\/www.europesays.com\/fr\/wp-json\/wp\/v2\/tags?post=517204"}],"curies":[{"name":"wp","href":"https:\/\/api.w.org\/{rel}","templated":true}]}}