{"id":517206,"date":"2025-11-07T01:41:19","date_gmt":"2025-11-07T01:41:19","guid":{"rendered":"https:\/\/www.europesays.com\/fr\/517206\/"},"modified":"2025-11-07T01:41:19","modified_gmt":"2025-11-07T01:41:19","slug":"en-europe-la-france-fait-moins-bien-que-chypre-et-la-pologne-coupes-deurope","status":"publish","type":"post","link":"https:\/\/www.europesays.com\/fr\/517206\/","title":{"rendered":"En Europe, la France fait moins bien que Chypre et la Pologne &#8211; Coupes d&rsquo;Europe"},"content":{"rendered":"<p>Plombant.<\/p>\n<p>Apr\u00e8s <strong>une soir\u00e9e cauchemardesque sur la sc\u00e8ne europ\u00e9enne, marqu\u00e9e par les d\u00e9faites de <a target=\"_blank\" href=\"https:\/\/www.sofoot.com\/breves\/fribourg-coule-nice\" rel=\"nofollow noopener\">Nice<\/a>, de <a target=\"_blank\" href=\"https:\/\/www.sofoot.com\/breves\/ligue-europa-lille-se-vautre-contre-letoile-rouge-de-belgrade-en-fin-de-match\" rel=\"nofollow noopener\">Lille<\/a> et de <a target=\"_blank\" href=\"https:\/\/www.sofoot.com\/articles\/ligue-europa-lol-craque-face-au-betis-dantony\" rel=\"nofollow noopener\">Lyon<\/a> en Ligue Europa,<\/strong> mais heureusement d\u2019une petite \u00e9claircie avec la victoire de <a target=\"_blank\" href=\"https:\/\/www.sofoot.com\/breves\/ligue-conference-strasbourg-domine-difficilement-hacken\" rel=\"nofollow noopener\">Strasbourg<\/a> en Ligue Conf\u00e9rence, le football fran\u00e7ais peut faire la soupe \u00e0 la grimace. R\u00e9sultat : au classement UEFA des nations pour la saison en cours,<strong> la France pointe ce jeudi soir \u00e0 la neuvi\u00e8me place, derri\u00e8re des nations comme la Pologne (septi\u00e8me) ou encore\u2026 Chypre (quatri\u00e8me)<\/strong>. Heureusement, au niveau de l\u2019indice UEFA, il n\u2019y a pas de d\u00e9gringolade, puisque la France (5\u1d49) garde une belle avance \u00e0 l\u2019indice UEFA sur les Pays-Bas, notamment parce qu\u2019aucun club n\u00e9erlandais n\u2019a gagn\u00e9 de rencontre europ\u00e9enne cette semaine contrairement aux clubs tricolores avec Monaco et Strasbourg. En revanche, l\u2019\u00e9cart avec l\u2019Allemagne, 4\u1d49, s\u2019est creus\u00e9 (+ de 8,155 points).<\/p>\n<blockquote class=\"twitter-tweet\">\n<p lang=\"fr\" dir=\"ltr\">Classement UEFA des Nations sur la saison 2025\/26 :<br \/>\n1- \ud83c\udff4\udb40\udc67\udb40\udc62\udb40\udc65\udb40\udc6e\udb40\udc67\udb40\udc7fAngleterre 9.944<br \/>\n2- \ud83c\udde9\ud83c\uddea Allemagne 8.857<br \/>\n3-\ud83c\uddea\ud83c\uddf8 Espagne 8.375<br \/>\n4- \ud83c\udde8\ud83c\uddfe Chypre 8.250<br \/>\n5- \ud83c\uddee\ud83c\uddf9 Italie 8.142<br \/>\n6- \ud83c\uddf5\ud83c\uddf9 Portugal 8.000<br \/>\n7- \ud83c\uddf5\ud83c\uddf1 Pologne 7.875<br \/>\n8- \ud83c\udde9\ud83c\uddf0 Danemark 7.625<br \/>\n9- \ud83c\uddeb\ud83c\uddf7 FRANCE 6.642<br \/>\n10- \ud83c\uddf9\ud83c\uddf7 Turquie 6.200<\/p>\n<p>\u2014 Stats Foot (@Statsdufoot) <a target=\"_blank\" href=\"https:\/\/twitter.com\/Statsdufoot\/status\/1986557984194109851?ref_src=twsrc%5Etfw\" rel=\"nofollow noopener\">November 6, 2025<\/a><\/p><\/blockquote>\n<p>Action, r\u00e9action ?<\/p>\n<p>Pour oublier ces r\u00e9sultats d\u00e9cevants, <strong>les \u00e9quipes tricolores devront rebondir lors de la prochaine journ\u00e9e de C3, le 27 novembre prochain<\/strong>. Les Aiglons, avant-derniers de la comp\u00e9tition, joueront leur survie, et surtout leur honneur, sur la pelouse du FC Porto, tandis que le LOSC croisera le fer avec le Dinamo Zagreb. De son c\u00f4t\u00e9, les Rhodaniens iront, sauf changement, en Serbie pour affronter le club isra\u00e9lien du Maccabi Tel-Aviv. Seul bon \u00e9l\u00e8ve de la soir\u00e9e, Strasbourg, seul repr\u00e9sentant fran\u00e7ais en C4, accueillera Crystal Palace.<\/p>\n<p>Il est grand temps de r\u00e9agir.<\/p>\n<p>\t\t\t\t\t\t\t\t\t\t<a class=\"lien-connexe\" href=\"https:\/\/www.sofoot.com\/breves\/ligue-europa-khalis-merah-nest-pas-inquiet-apres-la-defaite-de-lol-au-betis\" rel=\"nofollow noopener\" target=\"_blank\">Khalis Merah n&rsquo;est pas inquiet apr\u00e8s la d\u00e9faite de l&rsquo;OL au Betis<\/a>\t\t\t\t\t<script async src=\"https:\/\/platform.twitter.com\/widgets.js\" charset=\"utf-8\"><\/script><\/p>\n","protected":false},"excerpt":{"rendered":"Plombant. Apr\u00e8s une soir\u00e9e cauchemardesque sur la sc\u00e8ne europ\u00e9enne, marqu\u00e9e par les d\u00e9faites de Nice, de Lille et&hellip;\n","protected":false},"author":2,"featured_media":517207,"comment_status":"","ping_status":"","sticky":false,"template":"","format":"standard","meta":{"footnotes":""},"categories":[1586],"tags":[47,11,61,69,65,64,1777,674,63,1011,27,68,66,12,62,70,25,67],"class_list":{"0":"post-517206","1":"post","2":"type-post","3":"status-publish","4":"format-standard","5":"has-post-thumbnail","7":"category-europe","8":"tag-actualite","9":"tag-actualites","10":"tag-actus-football","11":"tag-bundesliga","12":"tag-championnats-europeens","13":"tag-equipe-de-france","14":"tag-eu","15":"tag-europe","16":"tag-football","17":"tag-fr","18":"tag-france","19":"tag-ligua","20":"tag-ligue-1","21":"tag-news","22":"tag-news-foot","23":"tag-premier-league","24":"tag-republique-francaise","25":"tag-serie-a"},"share_on_mastodon":{"url":"https:\/\/pubeurope.com\/@fr\/115505875067340092","error":""},"_links":{"self":[{"href":"https:\/\/www.europesays.com\/fr\/wp-json\/wp\/v2\/posts\/517206","targetHints":{"allow":["GET"]}}],"collection":[{"href":"https:\/\/www.europesays.com\/fr\/wp-json\/wp\/v2\/posts"}],"about":[{"href":"https:\/\/www.europesays.com\/fr\/wp-json\/wp\/v2\/types\/post"}],"author":[{"embeddable":true,"href":"https:\/\/www.europesays.com\/fr\/wp-json\/wp\/v2\/users\/2"}],"replies":[{"embeddable":true,"href":"https:\/\/www.europesays.com\/fr\/wp-json\/wp\/v2\/comments?post=517206"}],"version-history":[{"count":0,"href":"https:\/\/www.europesays.com\/fr\/wp-json\/wp\/v2\/posts\/517206\/revisions"}],"wp:featuredmedia":[{"embeddable":true,"href":"https:\/\/www.europesays.com\/fr\/wp-json\/wp\/v2\/media\/517207"}],"wp:attachment":[{"href":"https:\/\/www.europesays.com\/fr\/wp-json\/wp\/v2\/media?parent=517206"}],"wp:term":[{"taxonomy":"category","embeddable":true,"href":"https:\/\/www.europesays.com\/fr\/wp-json\/wp\/v2\/categories?post=517206"},{"taxonomy":"post_tag","embeddable":true,"href":"https:\/\/www.europesays.com\/fr\/wp-json\/wp\/v2\/tags?post=517206"}],"curies":[{"name":"wp","href":"https:\/\/api.w.org\/{rel}","templated":true}]}}