{"id":517215,"date":"2025-11-07T01:48:17","date_gmt":"2025-11-07T01:48:17","guid":{"rendered":"https:\/\/www.europesays.com\/fr\/517215\/"},"modified":"2025-11-07T01:48:17","modified_gmt":"2025-11-07T01:48:17","slug":"pierre-mignoni-raconte-les-retours-de-charles-ollivon-et-gael-drean-a-toulon","status":"publish","type":"post","link":"https:\/\/www.europesays.com\/fr\/517215\/","title":{"rendered":"Pierre Mignoni raconte les retours de Charles Ollivon et Ga\u00ebl Dr\u00e9an \u00e0 Toulon"},"content":{"rendered":"<p>Excellente nouvelle pour le Rugby Club Toulonnais.<\/p>\n<p>Le troisi\u00e8me ligne Charles Ollivon et l\u2019ailier Ga\u00ebl Dr\u00e9an ont \u00e9t\u00e9 lib\u00e9r\u00e9s par le s\u00e9lectionneur Fran\u00e7ais Fabien Galthi\u00e9.<\/p>\n<p>Les deux Varois n\u2019affronteront donc pas les Springboks avec le XV de France mais pourront postuler pour le match du RCT contre le Stade Rochelais, programm\u00e9 ce samedi apr\u00e8s-midi au Stade Mayol.<\/p>\n<p><strong>Interrog\u00e9 en conf\u00e9rence de presse, le manager Toulonnais Pierre Mignoni a exprim\u00e9 sa satisfaction. Extrait:<\/strong><\/p>\n<p>\u00ab\u00a0Nous sommes contents. Avec Charles Ollivon, on r\u00e9cup\u00e8re du leadership. Il a besoin de jouer. Pour lui, \u00e7a sera un grand match. Ga\u00ebl Dr\u00e9an est dans la continuit\u00e9. C\u2019est \u00e9galement une bonne chose pour nous.\u00a0\u00bb<\/p>\n<p><strong>Dans la foul\u00e9e, Pierre Mignoni a indiqu\u00e9 que Ga\u00ebl Dr\u00e9an \u00e9tait clairement conscient de ce qu\u2019il lui manquait pour pouvoir enfin d\u00e9crocher une premi\u00e8re s\u00e9lection en \u00e9quipe de France. Extrait:<\/strong><\/p>\n<p>\u00ab\u00a0Il n\u2019est pas dupe. Il sait les joueurs qui ont une longueur d\u2019avance sur lui. Ce sont des joueurs \u00e0 plusieurs capes. Tous les week-ends, il r\u00e9pond pr\u00e9sent. Ce samedi, cela sera un beau challenge pour lui, notamment dans le jeu a\u00e9rien, un gros match, une occasion de se montrer. <\/p>\n<p>Pour l\u2019instant, il attend son heure. \u00c0 mon avis, il aura au moins une chance. Je l\u2019esp\u00e8re en tout cas. C\u2019est au s\u00e9lectionneur de d\u00e9cider. Pour r\u00e9pondre \u00e0 votre question, il n\u2019est pas d\u00e9\u00e7u ni au fond du seau. Il savait qu\u2019il allait revenir.\u00a0\u00bb<\/p>\n","protected":false},"excerpt":{"rendered":"Excellente nouvelle pour le Rugby Club Toulonnais. Le troisi\u00e8me ligne Charles Ollivon et l\u2019ailier Ga\u00ebl Dr\u00e9an ont \u00e9t\u00e9&hellip;\n","protected":false},"author":2,"featured_media":337340,"comment_status":"","ping_status":"","sticky":false,"template":"","format":"standard","meta":{"footnotes":""},"categories":[1416],"tags":[1011,27,479,1468,60],"class_list":{"0":"post-517215","1":"post","2":"type-post","3":"status-publish","4":"format-standard","5":"has-post-thumbnail","7":"category-rugby","8":"tag-fr","9":"tag-france","10":"tag-rugby","11":"tag-rugby-football","12":"tag-sports"},"share_on_mastodon":{"url":"https:\/\/pubeurope.com\/@fr\/115505902612579393","error":""},"_links":{"self":[{"href":"https:\/\/www.europesays.com\/fr\/wp-json\/wp\/v2\/posts\/517215","targetHints":{"allow":["GET"]}}],"collection":[{"href":"https:\/\/www.europesays.com\/fr\/wp-json\/wp\/v2\/posts"}],"about":[{"href":"https:\/\/www.europesays.com\/fr\/wp-json\/wp\/v2\/types\/post"}],"author":[{"embeddable":true,"href":"https:\/\/www.europesays.com\/fr\/wp-json\/wp\/v2\/users\/2"}],"replies":[{"embeddable":true,"href":"https:\/\/www.europesays.com\/fr\/wp-json\/wp\/v2\/comments?post=517215"}],"version-history":[{"count":0,"href":"https:\/\/www.europesays.com\/fr\/wp-json\/wp\/v2\/posts\/517215\/revisions"}],"wp:featuredmedia":[{"embeddable":true,"href":"https:\/\/www.europesays.com\/fr\/wp-json\/wp\/v2\/media\/337340"}],"wp:attachment":[{"href":"https:\/\/www.europesays.com\/fr\/wp-json\/wp\/v2\/media?parent=517215"}],"wp:term":[{"taxonomy":"category","embeddable":true,"href":"https:\/\/www.europesays.com\/fr\/wp-json\/wp\/v2\/categories?post=517215"},{"taxonomy":"post_tag","embeddable":true,"href":"https:\/\/www.europesays.com\/fr\/wp-json\/wp\/v2\/tags?post=517215"}],"curies":[{"name":"wp","href":"https:\/\/api.w.org\/{rel}","templated":true}]}}