{"id":517218,"date":"2025-11-07T01:53:16","date_gmt":"2025-11-07T01:53:16","guid":{"rendered":"https:\/\/www.europesays.com\/fr\/517218\/"},"modified":"2025-11-07T01:53:16","modified_gmt":"2025-11-07T01:53:16","slug":"une-n2-pour-alexandre-desroches-actualite","status":"publish","type":"post","link":"https:\/\/www.europesays.com\/fr\/517218\/","title":{"rendered":"Une N2 pour Alexandre Desroches &#8211; Actualit\u00e9"},"content":{"rendered":"<p>                                                                    <img decoding=\"async\" src=\"https:\/\/www.europesays.com\/fr\/wp-content\/uploads\/2025\/11\/690d04c26e984.jpeg\" height=\"auto\" loading=\"lazy\"\/><br \/>\n                                                                    Cr\u00e9dit photo Elise Chauveau<\/p>\n<p class=\"images-caption\">Cr\u00e9dit photo Elise Chauveau<\/p>\n<p class=\"metadata\">\n            Par<br \/>\n        <strong class=\"text-black\">    <a href=\"https:\/\/www.directvelo.com\/auteur\/2\/nicolas-gachet\" class=\"hover-underline\" rel=\"author noopener\" target=\"_blank\">NICOLAS GACHET<\/a><br \/>\n<\/strong><br \/>\n                    <br \/>Le<br \/>\n    6 novembre 2025, 21:27<\/p>\n<p style=\"text-align: justify;\">Alexandre Desroches va conna\u00eetre un nouveau club en 2026. Apr\u00e8s trois ann\u00e9es chez Hexagone-Corbas Lyon M\u00e9tropole, il s&rsquo;est engag\u00e9 pour la saison prochaine avec l&rsquo;UC P\u00e9lussin Loire Pilat.<\/p>\n<p>Le coureur de 27 ans a termin\u00e9 cette ann\u00e9e 3e du Grand Prix de Longes, 5e du Grand Prix de Gleiz\u00e9 et du Prix de P\u00e9lussin ou encore 17e du Circuit Boussaquin.<\/p>\n<p>L&rsquo;ancien coureur du VC Villefranche Beaujolais est<strong>\u00a0<a href=\"https:\/\/www.directvelo.com\/equipe\/196\/uc-pelussin-loire-pilat\" target=\"_blank\" rel=\"noopener\">la sixi\u00e8me et derni\u00e8re recrue<\/a> <\/strong>du club de N2.<\/p>\n<p>Retrouvez toutes les mutations de l&rsquo;intersaison 2025-2026\u00a0<a href=\"https:\/\/www.directvelo.com\/mutations\/2026#amateur-dn3\" target=\"_blank\" rel=\"noopener\"><strong>en cliquant ici<\/strong><\/a>.<\/p>\n<p>            En savoir plus : coureurs et \u00e9quipes associ\u00e9s<\/p>\n<p>                Coureurs<\/p>\n<p>                    <img decoding=\"async\" src=\"https:\/\/www.europesays.com\/fr\/wp-content\/uploads\/2025\/11\/63fe7abf1335d.jpg\" height=\"auto\" loading=\"lazy\"\/><\/p>\n<p>                            Portrait de Alexandre DESROCHES<\/p>\n<p>                \u00c9quipes<\/p>\n","protected":false},"excerpt":{"rendered":"Cr\u00e9dit photo Elise Chauveau Cr\u00e9dit photo Elise Chauveau Par NICOLAS GACHET Le 6 novembre 2025, 21:27 Alexandre Desroches&hellip;\n","protected":false},"author":2,"featured_media":517219,"comment_status":"","ping_status":"","sticky":false,"template":"","format":"standard","meta":{"footnotes":""},"categories":[1411],"tags":[834,828,836,829,837,827,83,826,824,823,1154,207,814,817,815,816,822,821,832,211,839,1011,27,820,818,819,835,831,830,833,838,60,212,208,825],"class_list":{"0":"post-517218","1":"post","2":"type-post","3":"status-publish","4":"format-standard","5":"has-post-thumbnail","7":"category-cyclisme","8":"tag-attaque","9":"tag-belgique","10":"tag-braquet","11":"tag-bretagne","12":"tag-chute","13":"tag-competition","14":"tag-coupe-de-france","15":"tag-coureur","16":"tag-course-cyclisme","17":"tag-course-cycliste","18":"tag-cycling","19":"tag-cyclisme","20":"tag-direct","21":"tag-direct-velo","22":"tag-directvelo","23":"tag-directvelo-com","24":"tag-epreuve","25":"tag-epreuve-cycliste","26":"tag-federation-francaise-de-cyclisme","27":"tag-ffc","28":"tag-flandres","29":"tag-fr","30":"tag-france","31":"tag-live","32":"tag-live-course","33":"tag-live-epreuve","34":"tag-peloton","35":"tag-radio-peloton","36":"tag-radio-tour","37":"tag-ravitaillement","38":"tag-relance","39":"tag-sports","40":"tag-uci","41":"tag-velo","42":"tag-velos"},"share_on_mastodon":{"url":"https:\/\/pubeurope.com\/@fr\/115505922879246138","error":""},"_links":{"self":[{"href":"https:\/\/www.europesays.com\/fr\/wp-json\/wp\/v2\/posts\/517218","targetHints":{"allow":["GET"]}}],"collection":[{"href":"https:\/\/www.europesays.com\/fr\/wp-json\/wp\/v2\/posts"}],"about":[{"href":"https:\/\/www.europesays.com\/fr\/wp-json\/wp\/v2\/types\/post"}],"author":[{"embeddable":true,"href":"https:\/\/www.europesays.com\/fr\/wp-json\/wp\/v2\/users\/2"}],"replies":[{"embeddable":true,"href":"https:\/\/www.europesays.com\/fr\/wp-json\/wp\/v2\/comments?post=517218"}],"version-history":[{"count":0,"href":"https:\/\/www.europesays.com\/fr\/wp-json\/wp\/v2\/posts\/517218\/revisions"}],"wp:featuredmedia":[{"embeddable":true,"href":"https:\/\/www.europesays.com\/fr\/wp-json\/wp\/v2\/media\/517219"}],"wp:attachment":[{"href":"https:\/\/www.europesays.com\/fr\/wp-json\/wp\/v2\/media?parent=517218"}],"wp:term":[{"taxonomy":"category","embeddable":true,"href":"https:\/\/www.europesays.com\/fr\/wp-json\/wp\/v2\/categories?post=517218"},{"taxonomy":"post_tag","embeddable":true,"href":"https:\/\/www.europesays.com\/fr\/wp-json\/wp\/v2\/tags?post=517218"}],"curies":[{"name":"wp","href":"https:\/\/api.w.org\/{rel}","templated":true}]}}