{"id":517222,"date":"2025-11-07T01:55:12","date_gmt":"2025-11-07T01:55:12","guid":{"rendered":"https:\/\/www.europesays.com\/fr\/517222\/"},"modified":"2025-11-07T01:55:12","modified_gmt":"2025-11-07T01:55:12","slug":"eric-dupond-moretti-raconte-les-dessous-de-sa-bagarre-au-resto-avec-christian-estrosi-et-on-sy-croirait","status":"publish","type":"post","link":"https:\/\/www.europesays.com\/fr\/517222\/","title":{"rendered":"Eric Dupond-Moretti raconte les dessous de sa bagarre au resto avec Christian Estrosi et on s\u2019y croirait !"},"content":{"rendered":"<p>Eric Dupond-Moretti, connu pour son franc-parler et son parcours<br \/>\nde t\u00e9nor du barreau devenu ministre, a r\u00e9cemment fait parler de lui<br \/>\npour <strong>une raison bien particuli\u00e8re.<\/strong> L\u2019incident, qui<br \/>\ns\u2019est produit le 22 octobre au restaurant La Petite Maison, a<br \/>\noppos\u00e9 l\u2019ex-garde des Sceaux au maire de Nice, Christian Estrosi,<br \/>\nen pleine campagne municipale.<\/p>\n<p>Au cours de cette soir\u00e9e, <a href=\"https:\/\/www.closermag.fr\/politique\/je-vais-ten-coller-une-eric-dupond-moretti-et-christian-estrosi-manquent-den-venir-aux-mains-dans-un-resto-a-nice-3590047\" target=\"_blank\" rel=\"noopener\"><br \/>\nla tension d\u00e9j\u00e0 palpable<\/a> entre les deux hommes. Exacerb\u00e9e par<br \/>\nles critiques d&rsquo;Eric Dupond-Moretti envers Christian Estrosi (\u00ab\u00a0l\u2019un<br \/>\ndes pires courtisans que j\u2019ai jamais rencontr\u00e9s\u00a0\u00bb), elle a culmin\u00e9<br \/>\nlorsque ce dernier a interpell\u00e9 son rival. Il n&rsquo;a pas h\u00e9site \u00e0 le<br \/>\nnommer <strong>\u00ab\u00a0intermittent du spectacle\u00a0\u00bb<\/strong>.<\/p>\n<p>La bagarre manque de virer au scandale<\/p>\n<p>Eric Dupond-Moretti, loin de se laisser intimider, a r\u00e9pliqu\u00e9<br \/>\navec humour mais fermet\u00e9 : \u00ab\u00a0Toi, t\u2019es pas un intermittent de la<br \/>\nconnerie. C\u2019est du temps plein quoi, voyez ce que je veux dire<br \/>\n!\u00a0\u00bb. La joute verbale a d\u00e9g\u00e9n\u00e9r\u00e9 lorsque, selon les<br \/>\nt\u00e9moignages, Christian Estrosi aurait d\u00e9clar\u00e9 : <strong>\u00ab\u00a0Je te<br \/>\ncasserais bien la gueule\u00a0\u00bb.<\/strong> <a href=\"https:\/\/www.closermag.fr\/politique\/mon-amour-eric-dupond-moretti-ne-peut-dissimuler-sa-gene-en-evoquant-sa-compagne-isabelle-boulay-3514237\" target=\"_blank\" rel=\"noopener\"><br \/>\nEric Dupond-Moretti<\/a> lui lance alors l\u2019invitation qui fait date<br \/>\n: \u00ab\u00a0Viens\u00a0\u00bb.<\/p>\n<p>Finalement, le duel <strong>n\u2019aura pas lieu,<\/strong> chacun se<br \/>\nf\u00e9licitant a posteriori de cette issue. Mais l\u2019ambiance \u00e9tait telle<br \/>\nque les spectateurs du restaurant ont pu s\u2019imaginer assister \u00e0 la<br \/>\nsc\u00e8ne en direct.<\/p>\n<blockquote class=\"instagram-media\" style=\"background: #ffffff;border: 0;margin: 1px;width: 100%;padding: 0;max-width: 500px;\" data-instgrm-permalink=\"https:\/\/www.instagram.com\/reel\/DQpGXdNFxKQ\/?utm_source=ig_web_copy_link\" data-instgrm-version=\"14\"\/><p>\nDuel de versions et charge<br \/>\npolitique<\/p>\n<p>L\u2019histoire ne s\u2019arr\u00eate pas l\u00e0 : chacun des protagonistes a livr\u00e9<br \/>\nsa version de l\u2019accrochage, magnifiant son r\u00f4le dans l\u2019altercation.<br \/>\nInvit\u00e9 sur le plateau de Cyril Hanouna dans l\u2019\u00e9mission Tout<br \/>\nbeau tout neuf, Christian Estrosi n\u2019a pas manqu\u00e9 d\u2019ajouter sa<br \/>\ntouche. Selon lui, le t\u00e9nor aurait fait preuve de <strong>\u00ab\u00a0marque<br \/>\nde faiblesse\u00a0\u00bb<\/strong> ce jour-l\u00e0, et son propre geste de saluer un<br \/>\nautre convive aurait suffi \u00e0 d\u00e9clencher la col\u00e8re de l\u2019ancien<br \/>\nministre.<\/p>\n<p>Les versions diff\u00e8rent \u00e9galement sur les phrases exactes<br \/>\nprononc\u00e9es lors du face-\u00e0-face, certains journaux \u00e9voquant un<br \/>\n\u00ab\u00a0Je vais t\u2019en coller une\u00a0\u00bb attribu\u00e9 au maire et une<br \/>\nproposition de sortie pour en d\u00e9coudre de la part de Eric<br \/>\nDupond-Moretti. <a href=\"https:\/\/www.closermag.fr\/people\/laura-tenoudji-et-christian-estrosi-en-garde-a-vue-le-couple-trempe-dans-un-scandale-poisseux-3559737\" target=\"_blank\" rel=\"noopener\"><br \/>\nL\u2019\u00e9dile ni\u00e7ois, accompagn\u00e9 de son \u00e9pouse<\/a>, aurait ainsi quitt\u00e9<br \/>\nla salle en lan\u00e7ant une derni\u00e8re provocation : \u00ab\u00a0<strong>Tu<br \/>\nseras bient\u00f4t OQTF<\/strong> \u00e0 Nice !\u00a0\u00bb, ajoutant \u00e0 la<br \/>\ndramaturgie d\u2019une s\u00e9quence tr\u00e8s politique.<\/p>\n<p><script async src=\"\/\/www.instagram.com\/embed.js\"><\/script><\/p>\n","protected":false},"excerpt":{"rendered":"Eric Dupond-Moretti, connu pour son franc-parler et son parcours de t\u00e9nor du barreau devenu ministre, a r\u00e9cemment fait&hellip;\n","protected":false},"author":2,"featured_media":517223,"comment_status":"","ping_status":"","sticky":false,"template":"","format":"standard","meta":{"footnotes":""},"categories":[1359],"tags":[58,59,10222,1011,27,973],"class_list":{"0":"post-517222","1":"post","2":"type-post","3":"status-publish","4":"format-standard","5":"has-post-thumbnail","7":"category-people","8":"tag-divertissement","9":"tag-entertainment","10":"tag-eric-dupond-moretti","11":"tag-fr","12":"tag-france","13":"tag-people"},"share_on_mastodon":{"url":"https:\/\/pubeurope.com\/@fr\/115505930237105153","error":""},"_links":{"self":[{"href":"https:\/\/www.europesays.com\/fr\/wp-json\/wp\/v2\/posts\/517222","targetHints":{"allow":["GET"]}}],"collection":[{"href":"https:\/\/www.europesays.com\/fr\/wp-json\/wp\/v2\/posts"}],"about":[{"href":"https:\/\/www.europesays.com\/fr\/wp-json\/wp\/v2\/types\/post"}],"author":[{"embeddable":true,"href":"https:\/\/www.europesays.com\/fr\/wp-json\/wp\/v2\/users\/2"}],"replies":[{"embeddable":true,"href":"https:\/\/www.europesays.com\/fr\/wp-json\/wp\/v2\/comments?post=517222"}],"version-history":[{"count":0,"href":"https:\/\/www.europesays.com\/fr\/wp-json\/wp\/v2\/posts\/517222\/revisions"}],"wp:featuredmedia":[{"embeddable":true,"href":"https:\/\/www.europesays.com\/fr\/wp-json\/wp\/v2\/media\/517223"}],"wp:attachment":[{"href":"https:\/\/www.europesays.com\/fr\/wp-json\/wp\/v2\/media?parent=517222"}],"wp:term":[{"taxonomy":"category","embeddable":true,"href":"https:\/\/www.europesays.com\/fr\/wp-json\/wp\/v2\/categories?post=517222"},{"taxonomy":"post_tag","embeddable":true,"href":"https:\/\/www.europesays.com\/fr\/wp-json\/wp\/v2\/tags?post=517222"}],"curies":[{"name":"wp","href":"https:\/\/api.w.org\/{rel}","templated":true}]}}