{"id":517224,"date":"2025-11-07T01:56:21","date_gmt":"2025-11-07T01:56:21","guid":{"rendered":"https:\/\/www.europesays.com\/fr\/517224\/"},"modified":"2025-11-07T01:56:21","modified_gmt":"2025-11-07T01:56:21","slug":"les-realisations-nommees-a-lequerre-dargent-2025-categorie-lieux-dactivites","status":"publish","type":"post","link":"https:\/\/www.europesays.com\/fr\/517224\/","title":{"rendered":"Les r\u00e9alisations nomm\u00e9es \u00e0 l&rsquo;\u00c9querre d&rsquo;argent 2025, cat\u00e9gorie Lieux d\u2019activit\u00e9s"},"content":{"rendered":"<p>\t<strong>Les nomm\u00e9s de la cat\u00e9gorie Lieux d&rsquo;activit\u00e9s :<\/strong><\/p>\n<ul>\n<li>\n\t\t\tBureaux pour une association \u00e0 Villers-l\u00e8s-Nancy (Meurthe-et-Moselle)<\/li>\n<\/ul>\n<p style=\"margin-left: 40px;\">\n\t\t<strong>Ma\u00eetrise d\u2019ouvrage :<\/strong>\u00a0Ville &amp; Services<br \/><strong>Architecte :\u00a0<\/strong>Gens<\/p>\n<ul>\n<li>\n\t\t\tBureaux et logements \u00e0 Nantes (Loire-Atlantique)<\/li>\n<\/ul>\n<p style=\"margin-left: 40px;\">\n\t\t<strong>Ma\u00eetrise d\u2019ouvrage :<\/strong>\u00a0Quartus<br \/><strong>Architectes :<\/strong>\u00a0Alexandre Chemetoff \u2013 Bureau des paysages<\/p>\n<ul>\n<li>\n\t\t\tSerres pour un jardin botanique \u00e0 Besan\u00e7on (Doubs)<\/li>\n<\/ul>\n<p style=\"margin-left: 40px;\">\n\t\t<strong>Ma\u00eetrise d\u2019ouvrage :<\/strong>\u00a0Mairie de Besan\u00e7on<br \/><strong>Architectes :<\/strong>\u00a0<strong><a href=\"https:\/\/www.amc-archi.com\/article\/philippe-rizzotti-architecte,4653?preview=11\" target=\"_blank\" rel=\"noopener\">Philippe\u00a0Rizzotti<\/a><\/strong><\/p>\n<ul>\n<li>\n\t\t\tR\u00e9habilitation d\u2019un b\u00e2timent en tiers-lieu \u00e0 Vannes (Morbihan)<\/li>\n<\/ul>\n<p style=\"margin-left: 40px;\">\n\t\t<strong>Ma\u00eetrise d\u2019ouvrage :<\/strong>\u00a0SCI\u00a0Pasith\u00e9a<br \/><strong>Architecte :<\/strong>\u00a0<strong><a href=\"https:\/\/www.amc-archi.com\/photos\/l-agence-office-zola-de-laure-gahery-et-edouard-guyard-en-projets,92971\/phare-office-zola-geneve-s.1\" target=\"_blank\" rel=\"noopener\">Office Zola<\/a><\/strong><\/p>\n<p>\n\t\u00a0<\/p>\n","protected":false},"excerpt":{"rendered":"Les nomm\u00e9s de la cat\u00e9gorie Lieux d&rsquo;activit\u00e9s : Bureaux pour une association \u00e0 Villers-l\u00e8s-Nancy (Meurthe-et-Moselle) Ma\u00eetrise d\u2019ouvrage :\u00a0Ville&hellip;\n","protected":false},"author":2,"featured_media":517225,"comment_status":"","ping_status":"","sticky":false,"template":"","format":"standard","meta":{"footnotes":""},"categories":[1358],"tags":[1348,1384,1385,7655,1386,58,59,1011,27,10486,16025,63033],"class_list":{"0":"post-517224","1":"post","2":"type-post","3":"status-publish","4":"format-standard","5":"has-post-thumbnail","7":"category-arts-et-design","8":"tag-arts","9":"tag-arts-and-design","10":"tag-arts-et-design","11":"tag-bureaux","12":"tag-design","13":"tag-divertissement","14":"tag-entertainment","15":"tag-fr","16":"tag-france","17":"tag-galerie","18":"tag-parking","19":"tag-u00c9querre-dargent"},"share_on_mastodon":{"url":"https:\/\/pubeurope.com\/@fr\/115505934074846680","error":""},"_links":{"self":[{"href":"https:\/\/www.europesays.com\/fr\/wp-json\/wp\/v2\/posts\/517224","targetHints":{"allow":["GET"]}}],"collection":[{"href":"https:\/\/www.europesays.com\/fr\/wp-json\/wp\/v2\/posts"}],"about":[{"href":"https:\/\/www.europesays.com\/fr\/wp-json\/wp\/v2\/types\/post"}],"author":[{"embeddable":true,"href":"https:\/\/www.europesays.com\/fr\/wp-json\/wp\/v2\/users\/2"}],"replies":[{"embeddable":true,"href":"https:\/\/www.europesays.com\/fr\/wp-json\/wp\/v2\/comments?post=517224"}],"version-history":[{"count":0,"href":"https:\/\/www.europesays.com\/fr\/wp-json\/wp\/v2\/posts\/517224\/revisions"}],"wp:featuredmedia":[{"embeddable":true,"href":"https:\/\/www.europesays.com\/fr\/wp-json\/wp\/v2\/media\/517225"}],"wp:attachment":[{"href":"https:\/\/www.europesays.com\/fr\/wp-json\/wp\/v2\/media?parent=517224"}],"wp:term":[{"taxonomy":"category","embeddable":true,"href":"https:\/\/www.europesays.com\/fr\/wp-json\/wp\/v2\/categories?post=517224"},{"taxonomy":"post_tag","embeddable":true,"href":"https:\/\/www.europesays.com\/fr\/wp-json\/wp\/v2\/tags?post=517224"}],"curies":[{"name":"wp","href":"https:\/\/api.w.org\/{rel}","templated":true}]}}