{"id":517226,"date":"2025-11-07T01:58:18","date_gmt":"2025-11-07T01:58:18","guid":{"rendered":"https:\/\/www.europesays.com\/fr\/517226\/"},"modified":"2025-11-07T01:58:18","modified_gmt":"2025-11-07T01:58:18","slug":"muriel-est-innocentee-du-meurtre-deliott-kira-subit-une-deconvenue-le-resume-de-lepisode-1788-du-vendredi-7-novembre-2025","status":"publish","type":"post","link":"https:\/\/www.europesays.com\/fr\/517226\/","title":{"rendered":"Muriel est innocent\u00e9e du meurtre d&rsquo;Eliott, Kira subit une d\u00e9convenue&#8230; Le r\u00e9sum\u00e9 de l&rsquo;\u00e9pisode 1788 du vendredi 7 novembre 2025"},"content":{"rendered":"<p>Dans l\u2019\u00e9pisode 1788 d&rsquo;Un si grand soleil diffus\u00e9 ce vendredi 7 novembre 2025 sur France 3, Alex poursuit son enqu\u00eate sur le meurtre d&rsquo;Eliott et d\u00e9couvre un nouvel \u00e9l\u00e9ment d\u00e9terminant. Kira propose un article mais Marie-Sophie n&rsquo;est pas enthousiaste.<\/p>\n<p><b>Vendredi 7\u00a0novembre 2025, dans l\u2019\u00e9pisode 1786 d&rsquo;<\/b><b>Un si grand soleil<\/b><b> diffus\u00e9 sur France 3 \u00e0 partir de 20h45<\/b>, qui accueillera bient\u00f4t <a href=\"https:\/\/www.programme-tv.net\/news\/series-tv\/390185-un-si-grand-soleil-apres-l-arret-des-mysteres-de-l-amour-patrick-puydebat-bientot-dans-le-feuilleton-de-france-3\/\" data-api-deeplink=\"teleloisirs:\/\/news\/390185\" target=\"_blank\" rel=\"noopener\">une star des Myst\u00e8res de l&rsquo;amour<\/a>&#8230; Le propri\u00e9taire du scooter vol\u00e9 a \u00e9t\u00e9 interrog\u00e9 par Manu et a formellement identifi\u00e9 Franz Muller comme \u00e9tant le voleur. Manu en fait part \u00e0 Alex qui lui annonce que le dispositif de surveillance de Nathalie Gimenez est sur le point d&rsquo;\u00eatre all\u00e9g\u00e9. Manu demande \u00e0 son coll\u00e8gue de convaincre Becker de maintenir le dispositif.<\/p>\n<p>Un si grand soleil en avance : Une vid\u00e9o innocente Muriel du meurtre d&rsquo;\u00c9liott<\/p>\n<p>Dans le bureau du juge Laplace, Boris r\u00e9p\u00e8te qu&rsquo;il a bien tu\u00e9 \u00c9liott et que Muriel (jou\u00e9e par <a href=\"https:\/\/www.programme-tv.net\/news\/series-tv\/390780-un-si-grand-soleil-je-suis-triste-lou-kuma-kudi-muriel-reagit-a-la-mort-d-eliott-et-au-depart-de-stephane-monpetit\/\" data-api-deeplink=\"teleloisirs:\/\/news\/390780\" target=\"_blank\" rel=\"noopener\">Lou Kuma Kudi \u00e9mue du d\u00e9part de St\u00e9phane Monpetit<\/a>) ment pour le prot\u00e9ger. Le juge annonce \u00e0 Boris qu&rsquo;il va \u00eatre mis en d\u00e9tention. Laplace se rend ensuite au commissariat et indique \u00e0 Alex qu&rsquo;il ne croit pas non plus aux r\u00e9cits respectifs de Muriel et Boris \u00e0 propos de la mort d&rsquo;\u00c9liott. Il esp\u00e8re que la d\u00e9tention de Boris va les pousser \u00e0 dire la v\u00e9rit\u00e9. Johanna tient Muriel au courant de toute la situation. Au lyc\u00e9e, \u00c8ve fait part \u00e0 une Sabine sceptique, du fait qu&rsquo;elle soup\u00e7onne Muriel d&rsquo;avoir pu tuer \u00c9liott. \u00c8ve envisage d&rsquo;aller voir un avocat pour r\u00e9cup\u00e9rer la garde de Toma. Alex retourne dans la planque d&rsquo;\u00c9liott \u00e0 la recherche d&rsquo;un nouvel indice. Il discute ensuite avec des skateurs qui se filment en face de l&rsquo;entr\u00e9e du hangar. Muriel appara\u00eet sur une de leurs vid\u00e9os, et l&rsquo;horaire prouve qu&rsquo;elle n&rsquo;a pas pu tuer \u00c9liott.<\/p>\n<p>Catherine rend visite \u00e0 Muriel pour la pousser \u00e0 dire la v\u00e9rit\u00e9 afin que Boris soit lib\u00e9r\u00e9. Muriel a beau r\u00e9p\u00e9ter \u00e0 Catherine qu&rsquo;elle n&rsquo;a pas tu\u00e9 \u00c9liott, la femme d&rsquo;affaires ne la croit pas et lui propose de lui payer les meilleurs avocats pour la d\u00e9fendre si elle se d\u00e9nonce. Muriel lui demande de quitter son appartement.<\/p>\n<p>Un si grand soleil en avance\u00a0: Pour Kira, c&rsquo;est la douche froide<\/p>\n<p><a href=\"https:\/\/www.programme-tv.net\/news\/series-tv\/326567-un-si-grand-soleil-les-scenes-au-midi-libre-avec-marc-cesar-meric-sont-elles-vraiment-tournees-dans-les-locaux-du-journal-video\/\" data-api-deeplink=\"teleloisirs:\/\/news\/326567\" target=\"_blank\" rel=\"noopener\">\u00c0 la r\u00e9daction du Midi libre<\/a>, Kira et Marc discutent d&rsquo;un sujet autour du BTP. En parall\u00e8le, Kira se met \u00e0 \u00e9crire un article pour d\u00e9noncer le racisme dont elle a \u00e9t\u00e9 victime au restaurant. Kira envoie son papier \u00e0 Marc et Marie-Sophie qui, apr\u00e8s l&rsquo;avoir lu, lui explique que ce n&rsquo;est pas un travail de journaliste et qu&rsquo;il faut qu&rsquo;elle fasse un vrai travail d&rsquo;enqu\u00eate. Au caf\u00e9, Kira et Pascal parlent du papier de la jeune femme et il l&rsquo;encourage \u00e0 le publier sur les r\u00e9seaux sociaux.<\/p>\n","protected":false},"excerpt":{"rendered":"Dans l\u2019\u00e9pisode 1788 d&rsquo;Un si grand soleil diffus\u00e9 ce vendredi 7 novembre 2025 sur France 3, Alex poursuit&hellip;\n","protected":false},"author":2,"featured_media":517227,"comment_status":"","ping_status":"","sticky":false,"template":"","format":"standard","meta":{"footnotes":""},"categories":[1356],"tags":[244,58,59,1011,27,876,252,1364,9766,26118,26117],"class_list":{"0":"post-517226","1":"post","2":"type-post","3":"status-publish","4":"format-standard","5":"has-post-thumbnail","7":"category-television","8":"tag-commentaire","9":"tag-divertissement","10":"tag-entertainment","11":"tag-fr","12":"tag-france","13":"tag-france-3","14":"tag-television","15":"tag-tv","16":"tag-un-si-grand-soleil","17":"tag-un-si-grand-soleil-ru00e9sumu00e9","18":"tag-un-si-grand-soleil-ru00e9sumu00e9-en-avance"},"share_on_mastodon":{"url":"https:\/\/pubeurope.com\/@fr\/115505941941256653","error":""},"_links":{"self":[{"href":"https:\/\/www.europesays.com\/fr\/wp-json\/wp\/v2\/posts\/517226","targetHints":{"allow":["GET"]}}],"collection":[{"href":"https:\/\/www.europesays.com\/fr\/wp-json\/wp\/v2\/posts"}],"about":[{"href":"https:\/\/www.europesays.com\/fr\/wp-json\/wp\/v2\/types\/post"}],"author":[{"embeddable":true,"href":"https:\/\/www.europesays.com\/fr\/wp-json\/wp\/v2\/users\/2"}],"replies":[{"embeddable":true,"href":"https:\/\/www.europesays.com\/fr\/wp-json\/wp\/v2\/comments?post=517226"}],"version-history":[{"count":0,"href":"https:\/\/www.europesays.com\/fr\/wp-json\/wp\/v2\/posts\/517226\/revisions"}],"wp:featuredmedia":[{"embeddable":true,"href":"https:\/\/www.europesays.com\/fr\/wp-json\/wp\/v2\/media\/517227"}],"wp:attachment":[{"href":"https:\/\/www.europesays.com\/fr\/wp-json\/wp\/v2\/media?parent=517226"}],"wp:term":[{"taxonomy":"category","embeddable":true,"href":"https:\/\/www.europesays.com\/fr\/wp-json\/wp\/v2\/categories?post=517226"},{"taxonomy":"post_tag","embeddable":true,"href":"https:\/\/www.europesays.com\/fr\/wp-json\/wp\/v2\/tags?post=517226"}],"curies":[{"name":"wp","href":"https:\/\/api.w.org\/{rel}","templated":true}]}}