{"id":517229,"date":"2025-11-07T02:00:59","date_gmt":"2025-11-07T02:00:59","guid":{"rendered":"https:\/\/www.europesays.com\/fr\/517229\/"},"modified":"2025-11-07T02:00:59","modified_gmt":"2025-11-07T02:00:59","slug":"nouvelle-bande-annonce-intrigante-pour-le-delire-meta-marvel","status":"publish","type":"post","link":"https:\/\/www.europesays.com\/fr\/517229\/","title":{"rendered":"nouvelle bande-annonce intrigante pour le d\u00e9lire m\u00e9ta Marvel"},"content":{"rendered":"<p><strong>Entre satire du star-system et autoparodie du MCU, <a href=\"https:\/\/www.ecranlarge.com\/series\/1437324-wonder-man\" data-type=\"series\" data-id=\"696887\" rel=\"nofollow noopener\" target=\"_blank\">Wonder Man<\/a> tente de donner \u00e0 <a href=\"https:\/\/www.ecranlarge.com\/personnalite\/1354509-marvel\" data-type=\"people\" data-id=\"902428\" rel=\"nofollow noopener\" target=\"_blank\">Marvel<\/a> son premier grand spectacle m\u00e9ta (sans Deadpool), comme le montre la nouvelle bande-annonce de la s\u00e9rie.<\/strong><\/p>\n<p><a href=\"https:\/\/www.ecranlarge.com\/series\/news\/1437332-marvel-wonder-man-sera-t-il-un-captain-america-bis-pour-le-mcu\" data-type=\"link\" data-id=\"https:\/\/www.ecranlarge.com\/series\/news\/1437332-marvel-wonder-man-sera-t-il-un-captain-america-bis-pour-le-mcu\" rel=\"nofollow noopener\" target=\"_blank\"><strong>Wonder Man<\/strong> a \u00e9t\u00e9 annonc\u00e9 en 2022<\/a>, mais fait partie de ces projets Marvel dont on doutait s\u00e9rieusement de l\u2019existence, coinc\u00e9e depuis des mois dans les m\u00eames limbes que <strong>Blade <\/strong>ou <strong>Armor Wars<\/strong>. La s\u00e9rie imagin\u00e9e par <a href=\"https:\/\/www.ecranlarge.com\/personnalite\/816834-destin-cretton\" data-type=\"people\" data-id=\"450511\" rel=\"nofollow noopener\" target=\"_blank\">Destin Daniel Cretton<\/a> et <a href=\"https:\/\/www.ecranlarge.com\/personnalite\/1405986-andrew-guest\" data-type=\"people\" data-id=\"627478\" rel=\"nofollow noopener\" target=\"_blank\">Andrew Guest<\/a> veut clairement donner une r\u00e9flexion sur le syndrome de la fatigue des superh\u00e9ros. <strong>Wonder Man racontera donc comment un grand studio hollywoodien tente de relancer une vieille franchise Wonder Man ringarde et oubli\u00e9e. <\/strong><\/p>\n<p>                    <img decoding=\"async\" alt=\"\" class=\"wp-image-518375\" style=\"object-fit:cover;width:25px;height:25px\" src=\"https:\/\/www.ecranlarge.com\/content\/uploads\/2023\/09\/arrow-right-circle.svg\"\/><\/p>\n<p>Au c\u0153ur du d\u00e9lire, on trouvera <strong>Simon Williams, un acteur rat\u00e9 interpr\u00e9t\u00e9 par <a href=\"https:\/\/www.ecranlarge.com\/personnalite\/977194-yahya-abdul-mateen-ii\" data-type=\"people\" data-id=\"475231\" rel=\"nofollow noopener\" target=\"_blank\">Yahya Abdul-Mateen II<\/a><\/strong> (<strong>Aquaman<\/strong>, <strong>Candyman<\/strong>) qui peine \u00e0 relancer sa carri\u00e8re. Sa route croise celle de Trevor Slattery (<a href=\"https:\/\/www.ecranlarge.com\/series\/news\/1446408-marvel-un-personnage-mal-aime-sera-de-retour-dans-la-serie-wonder-man\" data-type=\"link\" data-id=\"https:\/\/www.ecranlarge.com\/series\/news\/1446408-marvel-un-personnage-mal-aime-sera-de-retour-dans-la-serie-wonder-man\" rel=\"nofollow noopener\" target=\"_blank\">Ben Kingsley, qui reprend son r\u00f4le de com\u00e9dien paum\u00e9 d\u2019<strong>Iron Man 3<\/strong><\/a>), lequel lui apprend qu\u2019un r\u00e9alisateur mythique pr\u00e9pare un remake de <strong>Wonder Man<\/strong>. La seule condition du studio est que celui qui incarnera son h\u00e9ros n\u2019ait aucun super-pouvoir. Mais<strong> la nouvelle bande-annonce de la s\u00e9rie laisse entendre que \u00e7a va poser pas mal de probl\u00e8mes. <\/strong><\/p>\n<p>Wonder Man, un mec normal<\/p>\n<p>Ainsi, dans une sc\u00e8ne intrigante, un verre d\u2019eau se met \u00e0 vibrer \u00e0 la mani\u00e8re de <strong>Jurassic Park<\/strong> alors que Simon pose sa main sur la table. De quoi \u00e9voquer le fait que l\u2019acteur pourrait bien avoir des pouvoirs.<strong> Reste \u00e0 savoir s\u2019il l\u2019ignore ou s\u2019il le cache volontairement.<\/strong> Dans les comics, <strong>Wonder Man<\/strong> est un cascadeur devenu super-h\u00e9ros, il tire sa force d\u2019une \u00e9nergie ionique qui fait de lui un m\u00e9lange \u00e9trange entre Superman et un influenceur fitness. \u00c0 ce titre, le voir \u00e9voluer dans les coulisses d\u2019un Hollywood obs\u00e9d\u00e9 par la c\u00e9l\u00e9brit\u00e9 semble presque trop bien vu.<\/p>\n<p>C\u2019est plus qu\u2019\u00e9trange de voir Marvel se moquer ici de sa propre usine \u00e0 mythes, de ses h\u00e9ros interchangeables et de la course \u00e0 la franchise \u00e9ternelle. <strong>Dans un MCU qui tourne \u00e0 vide depuis des ann\u00e9es, Wonder Man pourrait bien faire figure de miroir tordu, <\/strong>celui o\u00f9 l\u2019univers Marvel contemple son propre narcissisme.<\/p>\n<p><a href=\"https:\/\/www.ecranlarge.com\/content\/uploads\/2025\/11\/capture-decran-2025-11-06-101818.jpg\" rel=\"nofollow noopener\" target=\"_blank\"><\/p>\n<p><img loading=\"lazy\" decoding=\"async\" alt=\"\" src=\"https:\/\/www.europesays.com\/fr\/wp-content\/uploads\/2025\/11\/capture-decran-2025-11-06-101818-1260x640.jpg\" width=\"1260\" height=\"640\"  \/><\/p>\n<p><\/a>Le Wonder Man version 70\u2019s fantasm\u00e9 par la nouvelle s\u00e9rie Marvel<\/p>\n<p>Aux commandes de <strong>Wonder Man<\/strong>, on retrouvera donc <strong>Destin Daniel Cretton<\/strong>, d\u00e9j\u00e0 r\u00e9alisateur de <strong>Shang-Chi,<\/strong> qui confirme son statut de nouveau chouchou de la Maison des Id\u00e9es. Le cin\u00e9aste filme actuellement <strong>Spider-Man 4 : Brand New Day<\/strong>, preuve qu\u2019il pourrait bien \u00eatre l\u2019un des jokers de Kevin Feige pour remettre un peu d\u2019ordre dans un univers en perte de rep\u00e8res. S\u2019il parvient \u00e0 faire de <strong>Wonder Man<\/strong> une satire mordante, Cretton pourrait r\u00e9ussir l\u00e0 o\u00f9 Marvel \u00e9choue souvent : transformer l\u2019autod\u00e9rision en outil de r\u00e9invention plut\u00f4t qu\u2019en gimmick publicitaire.<\/p>\n<p>                    <img decoding=\"async\" alt=\"\" class=\"wp-image-518375\" style=\"object-fit:cover;width:25px;height:25px\" src=\"https:\/\/www.ecranlarge.com\/content\/uploads\/2023\/09\/arrow-right-circle.svg\"\/><\/p>\n<p>Une lourde t\u00e2che puisque, mis \u00e0 part la r\u00e9ussite de <strong>Daredevil : Born Again<\/strong>, les s\u00e9ries Marvel oscillent entre oubliables (<strong>Ironheart<\/strong>), rat\u00e9es (<strong>Secret Invasion<\/strong>) et franchement g\u00eanantes (<strong>Agatha All Along<\/strong>). Le format s\u00e9riel, cens\u00e9 explorer les marges du MCU, s\u2019est vite transform\u00e9 en machine \u00e0 contenu ti\u00e8de.<\/p>\n<p><strong>La s\u00e9rie Wonder Man arrivera le 26 janvier 2026 sur Disney+.<\/strong> Aux c\u00f4t\u00e9s de Yahya Abdul-Mateen II et Ben Kingsley, on retrouvera Arian Moayed, X Mayo, Zlatko Buri\u0107, Olivia Thirlby et Byron Bowers.<\/p>\n","protected":false},"excerpt":{"rendered":"Entre satire du star-system et autoparodie du MCU, Wonder Man tente de donner \u00e0 Marvel son premier grand&hellip;\n","protected":false},"author":2,"featured_media":517230,"comment_status":"","ping_status":"","sticky":false,"template":"","format":"standard","meta":{"footnotes":""},"categories":[1354],"tags":[58,59,1346,1011,27,1360],"class_list":{"0":"post-517229","1":"post","2":"type-post","3":"status-publish","4":"format-standard","5":"has-post-thumbnail","7":"category-films","8":"tag-divertissement","9":"tag-entertainment","10":"tag-films","11":"tag-fr","12":"tag-france","13":"tag-movies"},"share_on_mastodon":{"url":"https:\/\/pubeurope.com\/@fr\/115505954714582483","error":""},"_links":{"self":[{"href":"https:\/\/www.europesays.com\/fr\/wp-json\/wp\/v2\/posts\/517229","targetHints":{"allow":["GET"]}}],"collection":[{"href":"https:\/\/www.europesays.com\/fr\/wp-json\/wp\/v2\/posts"}],"about":[{"href":"https:\/\/www.europesays.com\/fr\/wp-json\/wp\/v2\/types\/post"}],"author":[{"embeddable":true,"href":"https:\/\/www.europesays.com\/fr\/wp-json\/wp\/v2\/users\/2"}],"replies":[{"embeddable":true,"href":"https:\/\/www.europesays.com\/fr\/wp-json\/wp\/v2\/comments?post=517229"}],"version-history":[{"count":0,"href":"https:\/\/www.europesays.com\/fr\/wp-json\/wp\/v2\/posts\/517229\/revisions"}],"wp:featuredmedia":[{"embeddable":true,"href":"https:\/\/www.europesays.com\/fr\/wp-json\/wp\/v2\/media\/517230"}],"wp:attachment":[{"href":"https:\/\/www.europesays.com\/fr\/wp-json\/wp\/v2\/media?parent=517229"}],"wp:term":[{"taxonomy":"category","embeddable":true,"href":"https:\/\/www.europesays.com\/fr\/wp-json\/wp\/v2\/categories?post=517229"},{"taxonomy":"post_tag","embeddable":true,"href":"https:\/\/www.europesays.com\/fr\/wp-json\/wp\/v2\/tags?post=517229"}],"curies":[{"name":"wp","href":"https:\/\/api.w.org\/{rel}","templated":true}]}}