{"id":517237,"date":"2025-11-07T02:06:20","date_gmt":"2025-11-07T02:06:20","guid":{"rendered":"https:\/\/www.europesays.com\/fr\/517237\/"},"modified":"2025-11-07T02:06:20","modified_gmt":"2025-11-07T02:06:20","slug":"feu-vert-des-actionnaires-de-tesla-au-plan-de-remuneration-a-1-000-milliards-de-musk-07-11-2025-a-0015","status":"publish","type":"post","link":"https:\/\/www.europesays.com\/fr\/517237\/","title":{"rendered":"Feu vert des actionnaires de Tesla au plan de r\u00e9mun\u00e9ration \u00e0 1.000 milliards de Musk &#8211; 07\/11\/2025 \u00e0 00:15"},"content":{"rendered":"<p>        <img decoding=\"async\" src=\"https:\/\/www.europesays.com\/fr\/wp-content\/uploads\/2025\/11\/d8fcef6ba359b6f47e43059f070d15de-760x562.jpg\" alt=\"La r\u00e9mun\u00e9ration &quot;stratosph\u00e9rique&quot; d'au moins 1.000 milliards de dollars promise \u00e0 Elon Musk, patron de Tesla, n\u00e9cessite l'accord des actionnaires jeudi en assembl\u00e9e g\u00e9n\u00e9rale ( AFP \/ Patrick T. FALLON )\" loading=\"eager\" fetchpriority=\"high\" width=\"760\" height=\"562\" style=\"max-width: 100%!important; height: auto;\"\/><\/p>\n<p class=\"c-image-news__legend\">La r\u00e9mun\u00e9ration \u00ab\u00a0stratosph\u00e9rique\u00a0\u00bb d&rsquo;au moins 1.000 milliards de dollars promise \u00e0 Elon Musk, patron de Tesla, n\u00e9cessite l&rsquo;accord des actionnaires jeudi en assembl\u00e9e g\u00e9n\u00e9rale ( AFP \/ Patrick T. FALLON )<\/p>\n<p>\n Le nouveau plan de r\u00e9mun\u00e9ration du patron de<br \/>\n <a href=\"https:\/\/www.boursorama.com\/cours\/TSLA\/\" target=\"_blank\" rel=\"noopener\"><br \/>\n  Tesla<br \/>\n <\/a><br \/>\n , Elon Musk, a \u00e9t\u00e9 adopt\u00e9 par plus de 75% des votes lors de l&rsquo;assembl\u00e9e g\u00e9n\u00e9rale des actionnaires r\u00e9unie jeudi \u00e0 Austin (Texas), lui offrant la perspective d&#8217;empocher plus de 1.000 milliards de dollars en dix ans.\n<\/p>\n<p>\n A l&rsquo;issue des votes, un responsable du groupe a \u00e9galement annonc\u00e9 l&rsquo;adoption d&rsquo;autres r\u00e9solutions consid\u00e9r\u00e9es par les dirigeants en amont de l&rsquo;AG comme \u00ab\u00a0cruciales pour l&rsquo;avenir\u00a0\u00bb du groupe.\n<\/p>\n<p>\n Les trois candidats au renouvellement de leur mandat d&rsquo;administrateur ont obtenu satisfaction et l&rsquo;amendement au plan de r\u00e9mun\u00e9ration d&rsquo;Elon Musk valid\u00e9 en 2018 &#8211; d&rsquo;un montant total de 56 milliards &#8211; a \u00e9galement \u00e9t\u00e9 approuv\u00e9.\n<\/p>\n<p>\n Les actionnaires ont \u00e9t\u00e9 consult\u00e9s sur  l&rsquo;opportunit\u00e9 d&rsquo;investir dans xAI, entreprise d&rsquo;Elon Musk sp\u00e9cialis\u00e9e dans l&rsquo;intelligence artificielle ayant absorb\u00e9 le r\u00e9seau social X qui lui appartenait aussi, mais l&rsquo;issue du vote a \u00e9t\u00e9 moins probante. Le conseil d&rsquo;administration va donc \u00ab\u00a0examiner le r\u00e9sultat pour d\u00e9cider de la prochaine \u00e9tape\u00a0\u00bb, a relev\u00e9 le responsable du groupe.\n<\/p>\n<p>\n Apr\u00e8s l&rsquo;annonce des r\u00e9sultats, Elon Musk est sorti des coulisses sous les hourras et les applaudissements des quelques centaines de participants \u00e0 cette AG, retransmise en direct sur internet.\n<\/p>\n<p>\n \u00ab\u00a0Merci de tout coeur pour ceux qui ont soutenu\u00a0\u00bb les r\u00e9solutions de la direction, a d\u00e9clar\u00e9 l&rsquo;homme le plus riche au monde avec un patrimoine estim\u00e9 \u00e0 500 milliards de dollars.\n<\/p>\n<p>\n \u00ab\u00a0Ce n&rsquo;est pas simplement un nouveau chapitre de l&rsquo;histoire de Tesla, mais un livre tout neuf\u00a0\u00bb, a-t-il ajout\u00e9, avant d&rsquo;\u00e9voquer les diff\u00e9rents produits et projets du groupe qui s&rsquo;oriente toujours plus vers l&rsquo;autonomie, la robotique et l&rsquo;intelligence artificielle.\n<\/p>\n<p>\n Le nouveau plan de r\u00e9mun\u00e9ration a fait d\u00e9bat d\u00e8s son annonce en septembre.\n<\/p>\n<p> &#8211; Pactole conflictuel &#8211;<\/p>\n<p>\n Jusqu&rsquo;au dernier moment, partisans et opposants \u00e0 ce pactole ont tent\u00e9 de rallier d&rsquo;autres actionnaires \u00e0 leur cause. Une manifestation anti-Musk s&rsquo;est tenue mercredi \u00e0 Austin, devant le Parlement du Texas.\n<\/p>\n<p>\n \u00ab\u00a0Tesla n&rsquo;est pas dirig\u00e9 par un patron ordinaire. Elon est un visionnaire (&#8230;), qui a accompli des r\u00e9volutions industrielles et des transformations r\u00e9ussies de nombreuses entreprises pionni\u00e8res \u00e0 plusieurs milliards de dollars\u00a0\u00bb, affirmait notamment le groupe.\n<\/p>\n<p>\n Raison pour laquelle, d&rsquo;apr\u00e8s ses partisans, il m\u00e9rite ce plan de r\u00e9mun\u00e9ration qui vise aussi \u00e0 le convaincre de rester aux commandes de Tesla.\n<\/p>\n<p>\n Elon Musk avait en effet insinu\u00e9 qu&rsquo;il serait moins enclin \u00e0 rester chez Tesla s&rsquo;il n&rsquo;obtenait pas satisfaction.\n<\/p>\n<p>        <img decoding=\"async\" src=\"https:\/\/www.europesays.com\/fr\/wp-content\/uploads\/2025\/11\/466fc57e8a5b9216e8b635ccd7ced8d8-760x507.jpg\" alt=\"Manifestation anti-Musk \u00e0 Austin (Texas) le 5 novembre 2025 ( AFP \/ RONALDO SCHEMIDT )\" loading=\"eager\" fetchpriority=\"high\" width=\"760\" height=\"507\" style=\"max-width: 100%!important; height: auto;\"\/><\/p>\n<p class=\"c-image-news__legend\">Manifestation anti-Musk \u00e0 Austin (Texas) le 5 novembre 2025 ( AFP \/ RONALDO SCHEMIDT )<\/p>\n<p>\n D&rsquo;une dur\u00e9e de dix ans, le plan est constitu\u00e9 de douze tranches fixant des seuils financiers et op\u00e9rationnels d\u00e9clenchant, dans certaines conditions, l&rsquo;octroi d&rsquo;actions du groupe au patron.\n<\/p>\n<p>\n La tranche finale pr\u00e9voit notamment une capitalisation boursi\u00e8re de l&rsquo;entreprise \u00e0 8.500 milliards de dollars &#8211; \u00e0 peine plus de 1.000 milliards lors de l&rsquo;annonce le 5 septembre &#8211; ou encore la vente de vingt millions de v\u00e9hicules &#8211; Tesla a fabriqu\u00e9 en juin son huit millioni\u00e8me v\u00e9hicule.\n<\/p>\n<p>\n S&rsquo;il coche toutes les cases et dans les temps impartis, Elon Musk pourrait recevoir jusqu&rsquo;\u00e0 12% du capital actuel suppl\u00e9mentaire et d\u00e9tenir entre 25% et 29% de Tesla.\n<\/p>\n<p>\n Au 12 septembre, il d\u00e9tenait environ 12,4% du capital dans un trust (413 millions d&rsquo;actions) et a re\u00e7u, en plus, 96 millions d&rsquo;actions en ao\u00fbt dans le cadre du pr\u00e9c\u00e9dent plan de r\u00e9mun\u00e9ration, retoqu\u00e9 deux fois en justice et soumis jeudi pour la troisi\u00e8me fois \u00e0 l&rsquo;AG.\n<\/p>\n<p>\n \u00ab\u00a0Bien que nous reconnaissions la valeur consid\u00e9rable cr\u00e9\u00e9e sous la direction visionnaire de M. Musk, nous sommes pr\u00e9occup\u00e9s par le montant total de la r\u00e9mun\u00e9ration, la dilution et l&rsquo;absence de mesures pour att\u00e9nuer le risque li\u00e9 \u00e0 une personne cl\u00e9\u00a0\u00bb, relevait mardi le fonds souverain de la Norv\u00e8ge, un des dix principaux actionnaires de Tesla.\n<\/p>\n<p>        <img decoding=\"async\" src=\"https:\/\/www.europesays.com\/fr\/wp-content\/uploads\/2025\/11\/50a0f170a468c97842c29e9564aa0a76-760x507.jpg\" alt=\"Elon Musk, patron de Tesla, le 21 septembre 2025 \u00e0 Glendale, en Arizona ( AFP \/ Patrick T. Fallon )\" loading=\"eager\" fetchpriority=\"high\" width=\"760\" height=\"507\" style=\"max-width: 100%!important; height: auto;\"\/><\/p>\n<p class=\"c-image-news__legend\">Elon Musk, patron de Tesla, le 21 septembre 2025 \u00e0 Glendale, en Arizona ( AFP \/ Patrick T. Fallon )<\/p>\n<p>\n Certains s&rsquo;inqui\u00e8tent aussi des cons\u00e9quences des positions politiques extr\u00eames du multimilliardaire &#8211; un temps tr\u00e8s proche de Donald Trump -, qui ont affect\u00e9 les ventes mondiales, et de la concurrence croissante notamment des mod\u00e8les chinois, moins chers.\n<\/p>\n<p>\n A l&rsquo;inverse, la soci\u00e9t\u00e9 d&rsquo;investissements Baron Capital et le conseil d&rsquo;administration du fonds de pension de l&rsquo;Etat de Floride (SBA) ont soutenu ce package, soulignant que les pr\u00e9c\u00e9dents \u00e9taient tout aussi ambitieux et ont \u00ab\u00a0toujours cr\u00e9\u00e9 une valeur extraordinaire pour les actionnaires\u00a0\u00bb.<\/p>\n","protected":false},"excerpt":{"rendered":"La r\u00e9mun\u00e9ration \u00ab\u00a0stratosph\u00e9rique\u00a0\u00bb d&rsquo;au moins 1.000 milliards de dollars promise \u00e0 Elon Musk, patron de Tesla, n\u00e9cessite l&rsquo;accord&hellip;\n","protected":false},"author":2,"featured_media":516658,"comment_status":"","ping_status":"","sticky":false,"template":"","format":"standard","meta":{"footnotes":""},"categories":[6],"tags":[400,398,408,35,405,33,34,1011,27,403,402,399,404,401,406,407],"class_list":{"0":"post-517237","1":"post","2":"type-post","3":"status-publish","4":"format-standard","5":"has-post-thumbnail","7":"category-economie","8":"tag-action-cac-40","9":"tag-bourse-de-paris","10":"tag-boursorama","11":"tag-business","12":"tag-cotations","13":"tag-economie","14":"tag-economy","15":"tag-fr","16":"tag-france","17":"tag-indices-devises","18":"tag-investir","19":"tag-investissement","20":"tag-marche-boursier","21":"tag-sicav","22":"tag-trackers","23":"tag-warrants"},"share_on_mastodon":{"url":"https:\/\/pubeurope.com\/@fr\/115505974104782956","error":""},"_links":{"self":[{"href":"https:\/\/www.europesays.com\/fr\/wp-json\/wp\/v2\/posts\/517237","targetHints":{"allow":["GET"]}}],"collection":[{"href":"https:\/\/www.europesays.com\/fr\/wp-json\/wp\/v2\/posts"}],"about":[{"href":"https:\/\/www.europesays.com\/fr\/wp-json\/wp\/v2\/types\/post"}],"author":[{"embeddable":true,"href":"https:\/\/www.europesays.com\/fr\/wp-json\/wp\/v2\/users\/2"}],"replies":[{"embeddable":true,"href":"https:\/\/www.europesays.com\/fr\/wp-json\/wp\/v2\/comments?post=517237"}],"version-history":[{"count":0,"href":"https:\/\/www.europesays.com\/fr\/wp-json\/wp\/v2\/posts\/517237\/revisions"}],"wp:featuredmedia":[{"embeddable":true,"href":"https:\/\/www.europesays.com\/fr\/wp-json\/wp\/v2\/media\/516658"}],"wp:attachment":[{"href":"https:\/\/www.europesays.com\/fr\/wp-json\/wp\/v2\/media?parent=517237"}],"wp:term":[{"taxonomy":"category","embeddable":true,"href":"https:\/\/www.europesays.com\/fr\/wp-json\/wp\/v2\/categories?post=517237"},{"taxonomy":"post_tag","embeddable":true,"href":"https:\/\/www.europesays.com\/fr\/wp-json\/wp\/v2\/tags?post=517237"}],"curies":[{"name":"wp","href":"https:\/\/api.w.org\/{rel}","templated":true}]}}