{"id":517247,"date":"2025-11-07T02:12:33","date_gmt":"2025-11-07T02:12:33","guid":{"rendered":"https:\/\/www.europesays.com\/fr\/517247\/"},"modified":"2025-11-07T02:12:33","modified_gmt":"2025-11-07T02:12:33","slug":"neuves-maisons-les-createurs-a-lhonneur-au-centre-culturel-jean-lhote","status":"publish","type":"post","link":"https:\/\/www.europesays.com\/fr\/517247\/","title":{"rendered":"Neuves-Maisons. Les cr\u00e9ateurs \u00e0 l\u2019honneur au centre culturel Jean-L\u2019H\u00f4te"},"content":{"rendered":"<p>Le salon 2025 du club des Arts n\u00e9odomiens a rassembl\u00e9 48 artistes et artisans dans le hall et la grande salle du centre culturel Jean-L\u2019H\u00f4te \u00e0 Neuves-Maisons, attirant une foule d\u2019amateurs lors de l\u2019inauguration vendredi soir, sous la pr\u00e9sidence d\u2019\u00c9velyne Munier.<\/p>\n<p>Le public est venu nombreux fl\u00e2ner entre tableaux, livres sculpt\u00e9s, objets en m\u00e9tal recycl\u00e9, bois ou p\u00e2te de verre. Une plong\u00e9e dans un univers de cr\u00e9ativit\u00e9, entre \u00e9changes avec les cr\u00e9ateurs et d\u00e9couvertes insolites. L\u2019exposition, ponctu\u00e9e de d\u00e9monstrations, a offert un riche bain culturel jusqu\u2019\u00e0 dimanche soir.<\/p>\n","protected":false},"excerpt":{"rendered":"Le salon 2025 du club des Arts n\u00e9odomiens a rassembl\u00e9 48 artistes et artisans dans le hall et&hellip;\n","protected":false},"author":2,"featured_media":517248,"comment_status":"","ping_status":"","sticky":false,"template":"","format":"standard","meta":{"footnotes":""},"categories":[9635],"tags":[1111,11,9848,1687,1704,1777,674,2271,1011,27,775,1702,9847,12,25,104,1631],"class_list":{"0":"post-517247","1":"post","2":"type-post","3":"status-publish","4":"format-standard","5":"has-post-thumbnail","7":"category-nancy","8":"tag-actu","9":"tag-actualites","10":"tag-cc-moselle-et-madon-54b","11":"tag-culture-loisirs","12":"tag-edition-nancy-et-agglomeration","13":"tag-eu","14":"tag-europe","15":"tag-exposition-arts-plastiques","16":"tag-fr","17":"tag-france","18":"tag-grand-est","19":"tag-nancy","20":"tag-neuves-maisons","21":"tag-news","22":"tag-republique-francaise","23":"tag-societe","24":"tag-vie-associative"},"share_on_mastodon":{"url":"https:\/\/pubeurope.com\/@fr\/115505997079541530","error":""},"_links":{"self":[{"href":"https:\/\/www.europesays.com\/fr\/wp-json\/wp\/v2\/posts\/517247","targetHints":{"allow":["GET"]}}],"collection":[{"href":"https:\/\/www.europesays.com\/fr\/wp-json\/wp\/v2\/posts"}],"about":[{"href":"https:\/\/www.europesays.com\/fr\/wp-json\/wp\/v2\/types\/post"}],"author":[{"embeddable":true,"href":"https:\/\/www.europesays.com\/fr\/wp-json\/wp\/v2\/users\/2"}],"replies":[{"embeddable":true,"href":"https:\/\/www.europesays.com\/fr\/wp-json\/wp\/v2\/comments?post=517247"}],"version-history":[{"count":0,"href":"https:\/\/www.europesays.com\/fr\/wp-json\/wp\/v2\/posts\/517247\/revisions"}],"wp:featuredmedia":[{"embeddable":true,"href":"https:\/\/www.europesays.com\/fr\/wp-json\/wp\/v2\/media\/517248"}],"wp:attachment":[{"href":"https:\/\/www.europesays.com\/fr\/wp-json\/wp\/v2\/media?parent=517247"}],"wp:term":[{"taxonomy":"category","embeddable":true,"href":"https:\/\/www.europesays.com\/fr\/wp-json\/wp\/v2\/categories?post=517247"},{"taxonomy":"post_tag","embeddable":true,"href":"https:\/\/www.europesays.com\/fr\/wp-json\/wp\/v2\/tags?post=517247"}],"curies":[{"name":"wp","href":"https:\/\/api.w.org\/{rel}","templated":true}]}}