{"id":517257,"date":"2025-11-07T02:17:17","date_gmt":"2025-11-07T02:17:17","guid":{"rendered":"https:\/\/www.europesays.com\/fr\/517257\/"},"modified":"2025-11-07T02:17:17","modified_gmt":"2025-11-07T02:17:17","slug":"ol-lyonnes-des-retours-bacha-et-renard-menagees","status":"publish","type":"post","link":"https:\/\/www.europesays.com\/fr\/517257\/","title":{"rendered":"OL Lyonnes : des retours, Bacha et Renard m\u00e9nag\u00e9es"},"content":{"rendered":"<p>                            <img width=\"770\" height=\"433\" src=\"https:\/\/www.europesays.com\/fr\/wp-content\/uploads\/2025\/11\/AFP__20250907__DPPI_40025070_002__v1__HighRes__FootballWomenSFrenchChampOlLyonnesVMa-770x433.jpg\" class=\"attachment-article size-article wp-post-image\" alt=\"Lily Yohannes, milieu de l'OL Lyonnes\" decoding=\"async\" fetchpriority=\"high\"  \/><\/p>\n<p>Lily Yohannes, milieu de l\u2019OL Lyonnes (Photo by Cyril Lestage \/ DPPI via AFP)<\/p>\n<p>En ouverture de la 7e journ\u00e9e de Premi\u00e8re Ligue, l&rsquo;OL Lyonnes se d\u00e9place \u00e0 Montpellier vendredi soir (19h). Pour ce rendez-vous, cinq jours avant le retour de la Ligue des champions, Jonatan Giraldez peut compter sur les retours de certaines joueuses.<\/p>\n<p>La semaine de travail a \u00e9t\u00e9 fastidieuse. N&rsquo;ayant pas pu travailler avec tout son groupe pour pr\u00e9parer le <strong>Paris FC <\/strong>samedi dernier, Jonatan Giraldez a pu retrouver toutes ses joueuses depuis le d\u00e9but de la semaine. Fortes d&rsquo;un sans-faute depuis le d\u00e9but de la saison, les Fenottes comptent bien poursuivre leur invincibilit\u00e9 vendredi soir. Pour la 7e journ\u00e9e de championnat, l&rsquo;OL Lyonnes se rend \u00e0 Montpellier, pour une affiche historique qui a largement perdu de sa superbe au fil des saisons. Ce d\u00e9placement va permettre \u00e0 Giraldez de retrouver Lindsey <strong>Heaps<\/strong>, Lily <a href=\"https:\/\/www.olympique-et-lyonnais.com\/ol-lyonnes-lily-yohannes-devancee-pour-le-golden-girl,384125.html\" target=\"_blank\" rel=\"noopener\">Yohannes<\/a> et Christiane <strong>Endler<\/strong>.<\/p>\n<p>Shrader va \u00e9galement souffler<\/p>\n<p>Les trois joueuses, rentr\u00e9es tard de la tr\u00eave internationale, avaient \u00e9t\u00e9 m\u00e9nag\u00e9es par le coach contre le Paris FC. Elles seront de retour dans le sud de la France, au m\u00eame titre qu&rsquo;Ashley <strong>Lawrence<\/strong> et Sofie <strong>Svava<\/strong>. Les deux lat\u00e9rales \u00e9taient hors du groupe depuis deux matchs et viennent suppl\u00e9er Selma <strong>Bacha<\/strong> et Wendie <strong>Renard<\/strong>, laiss\u00e9es au repos tout comme Korbin <strong>Shrader<\/strong>.<\/p>\n<p><strong>Le groupe de l&rsquo;OL Lyonnes :<\/strong> Endler, Micah &#8211; Engen, Lawrence, Nelhage, Sombath, Svava Tarciane &#8211; Benyahia, Damaris, Dumornay, Heaps, Yohannes &#8211; Becho, Brand, Chawinga, Diani, Hegerberg<\/p>\n","protected":false},"excerpt":{"rendered":"Lily Yohannes, milieu de l\u2019OL Lyonnes (Photo by Cyril Lestage \/ DPPI via AFP) En ouverture de la&hellip;\n","protected":false},"author":2,"featured_media":517258,"comment_status":"","ping_status":"","sticky":false,"template":"","format":"standard","meta":{"footnotes":""},"categories":[9599],"tags":[1111,11,1777,674,1011,27,2208,12,2680,241,242,25],"class_list":{"0":"post-517257","1":"post","2":"type-post","3":"status-publish","4":"format-standard","5":"has-post-thumbnail","7":"category-montpellier","8":"tag-actu","9":"tag-actualites","10":"tag-eu","11":"tag-europe","12":"tag-fr","13":"tag-france","14":"tag-montpellier","15":"tag-news","16":"tag-occitanie","17":"tag-ol","18":"tag-ol-feminin","19":"tag-republique-francaise"},"share_on_mastodon":{"url":"https:\/\/pubeurope.com\/@fr\/115506017087134791","error":""},"_links":{"self":[{"href":"https:\/\/www.europesays.com\/fr\/wp-json\/wp\/v2\/posts\/517257","targetHints":{"allow":["GET"]}}],"collection":[{"href":"https:\/\/www.europesays.com\/fr\/wp-json\/wp\/v2\/posts"}],"about":[{"href":"https:\/\/www.europesays.com\/fr\/wp-json\/wp\/v2\/types\/post"}],"author":[{"embeddable":true,"href":"https:\/\/www.europesays.com\/fr\/wp-json\/wp\/v2\/users\/2"}],"replies":[{"embeddable":true,"href":"https:\/\/www.europesays.com\/fr\/wp-json\/wp\/v2\/comments?post=517257"}],"version-history":[{"count":0,"href":"https:\/\/www.europesays.com\/fr\/wp-json\/wp\/v2\/posts\/517257\/revisions"}],"wp:featuredmedia":[{"embeddable":true,"href":"https:\/\/www.europesays.com\/fr\/wp-json\/wp\/v2\/media\/517258"}],"wp:attachment":[{"href":"https:\/\/www.europesays.com\/fr\/wp-json\/wp\/v2\/media?parent=517257"}],"wp:term":[{"taxonomy":"category","embeddable":true,"href":"https:\/\/www.europesays.com\/fr\/wp-json\/wp\/v2\/categories?post=517257"},{"taxonomy":"post_tag","embeddable":true,"href":"https:\/\/www.europesays.com\/fr\/wp-json\/wp\/v2\/tags?post=517257"}],"curies":[{"name":"wp","href":"https:\/\/api.w.org\/{rel}","templated":true}]}}