{"id":517261,"date":"2025-11-07T02:20:10","date_gmt":"2025-11-07T02:20:10","guid":{"rendered":"https:\/\/www.europesays.com\/fr\/517261\/"},"modified":"2025-11-07T02:20:10","modified_gmt":"2025-11-07T02:20:10","slug":"projection-de-lost-in-la-mancha-de-keith-fultron-et-louis-pepe-au-cinema-juliet-berto-a-grenoble","status":"publish","type":"post","link":"https:\/\/www.europesays.com\/fr\/517261\/","title":{"rendered":"Projection de \u00ab Lost in La Mancha \u00bb de Keith Fultron et Louis Pepe au cin\u00e9ma Juliet Berto \u00e0 Grenoble"},"content":{"rendered":"<p>Rendez-vous vendredi 21 novembre 2025 \u00e0 19h au cin\u00e9ma Juliet Berto \u00e0 Grenoble.<\/p>\n<p><b>Lost in La Mancha<\/b><br \/>De Keith Fulton, Lou Pepe &#8211; 2004 &#8211; 89 min &#8211; Royaume-Uni, \u00c9tats-Unis, France &#8211; VOSTFR<br \/>Avec Jeff Bridges, Terry Gilliam, Johnny Depp<\/p>\n<p>Madrid, \u00e9t\u00e9 2000 : Terry Gilliam pr\u00e9pare le tournage de L&rsquo;homme qui tua Don Quichotte, une ambitieuse version de l&rsquo;\u0153uvre de Miguel de Cervantes, avec Jean Rochefort, Johnny Depp et Vanessa Paradis dans les r\u00f4les principaux. Malgr\u00e9 des conditions de production difficiles, Gilliam reste enthousiaste. Il demande \u00e0 Keith Fulton et Louis Pepe de r\u00e9aliser le making-of. Les deux r\u00e9alisateurs ex\u00e9cutent joyeusement la commande jusqu&rsquo;au moment o\u00f9, de petites contrari\u00e9t\u00e9s en probl\u00e8mes de sant\u00e9, de conflits personnels en temp\u00eates m\u00e9morables, ils deviennent les premiers t\u00e9moins du naufrage du film. Lost in La Mancha est probablement le premier film sur la non-r\u00e9alisation d&rsquo;un film, l&rsquo;histoire d&rsquo;un film qui n&rsquo;existe pas.<\/p>\n<p>Rendez-vous vendredi 21 novembre 2025 \u00e0 19h au cin\u00e9ma Juliet Berto \u00e0 Grenoble<\/p>\n<p>Infos pratiques :<br \/>&#8211; Adresse : Cin\u00e9ma Juliet Berto, Passage du Palais de Justice, 38000 Grenoble<br \/>&#8211; Horaires : S\u00e9ance \u00e0 19h<br \/>&#8211; Tarifs : 7\u20ac le billet <\/p>\n<p>Plus d&rsquo;infos et billetterie sur le site <a class=\"url\" href=\"https:\/\/www.helloasso.com\/associations\/cinematheque-de-grenoble\/evenements\/lost-in-la-mancha\" target=\"_blank\" rel=\"noopener\">helloasso.com<\/a><\/p>\n<p>Max Radio est partenaire de l&rsquo;\u00e9v\u00e8nement<\/p>\n<p><\/p>\n","protected":false},"excerpt":{"rendered":"Rendez-vous vendredi 21 novembre 2025 \u00e0 19h au cin\u00e9ma Juliet Berto \u00e0 Grenoble. Lost in La ManchaDe Keith&hellip;\n","protected":false},"author":2,"featured_media":517262,"comment_status":"","ping_status":"","sticky":false,"template":"","format":"standard","meta":{"footnotes":""},"categories":[9566],"tags":[1111,11,2430,61590,1972,1777,674,2081,1011,27,2731,63765,12,13737,25,5883],"class_list":{"0":"post-517261","1":"post","2":"type-post","3":"status-publish","4":"format-standard","5":"has-post-thumbnail","7":"category-grenoble","8":"tag-actu","9":"tag-actualites","10":"tag-auvergne-rhone-alpes","11":"tag-csar","12":"tag-cinma","13":"tag-eu","14":"tag-europe","15":"tag-film","16":"tag-fr","17":"tag-france","18":"tag-grenoble","19":"tag-lost-in-la-mancha","20":"tag-news","21":"tag-projection","22":"tag-republique-francaise","23":"tag-thriller"},"share_on_mastodon":{"url":"https:\/\/pubeurope.com\/@fr\/115506028519214490","error":""},"_links":{"self":[{"href":"https:\/\/www.europesays.com\/fr\/wp-json\/wp\/v2\/posts\/517261","targetHints":{"allow":["GET"]}}],"collection":[{"href":"https:\/\/www.europesays.com\/fr\/wp-json\/wp\/v2\/posts"}],"about":[{"href":"https:\/\/www.europesays.com\/fr\/wp-json\/wp\/v2\/types\/post"}],"author":[{"embeddable":true,"href":"https:\/\/www.europesays.com\/fr\/wp-json\/wp\/v2\/users\/2"}],"replies":[{"embeddable":true,"href":"https:\/\/www.europesays.com\/fr\/wp-json\/wp\/v2\/comments?post=517261"}],"version-history":[{"count":0,"href":"https:\/\/www.europesays.com\/fr\/wp-json\/wp\/v2\/posts\/517261\/revisions"}],"wp:featuredmedia":[{"embeddable":true,"href":"https:\/\/www.europesays.com\/fr\/wp-json\/wp\/v2\/media\/517262"}],"wp:attachment":[{"href":"https:\/\/www.europesays.com\/fr\/wp-json\/wp\/v2\/media?parent=517261"}],"wp:term":[{"taxonomy":"category","embeddable":true,"href":"https:\/\/www.europesays.com\/fr\/wp-json\/wp\/v2\/categories?post=517261"},{"taxonomy":"post_tag","embeddable":true,"href":"https:\/\/www.europesays.com\/fr\/wp-json\/wp\/v2\/tags?post=517261"}],"curies":[{"name":"wp","href":"https:\/\/api.w.org\/{rel}","templated":true}]}}