{"id":517265,"date":"2025-11-07T02:22:24","date_gmt":"2025-11-07T02:22:24","guid":{"rendered":"https:\/\/www.europesays.com\/fr\/517265\/"},"modified":"2025-11-07T02:22:24","modified_gmt":"2025-11-07T02:22:24","slug":"le-nouveau-tome-de-faut-pas-prendre-les-cons-pour-des-gens-au-profit-de-la-fondation-pour-le","status":"publish","type":"post","link":"https:\/\/www.europesays.com\/fr\/517265\/","title":{"rendered":"Le nouveau tome de \u00ab\u00a0Faut pas prendre les cons pour des gens\u00a0\u00bb au profit de la Fondation pour le"},"content":{"rendered":"<p>Faut pas prendre les Cons pour des Gens\u00a0est une s\u00e9rie ph\u00e9nom\u00e8ne, dr\u00f4le et noire sur les absurdit\u00e9s de notre \u00e9poque, lanc\u00e9e par le Rennais Emmanuel Reuz\u00e9. D\u00e9marr\u00e9e en 2019 dans Fluide Glacial, elle s\u2019est d\u00e9j\u00e0 vendue \u00e0 plus d\u2019un\u00a0million d\u2019exemplaires.<\/p>\n<p>Un recueil solidaire sort le 13\u00a0novembre 2025 en librairie. Pour chaque album vendu, 2\u00a0\u20ac seront revers\u00e9s \u00e0 la Fondation pour le Logement pour lutter contre le mal-logement et la grande exclusion.<\/p>\n<p>\u00a0<\/p>\n","protected":false},"excerpt":{"rendered":"Faut pas prendre les Cons pour des Gens\u00a0est une s\u00e9rie ph\u00e9nom\u00e8ne, dr\u00f4le et noire sur les absurdit\u00e9s de&hellip;\n","protected":false},"author":2,"featured_media":517266,"comment_status":"","ping_status":"","sticky":false,"template":"","format":"standard","meta":{"footnotes":""},"categories":[2821],"tags":[1111,11,829,63766,1777,674,8290,13042,1011,27,7397,1908,12,4565,4571,18851,584,25,17415],"class_list":{"0":"post-517265","1":"post","2":"type-post","3":"status-publish","4":"format-standard","5":"has-post-thumbnail","7":"category-rennes","8":"tag-actu","9":"tag-actualites","10":"tag-bretagne","11":"tag-cons","12":"tag-eu","13":"tag-europe","14":"tag-faut","15":"tag-fondation","16":"tag-fr","17":"tag-france","18":"tag-gens","19":"tag-logement","20":"tag-news","21":"tag-nouveau","22":"tag-prendre","23":"tag-profit","24":"tag-rennes","25":"tag-republique-francaise","26":"tag-tome"},"share_on_mastodon":{"url":"https:\/\/pubeurope.com\/@fr\/115506036517114604","error":""},"_links":{"self":[{"href":"https:\/\/www.europesays.com\/fr\/wp-json\/wp\/v2\/posts\/517265","targetHints":{"allow":["GET"]}}],"collection":[{"href":"https:\/\/www.europesays.com\/fr\/wp-json\/wp\/v2\/posts"}],"about":[{"href":"https:\/\/www.europesays.com\/fr\/wp-json\/wp\/v2\/types\/post"}],"author":[{"embeddable":true,"href":"https:\/\/www.europesays.com\/fr\/wp-json\/wp\/v2\/users\/2"}],"replies":[{"embeddable":true,"href":"https:\/\/www.europesays.com\/fr\/wp-json\/wp\/v2\/comments?post=517265"}],"version-history":[{"count":0,"href":"https:\/\/www.europesays.com\/fr\/wp-json\/wp\/v2\/posts\/517265\/revisions"}],"wp:featuredmedia":[{"embeddable":true,"href":"https:\/\/www.europesays.com\/fr\/wp-json\/wp\/v2\/media\/517266"}],"wp:attachment":[{"href":"https:\/\/www.europesays.com\/fr\/wp-json\/wp\/v2\/media?parent=517265"}],"wp:term":[{"taxonomy":"category","embeddable":true,"href":"https:\/\/www.europesays.com\/fr\/wp-json\/wp\/v2\/categories?post=517265"},{"taxonomy":"post_tag","embeddable":true,"href":"https:\/\/www.europesays.com\/fr\/wp-json\/wp\/v2\/tags?post=517265"}],"curies":[{"name":"wp","href":"https:\/\/api.w.org\/{rel}","templated":true}]}}