{"id":517285,"date":"2025-11-07T02:33:15","date_gmt":"2025-11-07T02:33:15","guid":{"rendered":"https:\/\/www.europesays.com\/fr\/517285\/"},"modified":"2025-11-07T02:33:15","modified_gmt":"2025-11-07T02:33:15","slug":"un-incroyable-coup-de-foudre-explosif-fait-bondir-toulouse","status":"publish","type":"post","link":"https:\/\/www.europesays.com\/fr\/517285\/","title":{"rendered":"Un incroyable coup de foudre explosif fait bondir Toulouse"},"content":{"rendered":"<p>Une explosion aussi br\u00e8ve que spectaculaire a secou\u00e9 l\u2019est de la m\u00e9tropole de Toulouse ce jeudi matin. Vers 11h21, un \u00e9clair d\u2019une intensit\u00e9 exceptionnelle a frapp\u00e9 le secteur de <a href=\"https:\/\/www.20minutes.fr\/toulouse\/\" target=\"_blank\" class=\"c-link c-link--is-underlined\" rel=\"nofollow noopener\">Toulouse<\/a>-Lasbordes, pr\u00e8s de Balma-Gramont, rapporte <a href=\"https:\/\/www.ladepeche.fr\/2025\/11\/06\/cest-quoi-cette-explosion-entendue-a-toulouse-ce-jeudi-matin-13036847.php\" rel=\"nofollow noopener\" target=\"_blank\" class=\"c-link c-link--is-underlined\">La D\u00e9p\u00eache<\/a>. Dans plusieurs entreprises et commerces, les t\u00e9moins racontent avoir vu un flash \u00ab\u00a0\u00e9blouissant\u00a0\u00bb, suivi d\u2019un tonnerre d\u2019une dur\u00e9e inhabituelle. Certains bureaux ont m\u00eame l\u00e9g\u00e8rement trembl\u00e9, tandis que des coupures d\u2019\u00e9lectricit\u00e9 ont \u00e9t\u00e9 signal\u00e9es \u00e0 Lab\u00e8ge et Escalquens.<\/p>\n<p>Selon le site, il ne s\u2019agissait pas d\u2019un simple coup de foudre, mais d\u2019un \u00ab\u00a0<a href=\"https:\/\/www.20minutes.fr\/planete\/4156855-20250604-toulouse-orage-attaque-russe-quoi-superbolts-reveille-toute-ville\" target=\"_blank\" class=\"c-link c-link--is-underlined\" rel=\"nofollow noopener\">superbolt<\/a>\u00a0\u00bb, un \u00e9clair rarissime mesur\u00e9 \u00e0 158.000 amp\u00e8res, soit pr\u00e8s de dix fois plus qu\u2019un impact classique. Ce ph\u00e9nom\u00e8ne se caract\u00e9rise par une d\u00e9charge directe du nuage vers le sol, concentrant toute son \u00e9nergie sur un point unique. Le r\u00e9sultat\u00a0: un impact plus lumineux, une onde de choc plus forte et un grondement prolong\u00e9.<\/p>\n<\/p>\n<p>Quelque 8.000 superbolts sur 2\u00a0milliards d\u2019\u00e9clairs<\/p>\n<p>Les scientifiques estiment qu\u2019\u00e0 peine un \u00e9clair sur 250.000 atteint ce niveau de puissance. Entre\u00a02010 et\u00a02018, seulement 8.000 superbolts ont \u00e9t\u00e9 recens\u00e9s dans le monde sur plus de deux milliards d\u2019\u00e9clairs. Ces d\u00e9charges d\u2019\u00e9nergie colossales surviennent le plus souvent entre novembre et f\u00e9vrier\u00a0: l\u2019air froid et sec permet \u00e0 l\u2019\u00e9lectricit\u00e9 de s\u2019accumuler plus longtemps avant d\u2019exploser.<\/p>\n<blockquote class=\"twitter-tweet\" align=\"center\" data-lang=\"fr_FR\">\n<p lang=\"fr\" dir=\"ltr\">Un axe pluvio-orageux intense progresse le long du golfe du Lion,  accompagn\u00e9 de fortes pluies, d&rsquo;\u00e9clairs et de fortes rafales. Dans le reste du SO, les pluies sont plus mod\u00e9r\u00e9es, mais de puissants impacts de foudre ont \u00e9t\u00e9 observ\u00e9s pr\u00e8s de Toulouse. <a href=\"https:\/\/twitter.com\/MeteoFrance_SE?ref_src=twsrc%5Etfw\" rel=\"nofollow noopener\" target=\"_blank\">@MeteoFrance_SE<\/a> <a href=\"https:\/\/twitter.com\/meteofrance?ref_src=twsrc%5Etfw\" rel=\"nofollow noopener\" target=\"_blank\">@meteofrance<\/a> <a href=\"https:\/\/t.co\/qxhBrLxoHX\" rel=\"nofollow\">pic.twitter.com\/qxhBrLxoHX<\/a><\/p>\n<p>\u2014 VigiM\u00e9t\u00e9oFrance (@VigiMeteoFrance) <a href=\"https:\/\/twitter.com\/VigiMeteoFrance\/status\/1986400344935460981?ref_src=twsrc%5Etfw\" rel=\"nofollow noopener\" target=\"_blank\">November 6, 2025<\/a><\/p><\/blockquote>\n<p class=\"mb-xxl@xs color-ultramarine font-weight-semi-bold@xs font-source-serif-pro heading-s@xs\">L\u2019acc\u00e8s \u00e0 ce contenu a \u00e9t\u00e9 bloqu\u00e9 afin de respecter votre choix de consentement<\/p>\n<p class=\"mb-m@xs text-l@xs\">En cliquant sur\u00ab J\u2019accepte \u00bb, vous acceptez le d\u00e9p\u00f4t de cookies par des services externes et aurez ainsi acc\u00e8s aux contenus de nos partenaires.<\/p>\n<p class=\"mb-xl@xs text-s@xs\">Plus d\u2019informations sur la page<a href=\"https:\/\/www.20minutes.fr\/gestion-cookies\" class=\"mx-xxs@xs color-ultramarine\" rel=\"nofollow noopener\" target=\"_blank\">Politique de gestion des cookies<\/a><\/p>\n<p>J\u2019accepte<a href=\"https:\/\/www.20minutes.fr\/planete\/\" target=\"_blank\" class=\"c-link c-btn c-btn--primary\" rel=\"nofollow noopener\">Notre dossier sur la Plan\u00e8te<\/a><\/p>\n<p>Ce jeudi, <a href=\"https:\/\/www.20minutes.fr\/dossier\/meteo_france\" target=\"_blank\" class=\"c-link c-link--is-underlined\" rel=\"nofollow noopener\">M\u00e9t\u00e9o-France<\/a> observait justement un axe orageux intense longeant le golfe du Lion et progressant vers le Sud-Ouest, accompagn\u00e9 de fortes pluies et d\u2019\u00e9clairs particuli\u00e8rement puissants autour de Toulouse. Aucun d\u00e9g\u00e2t majeur n\u2019a toutefois \u00e9t\u00e9 constat\u00e9.<\/p>\n<p><script async src=\"https:\/\/platform.twitter.com\/widgets.js\" charset=\"utf-8\"><\/script><\/p>\n","protected":false},"excerpt":{"rendered":"Une explosion aussi br\u00e8ve que spectaculaire a secou\u00e9 l\u2019est de la m\u00e9tropole de Toulouse ce jeudi matin. Vers&hellip;\n","protected":false},"author":2,"featured_media":517286,"comment_status":"","ping_status":"","sticky":false,"template":"","format":"standard","meta":{"footnotes":""},"categories":[2816],"tags":[1111,11,1777,674,2688,1011,27,2722,2487,2357,2721,12,2680,4594,52,25,2224,2312],"class_list":{"0":"post-517285","1":"post","2":"type-post","3":"status-publish","4":"format-standard","5":"has-post-thumbnail","7":"category-toulouse","8":"tag-actu","9":"tag-actualites","10":"tag-eu","11":"tag-europe","12":"tag-explosion","13":"tag-fr","14":"tag-france","15":"tag-haute-garonne","16":"tag-meteo","17":"tag-meteo-france","18":"tag-midi-pyrenees","19":"tag-news","20":"tag-occitanie","21":"tag-orages","22":"tag-planete","23":"tag-republique-francaise","24":"tag-sud-ouest","25":"tag-toulouse"},"share_on_mastodon":{"url":"https:\/\/pubeurope.com\/@fr\/115506079588111715","error":""},"_links":{"self":[{"href":"https:\/\/www.europesays.com\/fr\/wp-json\/wp\/v2\/posts\/517285","targetHints":{"allow":["GET"]}}],"collection":[{"href":"https:\/\/www.europesays.com\/fr\/wp-json\/wp\/v2\/posts"}],"about":[{"href":"https:\/\/www.europesays.com\/fr\/wp-json\/wp\/v2\/types\/post"}],"author":[{"embeddable":true,"href":"https:\/\/www.europesays.com\/fr\/wp-json\/wp\/v2\/users\/2"}],"replies":[{"embeddable":true,"href":"https:\/\/www.europesays.com\/fr\/wp-json\/wp\/v2\/comments?post=517285"}],"version-history":[{"count":0,"href":"https:\/\/www.europesays.com\/fr\/wp-json\/wp\/v2\/posts\/517285\/revisions"}],"wp:featuredmedia":[{"embeddable":true,"href":"https:\/\/www.europesays.com\/fr\/wp-json\/wp\/v2\/media\/517286"}],"wp:attachment":[{"href":"https:\/\/www.europesays.com\/fr\/wp-json\/wp\/v2\/media?parent=517285"}],"wp:term":[{"taxonomy":"category","embeddable":true,"href":"https:\/\/www.europesays.com\/fr\/wp-json\/wp\/v2\/categories?post=517285"},{"taxonomy":"post_tag","embeddable":true,"href":"https:\/\/www.europesays.com\/fr\/wp-json\/wp\/v2\/tags?post=517285"}],"curies":[{"name":"wp","href":"https:\/\/api.w.org\/{rel}","templated":true}]}}