{"id":517291,"date":"2025-11-07T02:36:14","date_gmt":"2025-11-07T02:36:14","guid":{"rendered":"https:\/\/www.europesays.com\/fr\/517291\/"},"modified":"2025-11-07T02:36:14","modified_gmt":"2025-11-07T02:36:14","slug":"cap-sur-la-mediterranee","status":"publish","type":"post","link":"https:\/\/www.europesays.com\/fr\/517291\/","title":{"rendered":"cap sur la M\u00e9diterran\u00e9e !"},"content":{"rendered":"<p>Avis aux cin\u00e9philes et voyageurs immobiles : le programme \u00a0\u00bb Cin\u00e9-dimanche \u00a0\u00bb revient pour une cinqui\u00e8me saison haute en couleurs ! Du 16 novembre 2025 au 15 mars 2026, chaque troisi\u00e8me dimanche du mois, l&rsquo;auditorium du Mucem se transforme en passeport pour un tour de la M\u00e9diterran\u00e9e\u2026 sans quitter Marseille.<\/p>\n<p>Au programme ? Cinq escales, cinq films cultes et autant de fa\u00e7ons d&rsquo;explorer les rives ensoleill\u00e9es du bassin m\u00e9diterran\u00e9en. Chaque s\u00e9ance sera suivie d&rsquo;une rencontre par un critique ou un sp\u00e9cialiste du cin\u00e9ma, pour plonger au c\u0153ur des \u0153uvres, des villes et de leurs histoires.<\/p>\n<p>D\u00e9gustations et ateliers immersifs<\/p>\n<p>Et comme au Mucem la culture se savoure aussi avec les papilles, la projection se prolonge dans une ambiance conviviale : d\u00e9gustations de sp\u00e9cialit\u00e9s m\u00e9diterran\u00e9ennes, musiques, ateliers, jeux de soci\u00e9t\u00e9 et s\u00e9lection d&rsquo;ouvrages venus tout droit de la biblioth\u00e8que du Centre de Conservation et de Ressources.<\/p>\n<p>Et en bonus, \u00e0 chaque s\u00e9ance, un objet in\u00e9dit issu des collections du Mucem en lien avec la ville mise \u00e0 l&rsquo;honneur sera d\u00e9voil\u00e9 au public. Une belle mani\u00e8re de relier cin\u00e9ma, patrimoine et curiosit\u00e9 ! En bref, un voyage sensoriel et cin\u00e9matographique autour de la M\u00e9diterran\u00e9e.<\/p>\n<p>Informations pratiques<\/p>\n<p>Sur r\u00e9servation<\/p>\n<p>Rendez-vous chaque troisi\u00e8me dimanche du mois au Mucem.<\/p>\n<p>Prochain \u00e9v\u00e9nement &#8211; Un dimanche \u00e0 Alger : Omar la Fraise<\/p>\n<p>Dimanche 16 novembre 2025 \u00e0 15h, J4 \/ Auditorium, Forum<\/p>\n<p>Plus d&rsquo;infos sur le <a href=\"https:\/\/mucem.org\/temps-fort\/cine-dimanche\/\" target=\"_blank\" rel=\"noopener\">site du Mucem<\/a><\/p>\n","protected":false},"excerpt":{"rendered":"Avis aux cin\u00e9philes et voyageurs immobiles : le programme \u00a0\u00bb Cin\u00e9-dimanche \u00a0\u00bb revient pour une cinqui\u00e8me saison haute&hellip;\n","protected":false},"author":2,"featured_media":517292,"comment_status":"","ping_status":"","sticky":false,"template":"","format":"standard","meta":{"footnotes":""},"categories":[2814],"tags":[17,1111,11,30721,63767,251,1777,674,1011,27,884,1252,6864,12,882,25,3356],"class_list":{"0":"post-517291","1":"post","2":"type-post","3":"status-publish","4":"format-standard","5":"has-post-thumbnail","7":"category-marseille","8":"tag-17","9":"tag-actu","10":"tag-actualites","11":"tag-cap","12":"tag-cine-dimanche","13":"tag-culture","14":"tag-eu","15":"tag-europe","16":"tag-fr","17":"tag-france","18":"tag-marseille","19":"tag-mediterranee","20":"tag-mucem","21":"tag-news","22":"tag-provence-alpes-cote-dazur","23":"tag-republique-francaise","24":"tag-sur"},"share_on_mastodon":{"url":"https:\/\/pubeurope.com\/@fr\/115506091473293354","error":""},"_links":{"self":[{"href":"https:\/\/www.europesays.com\/fr\/wp-json\/wp\/v2\/posts\/517291","targetHints":{"allow":["GET"]}}],"collection":[{"href":"https:\/\/www.europesays.com\/fr\/wp-json\/wp\/v2\/posts"}],"about":[{"href":"https:\/\/www.europesays.com\/fr\/wp-json\/wp\/v2\/types\/post"}],"author":[{"embeddable":true,"href":"https:\/\/www.europesays.com\/fr\/wp-json\/wp\/v2\/users\/2"}],"replies":[{"embeddable":true,"href":"https:\/\/www.europesays.com\/fr\/wp-json\/wp\/v2\/comments?post=517291"}],"version-history":[{"count":0,"href":"https:\/\/www.europesays.com\/fr\/wp-json\/wp\/v2\/posts\/517291\/revisions"}],"wp:featuredmedia":[{"embeddable":true,"href":"https:\/\/www.europesays.com\/fr\/wp-json\/wp\/v2\/media\/517292"}],"wp:attachment":[{"href":"https:\/\/www.europesays.com\/fr\/wp-json\/wp\/v2\/media?parent=517291"}],"wp:term":[{"taxonomy":"category","embeddable":true,"href":"https:\/\/www.europesays.com\/fr\/wp-json\/wp\/v2\/categories?post=517291"},{"taxonomy":"post_tag","embeddable":true,"href":"https:\/\/www.europesays.com\/fr\/wp-json\/wp\/v2\/tags?post=517291"}],"curies":[{"name":"wp","href":"https:\/\/api.w.org\/{rel}","templated":true}]}}