{"id":517295,"date":"2025-11-07T02:38:20","date_gmt":"2025-11-07T02:38:20","guid":{"rendered":"https:\/\/www.europesays.com\/fr\/517295\/"},"modified":"2025-11-07T02:38:20","modified_gmt":"2025-11-07T02:38:20","slug":"une-faible-mobilisation-a-lyon-contre-le-gel-des-pensions","status":"publish","type":"post","link":"https:\/\/www.europesays.com\/fr\/517295\/","title":{"rendered":"une faible mobilisation \u00e0 Lyon contre le gel des pensions"},"content":{"rendered":"<p itemprop=\"description\"><strong>\u00c0 Lyon, les retrait\u00e9s se mobilisaient ce jeudi pour d\u00e9noncer un budget 2026 qui menace leur pouvoir d\u2019achat et l\u2019acc\u00e8s aux soins.<\/strong><\/p>\n<p>Ce jeudi, les retrait\u00e9s lyonnais \u00e9taient appel\u00e9s \u00e0 descendre dans la rue pour protester contre le projet de budget 2026. Le gel des pensions, le doublement des franchises m\u00e9dicales et la remise en cause de l\u2019Allocation de Solidarit\u00e9 aux Personnes \u00c2g\u00e9es (ASPA) \u00e9taient au c\u0153ur des inqui\u00e9tudes.<\/p>\n<p>Les syndicats appellaient \u00e0 une mobilisation pour obtenir une hausse g\u00e9n\u00e9rale des pensions de 10\u202f%, leur indexation sur les salaires, un acc\u00e8s universel aux soins, le retour \u00e0 la retraite \u00e0 60 ans avec d\u00e9parts anticip\u00e9s pour les m\u00e9tiers p\u00e9nibles, et le maintien des abattements fiscaux pour les retrait\u00e9s.<\/p>\n<p>Mais seulement 250 personnes ont r\u00e9pondu \u00e0 cet appel \u00e0 la manifestation. Le cort\u00e8ge a d\u00e9fil\u00e9 en d\u00e9but d&rsquo;apr\u00e8s-midi entre la place de la Com\u00e9die et la Pr\u00e9fecture du Rh\u00f4ne.<\/p>\n","protected":false},"excerpt":{"rendered":"\u00c0 Lyon, les retrait\u00e9s se mobilisaient ce jeudi pour d\u00e9noncer un budget 2026 qui menace leur pouvoir d\u2019achat&hellip;\n","protected":false},"author":2,"featured_media":517296,"comment_status":"","ping_status":"","sticky":false,"template":"","format":"standard","meta":{"footnotes":""},"categories":[1889],"tags":[1111,11,2813,2190,2430,1109,251,1112,2811,1777,674,118,1011,27,1922,1110,1114,2428,2810,12,241,316,25,2812,517,800],"class_list":{"0":"post-517295","1":"post","2":"type-post","3":"status-publish","4":"format-standard","5":"has-post-thumbnail","7":"category-lyon","8":"tag-actu","9":"tag-actualites","10":"tag-article","11":"tag-asvel","12":"tag-auvergne-rhone-alpes","13":"tag-breves","14":"tag-culture","15":"tag-depeches","16":"tag-economique","17":"tag-eu","18":"tag-europe","19":"tag-faits-divers","20":"tag-fr","21":"tag-france","22":"tag-info","23":"tag-informations","24":"tag-infos","25":"tag-lyon","26":"tag-lyonmag","27":"tag-news","28":"tag-ol","29":"tag-politique","30":"tag-republique-francaise","31":"tag-sociale","32":"tag-sport","33":"tag-transports"},"share_on_mastodon":{"url":"https:\/\/pubeurope.com\/@fr\/115506099210848711","error":""},"_links":{"self":[{"href":"https:\/\/www.europesays.com\/fr\/wp-json\/wp\/v2\/posts\/517295","targetHints":{"allow":["GET"]}}],"collection":[{"href":"https:\/\/www.europesays.com\/fr\/wp-json\/wp\/v2\/posts"}],"about":[{"href":"https:\/\/www.europesays.com\/fr\/wp-json\/wp\/v2\/types\/post"}],"author":[{"embeddable":true,"href":"https:\/\/www.europesays.com\/fr\/wp-json\/wp\/v2\/users\/2"}],"replies":[{"embeddable":true,"href":"https:\/\/www.europesays.com\/fr\/wp-json\/wp\/v2\/comments?post=517295"}],"version-history":[{"count":0,"href":"https:\/\/www.europesays.com\/fr\/wp-json\/wp\/v2\/posts\/517295\/revisions"}],"wp:featuredmedia":[{"embeddable":true,"href":"https:\/\/www.europesays.com\/fr\/wp-json\/wp\/v2\/media\/517296"}],"wp:attachment":[{"href":"https:\/\/www.europesays.com\/fr\/wp-json\/wp\/v2\/media?parent=517295"}],"wp:term":[{"taxonomy":"category","embeddable":true,"href":"https:\/\/www.europesays.com\/fr\/wp-json\/wp\/v2\/categories?post=517295"},{"taxonomy":"post_tag","embeddable":true,"href":"https:\/\/www.europesays.com\/fr\/wp-json\/wp\/v2\/tags?post=517295"}],"curies":[{"name":"wp","href":"https:\/\/api.w.org\/{rel}","templated":true}]}}