{"id":517307,"date":"2025-11-07T02:47:44","date_gmt":"2025-11-07T02:47:44","guid":{"rendered":"https:\/\/www.europesays.com\/fr\/517307\/"},"modified":"2025-11-07T02:47:44","modified_gmt":"2025-11-07T02:47:44","slug":"trois-enseignants-de-maternelle-suspendus-a-paris-liberation","status":"publish","type":"post","link":"https:\/\/www.europesays.com\/fr\/517307\/","title":{"rendered":"trois enseignants de maternelle suspendus \u00e0 Paris \u2013 Lib\u00e9ration"},"content":{"rendered":"<p class=\"sc-cPiKLX AiZTS text-element\">Plusieurs affaires distinctes. <a href=\"https:\/\/www.leparisien.fr\/paris-75\/comment-cest-possible-trois-enseignants-de-maternelle-suspendus-dans-des-affaires-dagression-sexuelle-a-paris-06-11-2025-62VUUXO2Q5DLVL3HCALRTQ2W4I.php\" target=\"_blank\" rel=\"noreferrer noopener\" title=\"https:\/\/www.leparisien.fr\/paris-75\/comment-cest-possible-trois-enseignants-de-maternelle-suspendus-dans-des-affaires-dagression-sexuelle-a-paris-06-11-2025-62VUUXO2Q5DLVL3HCALRTQ2W4I.php\">Le Parisien<\/a> r\u00e9v\u00e8le ce jeudi 6 novembre que trois enseignants de trois \u00e9coles maternelles parisiennes ont \u00e9t\u00e9 suspendus, mis en cause dans des affaires de p\u00e9docriminalit\u00e9. Dans le XXe arrondissement, \u00e0 l\u2019\u00e9cole maternelle Grands-Champs, c\u2019est une institutrice qui a ainsi \u00e9t\u00e9 suspendue apr\u00e8s avoir laiss\u00e9 entrer dans l\u2019\u00e9tablissement \u00e0 plusieurs reprises son compagnon, accus\u00e9 d\u2019avoir agress\u00e9 sexuellement un enfant. Selon Le Parisien, un signalement a \u00e9t\u00e9 transmis au parquet de Paris apr\u00e8s que les parents de l\u2019enfant ont d\u00e9nonc\u00e9 les faits \u00e0 la directrice de l\u2019\u00e9cole, le 30 septembre dernier.<\/p>\n<p class=\"sc-cPiKLX AiZTS text-element\">Dans le XIXe arrondissement, \u00e0 l\u2019\u00e9cole maternelle Fessart, un autre enseignant a \u00e9t\u00e9 suspendu apr\u00e8s une plainte d\u00e9pos\u00e9e durant les derni\u00e8res vacances scolaires pour viol sur mineur. Or, selon le m\u00e9dia, ce m\u00eame homme aurait d\u00e9j\u00e0 \u00e9t\u00e9 vis\u00e9 par au moins une plainte du m\u00eame type en 2023. Il avait n\u00e9anmoins pu reprendre son poste apr\u00e8s un arr\u00eat maladie longue dur\u00e9e.<\/p>\n<p class=\"sc-cPiKLX AiZTS text-element\">Ces deux affaires viennent s\u2019ajouter \u00e0 celle de l\u2019\u00e9cole de l\u2019Aqueduc, dans le Xe arrondissement de Paris, o\u00f9 un enseignant a fait l\u2019objet d\u2019une plainte pour agression sexuelle au mois d\u2019octobre. L\u00e0 aussi, l\u2019instituteur a \u00e9t\u00e9 suspendu. Plus largement, l\u2019acad\u00e9mie de Paris indique au Parisien que sur les 35 000 personnels qu\u2019elle compte, \u00ab26 font l\u2019objet d\u2019une suspension tous motifs confondus, dont 22 enseignants\u00bb. Sans pr\u00e9ciser la part de suspensions pour des motifs \u00e0 caract\u00e8re p\u00e9docriminel.<\/p>\n<p class=\"sc-cPiKLX AiZTS text-element\">Ceci sans compter le p\u00e9riscolaire. <a href=\"https:\/\/www.liberation.fr\/societe\/police-justice\/a-paris-trois-animateurs-decole-maternelle-suspendus-apres-des-soupcons-de-faits-a-caractere-sexuel-20251016_KD3N3P4B4ZA5JCD7MGL6QXERLE\/\" target=\"_blank\" rel=\"noreferrer noopener\" title=\"https:\/\/www.liberation.fr\/societe\/police-justice\/a-paris-trois-animateurs-decole-maternelle-suspendus-apres-des-soupcons-de-faits-a-caractere-sexuel-20251016_KD3N3P4B4ZA5JCD7MGL6QXERLE\/\">Trois animateurs de l\u2019\u00e9cole Bullourde<\/a>, dans le XIe arrondissement, ont \u00e9t\u00e9 suspendus depuis la rentr\u00e9e scolaire apr\u00e8s des soup\u00e7ons de \u00abfaits \u00e0 caract\u00e8re sexuel\u00bb, dont une agression, apprenait-on \u00e9galement le 16 octobre aupr\u00e8s de la mairie de Paris. Les agents mis en cause ont \u00e9t\u00e9 \u00abretir\u00e9s du terrain et suspendus d\u00e8s connaissance des alertes remont\u00e9es par les parents\u00bb, a indiqu\u00e9 la mairie, qui a annonc\u00e9 avoir d\u00e9pos\u00e9 plainte \u00abafin de renouveler son soutien aux victimes et aux familles\u00bb.<\/p>\n","protected":false},"excerpt":{"rendered":"Plusieurs affaires distinctes. Le Parisien r\u00e9v\u00e8le ce jeudi 6 novembre que trois enseignants de trois \u00e9coles maternelles parisiennes&hellip;\n","protected":false},"author":2,"featured_media":517308,"comment_status":"","ping_status":"","sticky":false,"template":"","format":"standard","meta":{"footnotes":""},"categories":[1888],"tags":[11,1777,674,1011,27,12,626,874,25],"class_list":{"0":"post-517307","1":"post","2":"type-post","3":"status-publish","4":"format-standard","5":"has-post-thumbnail","7":"category-paris","8":"tag-actualites","9":"tag-eu","10":"tag-europe","11":"tag-fr","12":"tag-france","13":"tag-news","14":"tag-paris","15":"tag-pedophilie","16":"tag-republique-francaise"},"share_on_mastodon":{"url":"https:\/\/pubeurope.com\/@fr\/115506134637629171","error":""},"_links":{"self":[{"href":"https:\/\/www.europesays.com\/fr\/wp-json\/wp\/v2\/posts\/517307","targetHints":{"allow":["GET"]}}],"collection":[{"href":"https:\/\/www.europesays.com\/fr\/wp-json\/wp\/v2\/posts"}],"about":[{"href":"https:\/\/www.europesays.com\/fr\/wp-json\/wp\/v2\/types\/post"}],"author":[{"embeddable":true,"href":"https:\/\/www.europesays.com\/fr\/wp-json\/wp\/v2\/users\/2"}],"replies":[{"embeddable":true,"href":"https:\/\/www.europesays.com\/fr\/wp-json\/wp\/v2\/comments?post=517307"}],"version-history":[{"count":0,"href":"https:\/\/www.europesays.com\/fr\/wp-json\/wp\/v2\/posts\/517307\/revisions"}],"wp:featuredmedia":[{"embeddable":true,"href":"https:\/\/www.europesays.com\/fr\/wp-json\/wp\/v2\/media\/517308"}],"wp:attachment":[{"href":"https:\/\/www.europesays.com\/fr\/wp-json\/wp\/v2\/media?parent=517307"}],"wp:term":[{"taxonomy":"category","embeddable":true,"href":"https:\/\/www.europesays.com\/fr\/wp-json\/wp\/v2\/categories?post=517307"},{"taxonomy":"post_tag","embeddable":true,"href":"https:\/\/www.europesays.com\/fr\/wp-json\/wp\/v2\/tags?post=517307"}],"curies":[{"name":"wp","href":"https:\/\/api.w.org\/{rel}","templated":true}]}}