{"id":517313,"date":"2025-11-07T02:53:21","date_gmt":"2025-11-07T02:53:21","guid":{"rendered":"https:\/\/www.europesays.com\/fr\/517313\/"},"modified":"2025-11-07T02:53:21","modified_gmt":"2025-11-07T02:53:21","slug":"etats-unis-usa-pas-de-passeports-non-correspondants-au-genre-de-naissance","status":"publish","type":"post","link":"https:\/\/www.europesays.com\/fr\/517313\/","title":{"rendered":"Etats-Unis: USA: pas de passeports non correspondants au genre de naissance"},"content":{"rendered":"<p>  <img decoding=\"async\" class=\"m-image-and-caption__image lazyload\" src=\"https:\/\/www.europesays.com\/fr\/wp-content\/uploads\/2025\/11\/fcc6c15c-1cb9-4ae7-8b06-3453251e7753.jpeg\"  data- alt=\"Image d'illustration de manifestants participant au Trans Day of visibility \u00e0 Washington, en mars dernier.\"\/><\/p>\n<p>      Image d&rsquo;illustration de manifestants participant au Trans Day of visibility \u00e0 Washington, en mars dernier.<\/p>\n<p>        ATS\n      <\/p>\n<p class=\"a-paragraph a-paragraph--lead\" data-t-name=\"Paragraph\">La Cour supr\u00eame am\u00e9ricaine a avalis\u00e9 jeudi l&rsquo;interdiction par l&rsquo;administration Trump de la d\u00e9livrance de passeports portant le genre \u00abX\u00bb ou un genre diff\u00e9rent de celui de naissance pour les personnes transgenres ou s&rsquo;identifiant comme non binaires.<\/p>\n<p class=\"a-paragraph\" data-t-name=\"Paragraph\">Donald Trump a sign\u00e9 le 20 janvier, jour de son investiture, un d\u00e9cret selon lequel son administration ne reconna\u00eetrait d\u00e9sormais l&rsquo;existence que de \u00abdeux sexes, masculin et f\u00e9minin\u00bb, d\u00e9finis \u00e0 la naissance.<\/p>\n<p class=\"a-paragraph\" data-t-name=\"Paragraph\">Il revenait ainsi sur une r\u00e9forme introduite sous son pr\u00e9d\u00e9cesseur d\u00e9mocrate Joe Biden. Le d\u00e9partement d&rsquo;Etat am\u00e9ricain avait ensuite annonc\u00e9 qu&rsquo;il cessait de d\u00e9livrer des passeports avec le genre \u00abX\u00bb ou d&rsquo;un genre diff\u00e9rent du genre de naissance des titulaires du document.<\/p>\n<p class=\"a-paragraph\" data-t-name=\"Paragraph\">Cette d\u00e9cision avait \u00e9t\u00e9 contest\u00e9e en justice et suspendue en premi\u00e8re instance en juin, puis en appel en septembre.<\/p>\n<p class=\"a-paragraph\" data-t-name=\"Paragraph\">Mercredi, la Cour supr\u00eame, contre l&rsquo;avis des trois juges progressistes (sur neuf au total), a lev\u00e9 cette suspension.<\/p>\n<p class=\"a-paragraph\" data-t-name=\"Paragraph\">\u00abAfficher le sexe des titulaires du passeport \u00e0 la naissance ne porte pas davantage aux principes d&rsquo;\u00e9galit\u00e9 devant la loi que d&rsquo;afficher leur pays de naissance \u2013 dans les deux cas le gouvernement ne fait qu&rsquo;attester d&rsquo;un fait \u00e9tabli\u00bb, a-t-elle affirm\u00e9.<\/p>\n<p class=\"a-paragraph\" data-t-name=\"Paragraph\">L&rsquo;influente organisation de d\u00e9fense des droits civiques ACLU, impliqu\u00e9e dans la proc\u00e9dure, voit dans cette d\u00e9cision \u00abun retour en arri\u00e8re pour les libert\u00e9s de toutes les personnes \u00e0 \u00eatre elles-m\u00eames\u00bb, lui reprochant \u00abd&rsquo;alimenter le feu qu&rsquo;attise l&rsquo;administration Trump contre les personnes transgenres et leurs droits constitutionnels\u00bb.<\/p>\n<p class=\"a-paragraph\" data-t-name=\"Paragraph\">Le premier passeport am\u00e9ricain avec genre \u00abX\u00bb avait \u00e9t\u00e9 d\u00e9livr\u00e9 en octobre 2021 par le d\u00e9partement d&rsquo;Etat pour les \u00abpersonnes non binaires, intersexes\u00bb et plus largement celles qui ne se reconnaissent pas dans les crit\u00e8res de genre propos\u00e9s jusqu&rsquo;alors.<\/p>\n<p class=\"a-paragraph\" data-t-name=\"Paragraph\">Les droits des personnes transgenres sont un des th\u00e8mes majeurs des guerres soci\u00e9tales qui fracturent les Etats-Unis. Donald Trump en avait fait l&rsquo;un des axes de sa campagne en 2024, promettant de mettre fin au \u00abd\u00e9lire transgenre\u00bb.<\/p>\n<p class=\"a-paragraph\" data-t-name=\"Paragraph\">Depuis son retour au pouvoir, il est revenu sur une s\u00e9rie d&rsquo;acquis obtenus par les personnes transgenres.<\/p>\n<p class=\"a-paragraph\" data-t-name=\"Paragraph\">Il a ainsi ordonn\u00e9 l&rsquo;exclusion des personnes transgenres des forces arm\u00e9es et autoris\u00e9 les agences f\u00e9d\u00e9rales \u00e0 couper les subventions aux \u00e9coles qui permettent aux athl\u00e8tes transgenres de concourir dans des championnats f\u00e9minins.<\/p>\n<p class=\"a-paragraph\" data-t-name=\"Paragraph\">La Cour supr\u00eame a provisoirement autoris\u00e9 l&rsquo;administration Trump \u00e0 exclure les personnes transgenres de l&rsquo;arm\u00e9e, avant une d\u00e9cision sur le fond.<\/p>\n<p class=\"a-paragraph\" data-t-name=\"Paragraph\">Elle doit par ailleurs statuer dans les prochains mois sur la participation des personnes transgenres aux comp\u00e9titions sportives f\u00e9minines.<\/p>\n","protected":false},"excerpt":{"rendered":"Image d&rsquo;illustration de manifestants participant au Trans Day of visibility \u00e0 Washington, en mars dernier. ATS La Cour&hellip;\n","protected":false},"author":2,"featured_media":517314,"comment_status":"","ping_status":"","sticky":false,"template":"","format":"standard","meta":{"footnotes":""},"categories":[1589],"tags":[11,73,1866,12,1864,1865,1863,308],"class_list":{"0":"post-517313","1":"post","2":"type-post","3":"status-publish","4":"format-standard","5":"has-post-thumbnail","7":"category-etats-unis","8":"tag-actualites","9":"tag-etats-unis","10":"tag-etats-unis-damerique","11":"tag-news","12":"tag-united-states","13":"tag-united-states-of-america","14":"tag-us","15":"tag-usa"},"share_on_mastodon":{"url":"https:\/\/pubeurope.com\/@fr\/115506158798775607","error":""},"_links":{"self":[{"href":"https:\/\/www.europesays.com\/fr\/wp-json\/wp\/v2\/posts\/517313","targetHints":{"allow":["GET"]}}],"collection":[{"href":"https:\/\/www.europesays.com\/fr\/wp-json\/wp\/v2\/posts"}],"about":[{"href":"https:\/\/www.europesays.com\/fr\/wp-json\/wp\/v2\/types\/post"}],"author":[{"embeddable":true,"href":"https:\/\/www.europesays.com\/fr\/wp-json\/wp\/v2\/users\/2"}],"replies":[{"embeddable":true,"href":"https:\/\/www.europesays.com\/fr\/wp-json\/wp\/v2\/comments?post=517313"}],"version-history":[{"count":0,"href":"https:\/\/www.europesays.com\/fr\/wp-json\/wp\/v2\/posts\/517313\/revisions"}],"wp:featuredmedia":[{"embeddable":true,"href":"https:\/\/www.europesays.com\/fr\/wp-json\/wp\/v2\/media\/517314"}],"wp:attachment":[{"href":"https:\/\/www.europesays.com\/fr\/wp-json\/wp\/v2\/media?parent=517313"}],"wp:term":[{"taxonomy":"category","embeddable":true,"href":"https:\/\/www.europesays.com\/fr\/wp-json\/wp\/v2\/categories?post=517313"},{"taxonomy":"post_tag","embeddable":true,"href":"https:\/\/www.europesays.com\/fr\/wp-json\/wp\/v2\/tags?post=517313"}],"curies":[{"name":"wp","href":"https:\/\/api.w.org\/{rel}","templated":true}]}}