{"id":517317,"date":"2025-11-07T02:55:22","date_gmt":"2025-11-07T02:55:22","guid":{"rendered":"https:\/\/www.europesays.com\/fr\/517317\/"},"modified":"2025-11-07T02:55:22","modified_gmt":"2025-11-07T02:55:22","slug":"allemagne-leroy-sane-de-retour","status":"publish","type":"post","link":"https:\/\/www.europesays.com\/fr\/517317\/","title":{"rendered":"Allemagne : Leroy San\u00e9 de retour"},"content":{"rendered":"<p data-testid=\"wcl-typoNewsPerex\" itemprop=\"description\">Malick Thiaw, Kevin Schade et Leroy San\u00e9 font leur retour, tandis que Said El Mala est convoqu\u00e9 pour la premi\u00e8re fois dans le groupe de 25 joueurs de l\u2019Allemagne pour les qualifications \u00e0 la Coupe du monde de novembre, a annonc\u00e9 jeudi le s\u00e9lectionneur Julian Nagelsmann.<\/p>\n<p><a href=\"https:\/\/www.flashscore.fr\/joueur\/el-mala-said\/KzrmNypJ\/\" data-analytics-element=\"ARTICLE_TEXT_LINK\" data-analytics-alias=\"internal\" target=\"_blank\" rel=\"noopener\">Said El Mala<\/a>, 19 ans, a \u00e9t\u00e9 retenu malgr\u00e9 seulement neuf matchs de Bundesliga disput\u00e9s. Promu avec Cologne cet \u00e9t\u00e9, El Mala a d\u00e9j\u00e0 inscrit quatre buts en Bundesliga cette saison.<\/p>\n<p>Quatre joueurs \u2013 <a href=\"https:\/\/www.flashscore.fr\/joueur\/andrich-robert\/zDjAwp82\/\" data-analytics-element=\"ARTICLE_TEXT_LINK\" data-analytics-alias=\"internal\" target=\"_blank\" rel=\"noopener\">Robert Andrich<\/a>, <a href=\"https:\/\/www.flashscore.fr\/joueur\/koch-robin\/WzSF4nFU\/\" data-analytics-element=\"ARTICLE_TEXT_LINK\" data-analytics-alias=\"internal\" target=\"_blank\" rel=\"noopener\">Robin Koch<\/a>, <a href=\"https:\/\/www.flashscore.fr\/joueur\/stiller-angelo\/0hF2GIXS\/\" data-analytics-element=\"ARTICLE_TEXT_LINK\" data-analytics-alias=\"internal\" target=\"_blank\" rel=\"noopener\">Angelo Stiller<\/a> et <a href=\"https:\/\/www.flashscore.fr\/joueur\/beier-maximilian\/6PhlgcmU\/\" data-analytics-element=\"ARTICLE_TEXT_LINK\" data-analytics-alias=\"internal\" target=\"_blank\" rel=\"noopener\">Maximilian Beier<\/a> \u2013 ne figurent plus dans la liste par rapport au groupe d\u2019octobre.<\/p>\n<p>L\u2019ancien ailier de <a href=\"https:\/\/www.flashscore.fr\/equipe\/manchester-city\/Wtn9Stg0\/\" data-analytics-element=\"ARTICLE_TEXT_LINK\" data-analytics-alias=\"internal\" target=\"_blank\" rel=\"noopener\">Manchester City<\/a> et du <a href=\"https:\/\/www.flashscore.fr\/equipe\/bayern\/nVp0wiqd\/\" data-analytics-element=\"ARTICLE_TEXT_LINK\" data-analytics-alias=\"internal\" target=\"_blank\" rel=\"noopener\">Bayern Munich<\/a>, <a href=\"https:\/\/www.flashscore.fr\/joueur\/sane-leroy\/GlTyfr8U\/\" data-analytics-element=\"ARTICLE_TEXT_LINK\" data-analytics-alias=\"internal\" target=\"_blank\" rel=\"noopener\">Leroy San\u00e9<\/a>, qui a rejoint <a href=\"https:\/\/www.flashscore.fr\/equipe\/galatasaray\/riaqqurF\/\" data-analytics-element=\"ARTICLE_TEXT_LINK\" data-analytics-alias=\"internal\" target=\"_blank\" rel=\"noopener\">Galatasaray<\/a> en Turquie cet \u00e9t\u00e9, n\u2019avait plus jou\u00e9 avec l\u2019<a href=\"https:\/\/www.flashscore.fr\/equipe\/allemagne\/ptQide1O\/\" data-analytics-element=\"ARTICLE_TEXT_LINK\" data-analytics-alias=\"internal\" target=\"_blank\" rel=\"noopener\">Allemagne<\/a> depuis juin.<\/p>\n<p>Nagelsmann a d\u00e9clar\u00e9 que San\u00e9 avait <b>\u00ab m\u00e9rit\u00e9 sa s\u00e9lection gr\u00e2ce \u00e0 ses bonnes performances en Ligue des champions et en S\u00fcper Lig. \u00bb<\/b><\/p>\n<p>Le joueur aux 70 s\u00e9lections compte trois buts et trois passes d\u00e9cisives en 14 matchs avec Galatasaray.<\/p>\n<p>Plusieurs titulaires sont toujours absents du groupe allemand en raison de blessures.<\/p>\n<p>Les attaquants <a href=\"https:\/\/www.flashscore.fr\/joueur\/havertz-kai\/rH8BZWiI\/\" data-analytics-element=\"ARTICLE_TEXT_LINK\" data-analytics-alias=\"internal\" target=\"_blank\" rel=\"noopener\">Kai Havertz<\/a>, <a href=\"https:\/\/www.flashscore.fr\/joueur\/musiala-jamal\/nVzSNrOf\/\" data-analytics-element=\"ARTICLE_TEXT_LINK\" data-analytics-alias=\"internal\" target=\"_blank\" rel=\"noopener\">Jamal Musiala<\/a>, Niclas F\u00fcllkrug et <a href=\"https:\/\/www.flashscore.fr\/joueur\/kleindienst-tim\/4EFLl8xt\/\" data-analytics-element=\"ARTICLE_TEXT_LINK\" data-analytics-alias=\"internal\" target=\"_blank\" rel=\"noopener\">Tim Kleindienst<\/a> sont forfaits, tout comme le gardien <a href=\"https:\/\/www.flashscore.fr\/joueur\/ter-stegen-marc-andre\/byxc46yl\/\" data-analytics-element=\"ARTICLE_TEXT_LINK\" data-analytics-alias=\"internal\" target=\"_blank\" rel=\"noopener\">Marc-Andr\u00e9 ter Stegen<\/a> et le d\u00e9fenseur <a href=\"https:\/\/www.flashscore.fr\/joueur\/rudiger-antonio\/rZHXvTho\/\" data-analytics-element=\"ARTICLE_TEXT_LINK\" data-analytics-alias=\"internal\" target=\"_blank\" rel=\"noopener\">Antonio R\u00fcdiger<\/a>.<\/p>\n<p>Le duo de Premier League <a href=\"https:\/\/www.flashscore.fr\/joueur\/wirtz-florian\/0Q5gjImi\/\" data-analytics-element=\"ARTICLE_TEXT_LINK\" data-analytics-alias=\"internal\" target=\"_blank\" rel=\"noopener\">Florian Wirtz<\/a> de <a href=\"https:\/\/www.flashscore.fr\/equipe\/liverpool\/lId4TMwf\/\" data-analytics-element=\"ARTICLE_TEXT_LINK\" data-analytics-alias=\"internal\" target=\"_blank\" rel=\"noopener\">Liverpool<\/a> et <a href=\"https:\/\/www.flashscore.fr\/joueur\/woltemade-nick\/4YDUd1at\/\" data-analytics-element=\"ARTICLE_TEXT_LINK\" data-analytics-alias=\"internal\" target=\"_blank\" rel=\"noopener\">Nick Woltemade<\/a> de <a href=\"https:\/\/www.flashscore.fr\/equipe\/newcastle\/p6ahwuwJ\/\" data-analytics-element=\"ARTICLE_TEXT_LINK\" data-analytics-alias=\"internal\" target=\"_blank\" rel=\"noopener\">Newcastle<\/a> m\u00e8neront l\u2019attaque allemande.<\/p>\n<p><a href=\"https:\/\/www.flashscore.fr\/match\/football\/allemagne-ptQide1O\/luxembourg-2cnFSaNj\/?mid=6FvinVrC\" data-analytics-element=\"ARTICLE_TEXT_LINK\" data-analytics-alias=\"internal\" target=\"_blank\" rel=\"noopener\">L\u2019Allemagne se d\u00e9place au Luxembourg<\/a> le 14 novembre, avant d\u2019encha\u00eener avec <a href=\"https:\/\/www.flashscore.fr\/match\/football\/allemagne-ptQide1O\/slovaquie-KpLb2q1U\/?mid=x21OTMSp\" data-analytics-element=\"ARTICLE_TEXT_LINK\" data-analytics-alias=\"internal\" target=\"_blank\" rel=\"noopener\">un choc d\u00e9cisif contre la Slovaquie<\/a> \u00e0 <a href=\"https:\/\/www.flashscore.fr\/equipe\/rb-leipzig\/KbS1suSm\/\" data-analytics-element=\"ARTICLE_TEXT_LINK\" data-analytics-alias=\"internal\" target=\"_blank\" rel=\"noopener\">Leipzig<\/a> trois jours plus tard.<\/p>\n<p>Deux victoires garantiraient la premi\u00e8re place du groupe \u00e0 l\u2019Allemagne et une qualification directe pour la Coupe du monde. Si l\u2019Allemagne ne termine pas en t\u00eate, elle devra passer par une phase de qualification suppl\u00e9mentaire en mars.<\/p>\n<p>La Slovaquie compte autant de points que l\u2019Allemagne (neuf) dans le groupe A, mais la s\u00e9lection de Nagelsmann occupe la premi\u00e8re place gr\u00e2ce \u00e0 une meilleure diff\u00e9rence de buts.<\/p>\n<p>La Slovaquie s\u2019est impos\u00e9e 2-0 \u00e0 domicile face \u00e0 l\u2019Allemagne en septembre et recevra <a href=\"https:\/\/www.flashscore.fr\/equipe\/irlande-du-nord\/lQADNSWu\/\" data-analytics-element=\"ARTICLE_TEXT_LINK\" data-analytics-alias=\"internal\" target=\"_blank\" rel=\"noopener\">l\u2019Irlande du Nord<\/a> pour son autre match qualificatif.<\/p>\n<p>Effectif de l\u2019Allemagne<\/p>\n<p>Gardiens : <a href=\"https:\/\/www.flashscore.fr\/joueur\/atubolu-noah\/UwlvfZCm\/\" data-analytics-element=\"ARTICLE_TEXT_LINK\" data-analytics-alias=\"internal\" target=\"_blank\" rel=\"noopener\">Noah Atubolu<\/a> (<a href=\"https:\/\/www.flashscore.fr\/equipe\/freiburg\/fiEQZ7C7\/\" data-analytics-element=\"ARTICLE_TEXT_LINK\" data-analytics-alias=\"internal\" target=\"_blank\" rel=\"noopener\">Fribourg<\/a>), <a href=\"https:\/\/www.flashscore.fr\/joueur\/baumann-oliver\/MZ6BATVO\/\" data-analytics-element=\"ARTICLE_TEXT_LINK\" data-analytics-alias=\"internal\" target=\"_blank\" rel=\"noopener\">Oliver Baumann<\/a> (<a href=\"https:\/\/www.flashscore.fr\/equipe\/hoffenheim\/hQAtP9Sl\/\" data-analytics-element=\"ARTICLE_TEXT_LINK\" data-analytics-alias=\"internal\" target=\"_blank\" rel=\"noopener\">Hoffenheim<\/a>), <a href=\"https:\/\/www.flashscore.fr\/joueur\/dahmen-finn\/bi35uzgT\/\" data-analytics-element=\"ARTICLE_TEXT_LINK\" data-analytics-alias=\"internal\" target=\"_blank\" rel=\"noopener\">Finn Dahmen<\/a> (<a href=\"https:\/\/www.flashscore.fr\/equipe\/augsburg\/fTVNku3I\/\" data-analytics-element=\"ARTICLE_TEXT_LINK\" data-analytics-alias=\"internal\" target=\"_blank\" rel=\"noopener\">Augsbourg<\/a>), Alexander N\u00fcbel (<a href=\"https:\/\/www.flashscore.fr\/equipe\/stuttgart\/nJQmYp1B\/\" data-analytics-element=\"ARTICLE_TEXT_LINK\" data-analytics-alias=\"internal\" target=\"_blank\" rel=\"noopener\">Stuttgart<\/a>)<\/p>\n<p>D\u00e9fenseurs : <a href=\"https:\/\/www.flashscore.fr\/joueur\/anton-waldemar\/b3gqj94D\/\" data-analytics-element=\"ARTICLE_TEXT_LINK\" data-analytics-alias=\"internal\" target=\"_blank\" rel=\"noopener\">Waldemar Anton<\/a> (<a href=\"https:\/\/www.flashscore.fr\/equipe\/dortmund\/nP1i5US1\/\" data-analytics-element=\"ARTICLE_TEXT_LINK\" data-analytics-alias=\"internal\" target=\"_blank\" rel=\"noopener\">Borussia Dortmund<\/a>), <a href=\"https:\/\/www.flashscore.fr\/joueur\/baku-bote\/AVMjVAqt\/\" data-analytics-element=\"ARTICLE_TEXT_LINK\" data-analytics-alias=\"internal\" target=\"_blank\" rel=\"noopener\">Ridle Baku<\/a> (RB Leipzig), Nathaniel Brown (<a href=\"https:\/\/www.flashscore.fr\/equipe\/frankfurt\/8vndvXTk\/\" data-analytics-element=\"ARTICLE_TEXT_LINK\" data-analytics-alias=\"internal\" target=\"_blank\" rel=\"noopener\">Eintracht Francfort<\/a>), <a href=\"https:\/\/www.flashscore.fr\/joueur\/kimmich-joshua\/MkMrkZLc\/\" data-analytics-element=\"ARTICLE_TEXT_LINK\" data-analytics-alias=\"internal\" target=\"_blank\" rel=\"noopener\">Joshua Kimmich<\/a> (Bayern Munich), <a href=\"https:\/\/www.flashscore.fr\/joueur\/nmecha-felix\/80RErj9O\/\" data-analytics-element=\"ARTICLE_TEXT_LINK\" data-analytics-alias=\"internal\" target=\"_blank\" rel=\"noopener\">Felix Nmecha<\/a> (Borussia Dortmund), <a href=\"https:\/\/www.flashscore.fr\/joueur\/pavlovic-aleksandar\/noANPQx4\/\" data-analytics-element=\"ARTICLE_TEXT_LINK\" data-analytics-alias=\"internal\" target=\"_blank\" rel=\"noopener\">Aleksandar Pavlovic<\/a> (Bayern Munich), <a href=\"https:\/\/www.flashscore.fr\/joueur\/raum-david\/2XVqEh8k\/\" data-analytics-element=\"ARTICLE_TEXT_LINK\" data-analytics-alias=\"internal\" target=\"_blank\" rel=\"noopener\">David Raum<\/a> (RB Leipzig), <a href=\"https:\/\/www.flashscore.fr\/joueur\/schlotterbeck-nico\/hKLN8mA7\/\" data-analytics-element=\"ARTICLE_TEXT_LINK\" data-analytics-alias=\"internal\" target=\"_blank\" rel=\"noopener\">Nico Schlotterbeck<\/a> (Borussia Dortmund), <a href=\"https:\/\/www.flashscore.fr\/joueur\/tah-jonathan\/2yf8EcuE\/\" data-analytics-element=\"ARTICLE_TEXT_LINK\" data-analytics-alias=\"internal\" target=\"_blank\" rel=\"noopener\">Jonathan Tah<\/a> (Bayern Munich), <a href=\"https:\/\/www.flashscore.fr\/joueur\/thiaw-malick\/0vSsR1xI\/\" data-analytics-element=\"ARTICLE_TEXT_LINK\" data-analytics-alias=\"internal\" target=\"_blank\" rel=\"noopener\">Malick Thiaw<\/a> (Newcastle\/ANG)<\/p>\n<p>Milieux\/attaquants : <a href=\"https:\/\/www.flashscore.fr\/joueur\/adeyemi-karim\/GvIzwgo8\/\" data-analytics-element=\"ARTICLE_TEXT_LINK\" data-analytics-alias=\"internal\" target=\"_blank\" rel=\"noopener\">Karim Adeyemi<\/a> (Borussia Dortmund), <a href=\"https:\/\/www.flashscore.fr\/joueur\/amiri-nadiem\/b3H5VR8I\/\" data-analytics-element=\"ARTICLE_TEXT_LINK\" data-analytics-alias=\"internal\" target=\"_blank\" rel=\"noopener\">Nadiem Amiri<\/a> (<a href=\"https:\/\/www.flashscore.fr\/equipe\/mainz\/EuakNmc1\/\" data-analytics-element=\"ARTICLE_TEXT_LINK\" data-analytics-alias=\"internal\" target=\"_blank\" rel=\"noopener\">Mayence<\/a>), <a href=\"https:\/\/www.flashscore.fr\/joueur\/burkardt-jonathan\/MicyKu3h\/\" data-analytics-element=\"ARTICLE_TEXT_LINK\" data-analytics-alias=\"internal\" target=\"_blank\" rel=\"noopener\">Jonathan Burkardt<\/a> (Eintracht Francfort), Said El Mala (Cologne), <a href=\"https:\/\/www.flashscore.fr\/joueur\/gnabry-serge\/6iZjDNFC\/\" data-analytics-element=\"ARTICLE_TEXT_LINK\" data-analytics-alias=\"internal\" target=\"_blank\" rel=\"noopener\">Serge Gnabry<\/a> (Bayern Munich), <a href=\"https:\/\/www.flashscore.fr\/joueur\/goretzka-leon\/l2JpsMjB\/\" data-analytics-element=\"ARTICLE_TEXT_LINK\" data-analytics-alias=\"internal\" target=\"_blank\" rel=\"noopener\">Leon Goretzka<\/a> (Bayern Munich), <a href=\"https:\/\/www.flashscore.fr\/joueur\/leweling-jamie\/UTtpcjym\/\" data-analytics-element=\"ARTICLE_TEXT_LINK\" data-analytics-alias=\"internal\" target=\"_blank\" rel=\"noopener\">Jamie Leweling<\/a> (Stuttgart), Leroy San\u00e9 (Galatasaray\/TUR), <a href=\"https:\/\/www.flashscore.fr\/joueur\/schade-kevin\/GOPUXXvG\/\" data-analytics-element=\"ARTICLE_TEXT_LINK\" data-analytics-alias=\"internal\" target=\"_blank\" rel=\"noopener\">Kevin Schade<\/a> (<a href=\"https:\/\/www.flashscore.fr\/equipe\/brentford\/xYe7DwID\/\" data-analytics-element=\"ARTICLE_TEXT_LINK\" data-analytics-alias=\"internal\" target=\"_blank\" rel=\"noopener\">Brentford<\/a>\/ANG), Florian Wirtz (Liverpool\/ANG), Nick Woltemade (Newcastle\/ANG)<\/p>\n","protected":false},"excerpt":{"rendered":"Malick Thiaw, Kevin Schade et Leroy San\u00e9 font leur retour, tandis que Said El Mala est convoqu\u00e9 pour&hellip;\n","protected":false},"author":2,"featured_media":517318,"comment_status":"","ping_status":"","sticky":false,"template":"","format":"standard","meta":{"footnotes":""},"categories":[1587],"tags":[11,672,1804,1805,1803,1777,674,1801,12,1802],"class_list":{"0":"post-517317","1":"post","2":"type-post","3":"status-publish","4":"format-standard","5":"has-post-thumbnail","7":"category-allemagne","8":"tag-actualites","9":"tag-allemagne","10":"tag-bundesrepublik-deutschland","11":"tag-de","12":"tag-deutschland","13":"tag-eu","14":"tag-europe","15":"tag-germany","16":"tag-news","17":"tag-republique-federale-dallemagne"},"share_on_mastodon":{"url":"https:\/\/pubeurope.com\/@fr\/115506166037699147","error":""},"_links":{"self":[{"href":"https:\/\/www.europesays.com\/fr\/wp-json\/wp\/v2\/posts\/517317","targetHints":{"allow":["GET"]}}],"collection":[{"href":"https:\/\/www.europesays.com\/fr\/wp-json\/wp\/v2\/posts"}],"about":[{"href":"https:\/\/www.europesays.com\/fr\/wp-json\/wp\/v2\/types\/post"}],"author":[{"embeddable":true,"href":"https:\/\/www.europesays.com\/fr\/wp-json\/wp\/v2\/users\/2"}],"replies":[{"embeddable":true,"href":"https:\/\/www.europesays.com\/fr\/wp-json\/wp\/v2\/comments?post=517317"}],"version-history":[{"count":0,"href":"https:\/\/www.europesays.com\/fr\/wp-json\/wp\/v2\/posts\/517317\/revisions"}],"wp:featuredmedia":[{"embeddable":true,"href":"https:\/\/www.europesays.com\/fr\/wp-json\/wp\/v2\/media\/517318"}],"wp:attachment":[{"href":"https:\/\/www.europesays.com\/fr\/wp-json\/wp\/v2\/media?parent=517317"}],"wp:term":[{"taxonomy":"category","embeddable":true,"href":"https:\/\/www.europesays.com\/fr\/wp-json\/wp\/v2\/categories?post=517317"},{"taxonomy":"post_tag","embeddable":true,"href":"https:\/\/www.europesays.com\/fr\/wp-json\/wp\/v2\/tags?post=517317"}],"curies":[{"name":"wp","href":"https:\/\/api.w.org\/{rel}","templated":true}]}}