{"id":517321,"date":"2025-11-07T02:57:11","date_gmt":"2025-11-07T02:57:11","guid":{"rendered":"https:\/\/www.europesays.com\/fr\/517321\/"},"modified":"2025-11-07T02:57:11","modified_gmt":"2025-11-07T02:57:11","slug":"macron-plutot-positif-sur-la-possibilite-de-valider-le-traite-avec-des-clauses-de-sauvegarde","status":"publish","type":"post","link":"https:\/\/www.europesays.com\/fr\/517321\/","title":{"rendered":"Macron \u00ab\u00a0plut\u00f4t positif\u00a0\u00bb sur la possibilit\u00e9 de valider le trait\u00e9 avec des clauses de sauvegarde"},"content":{"rendered":"<p>En marge du sommet des chefs d\u2019Etat pr\u00e9c\u00e9dant la COP30 \u00e0 Bel\u00e9m, au Br\u00e9sil, <a href=\"https:\/\/www.20minutes.fr\/politique\/emmanuel-macron\/\" target=\"_blank\" class=\"c-link c-link--is-underlined\" rel=\"noopener\">Emmanuel Macron<\/a> a affich\u00e9 un changement de ton sur le tr\u00e8s controvers\u00e9 accord commercial entre l\u2019<a href=\"https:\/\/www.20minutes.fr\/dossier\/ue\" target=\"_blank\" class=\"c-link c-link--is-underlined\" rel=\"noopener\">Union europ\u00e9enne<\/a> et le <a href=\"https:\/\/www.20minutes.fr\/economie\/mercosur\/\" target=\"_blank\" class=\"c-link c-link--is-underlined\" rel=\"noopener\">Mercosur<\/a>. Apr\u00e8s des ann\u00e9es de r\u00e9ticence, le pr\u00e9sident fran\u00e7ais s\u2019est dit jeudi \u00ab\u00a0plut\u00f4t positif\u00a0\u00bb \u00e0 l\u2019id\u00e9e de valider le trait\u00e9, tout en soulignant qu\u2019il restait \u00ab\u00a0vigilant\u00a0\u00bb.<\/p>\n<p>Emmanuel Macron a affirm\u00e9 que les demandes fran\u00e7aises avaient \u00e9t\u00e9 entendues \u00e0 <a href=\"https:\/\/www.20minutes.fr\/dossier\/bruxelles\" target=\"_blank\" class=\"c-link c-link--is-underlined\" rel=\"noopener\">Bruxelles<\/a>\u00a0: \u00ab\u00a0Nous avons \u00e9t\u00e9 entendus par la Commission qui non seulement nous a donn\u00e9 une r\u00e9ponse positive sur les clauses de sauvegarde, mais a souhait\u00e9 aussi apporter des soutiens, en particulier au secteur de l\u2019\u00e9levage\u00a0\u00bb, a-t-il expliqu\u00e9. Paris a obtenu un renforcement des protections du march\u00e9 int\u00e9rieur, ainsi qu\u2019un durcissement de l\u2019union douani\u00e8re, cens\u00e9 prot\u00e9ger les fili\u00e8res fran\u00e7aises face \u00e0 la concurrence sud-am\u00e9ricaine.<\/p>\n<\/p>\n<p>\u00ab\u00a0J\u2019ai \u00e9t\u00e9 coh\u00e9rent depuis le d\u00e9but\u00a0\u00bb, assure Macron<\/p>\n<p>Le pr\u00e9sident fran\u00e7ais a tenu \u00e0 rappeler sa ligne constante sur ce dossier\u00a0: \u00ab\u00a0J\u2019ai \u00e9t\u00e9 coh\u00e9rent depuis le d\u00e9but. J\u2019ai dit qu\u2019en l\u2019\u00e9tat, il n\u2019\u00e9tait pas acceptable, c\u2019est pour \u00e7a qu\u2019il est en train d\u2019\u00eatre chang\u00e9.\u00a0\u00bb Selon lui, si les clauses de sauvegarde promises sont effectivement mises en \u0153uvre, \u00ab\u00a0cet accord peut \u00eatre acceptable\u00a0\u00bb. Le pr\u00e9sident a indiqu\u00e9 que la <a href=\"https:\/\/www.20minutes.fr\/dossier\/commission_europeenne\" target=\"_blank\" class=\"c-link c-link--is-underlined\" rel=\"noopener\">Commission europ\u00e9enne<\/a> devait encore mener, \u00ab\u00a0dans les semaines qui viennent\u00a0\u00bb, un travail avec le Mercosur pour finaliser ces garanties avant leur adoption.<\/p>\n<p>Sign\u00e9 fin\u00a02024 apr\u00e8s plus de deux d\u00e9cennies de n\u00e9gociations, l\u2019accord entre l\u2019Union europ\u00e9enne et les pays du Mercosur vise \u00e0 lib\u00e9raliser les \u00e9changes commerciaux entre les deux blocs. Adopt\u00e9 le 3\u00a0septembre 2025 par la Commission europ\u00e9enne, il doit encore \u00eatre ratifi\u00e9 par les 27 Etats membres. En France, le texte suscite toujours une forte opposition, notamment du <a href=\"https:\/\/www.20minutes.fr\/dossier\/agriculteurs\" target=\"_blank\" class=\"c-link c-link--is-underlined\" rel=\"noopener\">monde agricole<\/a>, inquiet d\u2019une \u00ab\u00a0concurrence d\u00e9loyale\u00a0\u00bb.<\/p>\n<p><a href=\"https:\/\/www.20minutes.fr\/economie\/mercosur\/\" target=\"_blank\" class=\"c-link c-btn c-btn--primary\" rel=\"noopener\">Notre dossier sur l&rsquo;accord UE-Mercosur<\/a><\/p>\n<p>La dynamique politique semble toutefois s\u2019acc\u00e9l\u00e9rer. Mercredi, la pr\u00e9sidence br\u00e9silienne a fait savoir, \u00e0 l\u2019issue d\u2019une rencontre entre <a href=\"https:\/\/www.20minutes.fr\/dossier\/lula\" target=\"_blank\" class=\"c-link c-link--is-underlined\" rel=\"noopener\">Lula<\/a> et <a href=\"https:\/\/www.20minutes.fr\/politique\/ursula-von-der-leyen\/\" target=\"_blank\" class=\"c-link c-link--is-underlined\" rel=\"noopener\">Ursula von der Leyen<\/a>, que les deux dirigeants \u00e9taient \u00ab\u00a0dispos\u00e9s \u00e0 signer\u00a0\u00bb l\u2019accord lors du sommet du Mercosur pr\u00e9vu le 20\u00a0d\u00e9cembre \u00e0 Rio de Janeiro. Un signal fort, qui laisse entrevoir une issue favorable \u00e0 ce trait\u00e9 longtemps bloqu\u00e9 par les r\u00e9ticences europ\u00e9ennes, au premier rang desquelles celles de la France.<\/p>\n","protected":false},"excerpt":{"rendered":"En marge du sommet des chefs d\u2019Etat pr\u00e9c\u00e9dant la COP30 \u00e0 Bel\u00e9m, au Br\u00e9sil, Emmanuel Macron a affich\u00e9&hellip;\n","protected":false},"author":2,"featured_media":517322,"comment_status":"","ping_status":"","sticky":false,"template":"","format":"standard","meta":{"footnotes":""},"categories":[1586],"tags":[63769,47,11,2548,2196,33,1073,1777,674,1779,1011,27,12,316,25,1778,364,555,2544],"class_list":{"0":"post-517321","1":"post","2":"type-post","3":"status-publish","4":"format-standard","5":"has-post-thumbnail","7":"category-europe","8":"tag-accord-mercosur","9":"tag-actualite","10":"tag-actualites","11":"tag-bresil","12":"tag-commission-europeenne","13":"tag-economie","14":"tag-emmanuel-macron","15":"tag-eu","16":"tag-europe","17":"tag-european-union","18":"tag-fr","19":"tag-france","20":"tag-news","21":"tag-politique","22":"tag-republique-francaise","23":"tag-ue","24":"tag-union-europeenne","25":"tag-union-europeenne-ue","26":"tag-ursula-von-der-leyen"},"share_on_mastodon":{"url":"https:\/\/pubeurope.com\/@fr\/115506174000953128","error":""},"_links":{"self":[{"href":"https:\/\/www.europesays.com\/fr\/wp-json\/wp\/v2\/posts\/517321","targetHints":{"allow":["GET"]}}],"collection":[{"href":"https:\/\/www.europesays.com\/fr\/wp-json\/wp\/v2\/posts"}],"about":[{"href":"https:\/\/www.europesays.com\/fr\/wp-json\/wp\/v2\/types\/post"}],"author":[{"embeddable":true,"href":"https:\/\/www.europesays.com\/fr\/wp-json\/wp\/v2\/users\/2"}],"replies":[{"embeddable":true,"href":"https:\/\/www.europesays.com\/fr\/wp-json\/wp\/v2\/comments?post=517321"}],"version-history":[{"count":0,"href":"https:\/\/www.europesays.com\/fr\/wp-json\/wp\/v2\/posts\/517321\/revisions"}],"wp:featuredmedia":[{"embeddable":true,"href":"https:\/\/www.europesays.com\/fr\/wp-json\/wp\/v2\/media\/517322"}],"wp:attachment":[{"href":"https:\/\/www.europesays.com\/fr\/wp-json\/wp\/v2\/media?parent=517321"}],"wp:term":[{"taxonomy":"category","embeddable":true,"href":"https:\/\/www.europesays.com\/fr\/wp-json\/wp\/v2\/categories?post=517321"},{"taxonomy":"post_tag","embeddable":true,"href":"https:\/\/www.europesays.com\/fr\/wp-json\/wp\/v2\/tags?post=517321"}],"curies":[{"name":"wp","href":"https:\/\/api.w.org\/{rel}","templated":true}]}}