{"id":517323,"date":"2025-11-07T02:58:12","date_gmt":"2025-11-07T02:58:12","guid":{"rendered":"https:\/\/www.europesays.com\/fr\/517323\/"},"modified":"2025-11-07T02:58:12","modified_gmt":"2025-11-07T02:58:12","slug":"toni-kroos-ne-comprend-pas-le-carton-rouge-de-luis-diaz-c1-j4-psg-bayern-1-2","status":"publish","type":"post","link":"https:\/\/www.europesays.com\/fr\/517323\/","title":{"rendered":"Toni Kroos ne comprend pas le carton rouge de Luis D\u00edaz &#8211; C1 &#8211; J4 &#8211; PSG-Bayern (1-2)"},"content":{"rendered":"<p>L\u2019art d\u2019\u00eatre \u00e0 contre-courant.<\/p>\n<p>Dans son podcast <a target=\"_blank\" href=\"https:\/\/einfach-mal-luppen.podigee.io\/\" rel=\"nofollow noopener\">Einfach mal luppen<\/a>, Toni Kroos est revenu sur <a target=\"_blank\" href=\"https:\/\/www.sofoot.com\/articles\/ligue-des-champions-paris-sg-bayern-achraf-hakimi-lepine-dans-la-cheville-du-psg\" rel=\"nofollow noopener\">le tacle atroce (et l\u2019exclusion) de Luis D\u00edaz sur Achraf Hakimi<\/a> lors de la rencontre entre le PSG et le Bayern Munich (1-2). Pour l\u2019ancien milieu du Rekordmeister, l\u2019ailier colombien n\u2019aurait pas d\u00fb \u00e9coper d\u2019un carton rouge. Selon lui, l\u2019arbitre \u00ab\u202fa laiss\u00e9 la blessure de Hakimi influencer son appr\u00e9ciation de l\u2019action\u202f\u00bb. Ce dernier poursuit en d\u00e9clarant que ce tacle est \u00ab\u202fdur\u202f\u00bb, mais pas \u00ab\u202fintentionnel\u202f\u00bb.<\/p>\n<p>\u00ab\u202fSi Achraf s\u2019\u00e9tait relev\u00e9 apr\u00e8s le contact\u2026\u202f\u00bb<\/p>\n<p>Droit dans ses bottes, celui qui a aussi fait les beaux jours de la Mannschaft et du Real Madrid poursuit : \u00ab\u202fSi Achraf s\u2019\u00e9tait relev\u00e9 apr\u00e8s le contact, personne n\u2019aurait revu l\u2019action. Dans ce genre de situation, l\u2019arbitre doit juger l\u2019action elle-m\u00eame, et non ses cons\u00e9quences.\u202f\u00bb\u00a0Pour rappel, le lat\u00e9ral droit parisien, victime d\u2019une grosse entorse, sera \u00e9loign\u00e9 des terrains entre six et huit semaines et pourrait rater la CAN avec le Maroc.<\/p>\n<p>La prochaine fois, si ce n\u2019est pas une fracture ouverte, \u00e7a joue ?<\/p>\n<p>\t\t\t\t\t\t\t\t\t\t<a class=\"lien-connexe\" href=\"https:\/\/www.sofoot.com\/breves\/ligue-des-champions-paris-bayern-mats-hummels-chambre-le-psg\" rel=\"nofollow noopener\" target=\"_blank\">Mats Hummels chambre le PSG<\/a>\t\t\t\t\t<\/p>\n","protected":false},"excerpt":{"rendered":"L\u2019art d\u2019\u00eatre \u00e0 contre-courant. Dans son podcast Einfach mal luppen, Toni Kroos est revenu sur le tacle atroce&hellip;\n","protected":false},"author":2,"featured_media":517324,"comment_status":"","ping_status":"","sticky":false,"template":"","format":"standard","meta":{"footnotes":""},"categories":[2],"tags":[47,11,61,69,65,64,63,1011,27,68,66,12,62,70,25,67],"class_list":{"0":"post-517323","1":"post","2":"type-post","3":"status-publish","4":"format-standard","5":"has-post-thumbnail","7":"category-actualites","8":"tag-actualite","9":"tag-actualites","10":"tag-actus-football","11":"tag-bundesliga","12":"tag-championnats-europeens","13":"tag-equipe-de-france","14":"tag-football","15":"tag-fr","16":"tag-france","17":"tag-ligua","18":"tag-ligue-1","19":"tag-news","20":"tag-news-foot","21":"tag-premier-league","22":"tag-republique-francaise","23":"tag-serie-a"},"share_on_mastodon":{"url":"https:\/\/pubeurope.com\/@fr\/115506177897457200","error":""},"_links":{"self":[{"href":"https:\/\/www.europesays.com\/fr\/wp-json\/wp\/v2\/posts\/517323","targetHints":{"allow":["GET"]}}],"collection":[{"href":"https:\/\/www.europesays.com\/fr\/wp-json\/wp\/v2\/posts"}],"about":[{"href":"https:\/\/www.europesays.com\/fr\/wp-json\/wp\/v2\/types\/post"}],"author":[{"embeddable":true,"href":"https:\/\/www.europesays.com\/fr\/wp-json\/wp\/v2\/users\/2"}],"replies":[{"embeddable":true,"href":"https:\/\/www.europesays.com\/fr\/wp-json\/wp\/v2\/comments?post=517323"}],"version-history":[{"count":0,"href":"https:\/\/www.europesays.com\/fr\/wp-json\/wp\/v2\/posts\/517323\/revisions"}],"wp:featuredmedia":[{"embeddable":true,"href":"https:\/\/www.europesays.com\/fr\/wp-json\/wp\/v2\/media\/517324"}],"wp:attachment":[{"href":"https:\/\/www.europesays.com\/fr\/wp-json\/wp\/v2\/media?parent=517323"}],"wp:term":[{"taxonomy":"category","embeddable":true,"href":"https:\/\/www.europesays.com\/fr\/wp-json\/wp\/v2\/categories?post=517323"},{"taxonomy":"post_tag","embeddable":true,"href":"https:\/\/www.europesays.com\/fr\/wp-json\/wp\/v2\/tags?post=517323"}],"curies":[{"name":"wp","href":"https:\/\/api.w.org\/{rel}","templated":true}]}}