{"id":517329,"date":"2025-11-07T03:03:10","date_gmt":"2025-11-07T03:03:10","guid":{"rendered":"https:\/\/www.europesays.com\/fr\/517329\/"},"modified":"2025-11-07T03:03:10","modified_gmt":"2025-11-07T03:03:10","slug":"judicael-cancoriet-courtise-par-le-rugby-club-toulonnais","status":"publish","type":"post","link":"https:\/\/www.europesays.com\/fr\/517329\/","title":{"rendered":"Judica\u00ebl Cancoriet courtis\u00e9 par le Rugby Club Toulonnais ?"},"content":{"rendered":"<p>Selon les informations de Midi Olympique, l\u2019Aviron Bayonnais continuerait de travailler sur son recrutement pour les saisons \u00e0 venir.<\/p>\n<p>Ce vendredi, le bi-hebdomadaire indique que le club Basque avait dans son viseur de le troisi\u00e8me ligne Judica\u00ebl Cancoriet.<\/p>\n<p>En fin de contrat avec le Stade Rochelais au mois de juin prochain, celui qui est capable de jouer aussi bien en deuxi\u00e8me qu\u2019en troisi\u00e8me ligne sera prochainement libre de tout engagement.<\/p>\n<p>Mais ces derniers jours, la piste menant \u00e0 l\u2019ancien Clermontois se serait refroidie.<\/p>\n<p>D\u00e9sormais, c\u2019est un autre club du Top 14 qui serait en p\u00f4le position pour accueillir Judica\u00ebl Cancoriet : le Rugby Club Toulonnais.<\/p>\n<p>Selon Midi Olympique, il est bien possible que des n\u00e9gociations aient d\u00e9but\u00e9 entre les recruteurs du RCT et Judica\u00ebl Cancoriet.<\/p>\n<p>Pour sa part, l\u2019Aviron Bayonnais aurait en t\u00eate de recruter le pilier droit Agenais Lasha Macharashvili afin d\u2019\u00e9ventuellement remplacer Pascal Cotet, lequel verra son contrat arriver \u00e0 son terme.<\/p>\n<p><strong>Affaires \u00e0 suivre\u2026<\/strong><\/p>\n","protected":false},"excerpt":{"rendered":"Selon les informations de Midi Olympique, l\u2019Aviron Bayonnais continuerait de travailler sur son recrutement pour les saisons \u00e0&hellip;\n","protected":false},"author":2,"featured_media":517330,"comment_status":"","ping_status":"","sticky":false,"template":"","format":"standard","meta":{"footnotes":""},"categories":[1416],"tags":[1011,27,479,1468,60],"class_list":{"0":"post-517329","1":"post","2":"type-post","3":"status-publish","4":"format-standard","5":"has-post-thumbnail","7":"category-rugby","8":"tag-fr","9":"tag-france","10":"tag-rugby","11":"tag-rugby-football","12":"tag-sports"},"share_on_mastodon":{"url":"https:\/\/pubeurope.com\/@fr\/115506197555641814","error":""},"_links":{"self":[{"href":"https:\/\/www.europesays.com\/fr\/wp-json\/wp\/v2\/posts\/517329","targetHints":{"allow":["GET"]}}],"collection":[{"href":"https:\/\/www.europesays.com\/fr\/wp-json\/wp\/v2\/posts"}],"about":[{"href":"https:\/\/www.europesays.com\/fr\/wp-json\/wp\/v2\/types\/post"}],"author":[{"embeddable":true,"href":"https:\/\/www.europesays.com\/fr\/wp-json\/wp\/v2\/users\/2"}],"replies":[{"embeddable":true,"href":"https:\/\/www.europesays.com\/fr\/wp-json\/wp\/v2\/comments?post=517329"}],"version-history":[{"count":0,"href":"https:\/\/www.europesays.com\/fr\/wp-json\/wp\/v2\/posts\/517329\/revisions"}],"wp:featuredmedia":[{"embeddable":true,"href":"https:\/\/www.europesays.com\/fr\/wp-json\/wp\/v2\/media\/517330"}],"wp:attachment":[{"href":"https:\/\/www.europesays.com\/fr\/wp-json\/wp\/v2\/media?parent=517329"}],"wp:term":[{"taxonomy":"category","embeddable":true,"href":"https:\/\/www.europesays.com\/fr\/wp-json\/wp\/v2\/categories?post=517329"},{"taxonomy":"post_tag","embeddable":true,"href":"https:\/\/www.europesays.com\/fr\/wp-json\/wp\/v2\/tags?post=517329"}],"curies":[{"name":"wp","href":"https:\/\/api.w.org\/{rel}","templated":true}]}}