{"id":517339,"date":"2025-11-07T03:11:16","date_gmt":"2025-11-07T03:11:16","guid":{"rendered":"https:\/\/www.europesays.com\/fr\/517339\/"},"modified":"2025-11-07T03:11:16","modified_gmt":"2025-11-07T03:11:16","slug":"linfluence-des-maitres-italiens-sur-jacques-louis-david","status":"publish","type":"post","link":"https:\/\/www.europesays.com\/fr\/517339\/","title":{"rendered":"l\u2019influence des ma\u00eetres italiens sur Jacques-Louis David"},"content":{"rendered":"<p data-module=\"standfirst\" data-context=\"@media (min-width:48em)\">\n    <strong>GRAND R\u00c9CIT &#8211;<\/strong> Si la production romaine de David ne t\u00e9moigne pas du g\u00e9nie dont il fit preuve ensuite, son s\u00e9jour italien eut pour lui la force d\u2019une r\u00e9v\u00e9lation. Il trouva sa voie en s\u2019appropriant l\u2019h\u00e9ritage antique, en le restituant \u00ab tout cru\u00a0\u00bb, c\u2019est-\u00e0-dire dou\u00e9 d\u2019expression.<\/p>\n<p class=\"fig-paragraph fig-paragraph--dropped\">Cet article est issu du\u00a0<a href=\"https:\/\/boutique.lefigaro.fr\/produit\/141029-david-un-monde-nouveau\" target=\"_blank\" rel=\"noopener\" data-gtm-custom-categorie=\"navigation\" data-gtm-custom-action=\"crossclick\" data-gtm-custom-label=\"Contextuel\" data-gtm-event=\"customEventSPE\">Figaro Hors-S\u00e9rie \u00ab David, un monde nouveau\u00a0\u00bb<\/a>, publi\u00e9 \u00e0 l\u2019occasion de la magistrale exposition \u00abDavid\u00ab au mus\u00e9e du Louvre. D\u00e9couvrez la vie et l\u2019\u0153uvre du peintre de la R\u00e9volution et de l\u2019Empire, dans les tourmentes de l\u2019Histoire.<\/p>\n<p>    \u00abDavid, un monde nouveau\u00bb.<br \/>\n                Le Figaro hors-s\u00e9rie<\/p>\n<p class=\"fig-paragraph fig-paragraph--dropped\">\u00abEt puis cette m\u00eame Rome que nous voyons m\u00e9rite qu\u2019on l\u2019aime.\u00a0\u00bb Ces mots\u00a0<a href=\"http:\/\/www.lefigaro.fr\/culture\/pascal-montaigne-mon-meilleur-ennemi-20230325\" target=\"_blank\" data-fig-type=\"Article\" rel=\"noopener\" data-gtm-custom-categorie=\"navigation\" data-gtm-custom-action=\"crossclick\" data-gtm-custom-label=\"Contextuel\" data-gtm-event=\"customEventSPE\" data-fig-domain=\"LEFIGARO\">sont de Montaigne<\/a>. Ils auraient pu \u00eatre de David. Les deux hommes, \u00e0 deux si\u00e8cles de distance, partagent un m\u00eame amour et\u00a0<a href=\"http:\/\/www.lefigaro.fr\/histoire\/beau-comme-l-antique-ces-musees-archeologiques-qu-il-faut-absolument-voir-a-rome-20250726\" target=\"_blank\" data-fig-type=\"Article\" rel=\"noopener\" data-gtm-custom-categorie=\"navigation\" data-gtm-custom-action=\"crossclick\" data-gtm-custom-label=\"Contextuel\" data-gtm-event=\"customEventSPE\" data-fig-domain=\"LEFIGARO\">une m\u00eame admiration pour la Ville \u00e9ternelle<\/a>. L\u2019un et l\u2019autre se rendent en Italie pour la saisir \u00ab au vif\u00a0\u00bb, de leurs propres yeux. Mais c\u2019est, finalement, en suivant deux parcours oppos\u00e9s. Montaigne conna\u00eet Rome par c\u0153ur, d\u00e8s son enfance\u00a0: \u00ab J\u2019ai eu connaissance des affaires de Rome longtemps avant que je l\u2019aie eue de ceux de ma maison, \u00e9crit-il dans les Essais. Je savais le Capitole et son plant avant que je susse le Louvre\u00a0: et le Tibre avant la Seine.\u00a0\u00bb<\/p>\n<p class=\"fig-paragraph fig-paragraph--dropped\">Au contraire, pour David, Rome fut le lieu d\u2019une nouvelle naissance\u2026<\/p>\n<p class=\"fig-premium-paywall__infos\">\n        Cet article est r\u00e9serv\u00e9 aux abonn\u00e9s.        Il vous reste 96% \u00e0 d\u00e9couvrir.\n    <\/p>\n<p>                <img  data- alt=\"Le Figaro\" class=\"fig-img--complete fig-img\"\/><\/p>\n<p class=\"fig-premium-paywall__title\">Vous avez envie de lire la suite ?<\/p>\n<p class=\"fig-premium-paywall__subtitle\">D\u00e9bloquez tous les articles imm\u00e9diatement.<\/p>\n<p class=\"fig-premium-paywall__connect\">\n                D\u00e9j\u00e0 abonn\u00e9\u00a0?                <a class=\"fig-premium-paywall__connect-link\" href=\"https:\/\/connect.lefigaro.fr\/login?client=horizon_web&amp;type=main&amp;redirect_uri=https%3A%2F%2Fwww.lefigaro.fr%2Fhistoire%2Fje-veux-que-mes-ouvrages-portent-le-caractere-de-l-antiquite-jacques-louis-david-et-la-voie-romaine-20251106\" data-js-gtm=\"{&quot;customCategorie&quot;: &quot;conversion&quot;, &quot;customAction&quot;: &quot;before_Landing_Connexion_paywall_auto&quot;, &quot;customLabel&quot;: &quot;bGVmaWdhcm8uZnJfXzFmMGIwYmI2LWFmYjctNmVlNC05YmEzLTQ3NTM1OTIxNzZhZl9fQXJ0aWNsZQ==_\u00abProc\u00e9der comme les anciens et Rapha\u00ebl, c\u2019est \u00eatre vraiment artiste\u00bb\u00a0: l\u2019influence des ma\u00eetres italiens sur Jacques-Louis David_61&quot;, &quot;customIDSPE&quot;: &quot;bGVmaWdhcm8uZnJfXzFmMGIwYmI2LWFmYjctNmVlNC05YmEzLTQ3NTM1OTIxNzZhZl9fQXJ0aWNsZQ==&quot;, &quot;event&quot;: &quot;customEventSPE&quot;}\" target=\"_blank\" rel=\"noopener\"><br \/>\n                    Connectez-vous<br \/>\n                <\/a>\n            <\/p>\n","protected":false},"excerpt":{"rendered":"GRAND R\u00c9CIT &#8211; Si la production romaine de David ne t\u00e9moigne pas du g\u00e9nie dont il fit preuve&hellip;\n","protected":false},"author":2,"featured_media":517340,"comment_status":"","ping_status":"","sticky":false,"template":"","format":"standard","meta":{"footnotes":""},"categories":[1358],"tags":[9438,1348,1384,1385,1386,58,59,1011,27,1585,3499],"class_list":{"0":"post-517339","1":"post","2":"type-post","3":"status-publish","4":"format-standard","5":"has-post-thumbnail","7":"category-arts-et-design","8":"tag-antiquite","9":"tag-arts","10":"tag-arts-and-design","11":"tag-arts-et-design","12":"tag-design","13":"tag-divertissement","14":"tag-entertainment","15":"tag-fr","16":"tag-france","17":"tag-peinture","18":"tag-rome"},"share_on_mastodon":{"url":"https:\/\/pubeurope.com\/@fr\/115506228983879853","error":""},"_links":{"self":[{"href":"https:\/\/www.europesays.com\/fr\/wp-json\/wp\/v2\/posts\/517339","targetHints":{"allow":["GET"]}}],"collection":[{"href":"https:\/\/www.europesays.com\/fr\/wp-json\/wp\/v2\/posts"}],"about":[{"href":"https:\/\/www.europesays.com\/fr\/wp-json\/wp\/v2\/types\/post"}],"author":[{"embeddable":true,"href":"https:\/\/www.europesays.com\/fr\/wp-json\/wp\/v2\/users\/2"}],"replies":[{"embeddable":true,"href":"https:\/\/www.europesays.com\/fr\/wp-json\/wp\/v2\/comments?post=517339"}],"version-history":[{"count":0,"href":"https:\/\/www.europesays.com\/fr\/wp-json\/wp\/v2\/posts\/517339\/revisions"}],"wp:featuredmedia":[{"embeddable":true,"href":"https:\/\/www.europesays.com\/fr\/wp-json\/wp\/v2\/media\/517340"}],"wp:attachment":[{"href":"https:\/\/www.europesays.com\/fr\/wp-json\/wp\/v2\/media?parent=517339"}],"wp:term":[{"taxonomy":"category","embeddable":true,"href":"https:\/\/www.europesays.com\/fr\/wp-json\/wp\/v2\/categories?post=517339"},{"taxonomy":"post_tag","embeddable":true,"href":"https:\/\/www.europesays.com\/fr\/wp-json\/wp\/v2\/tags?post=517339"}],"curies":[{"name":"wp","href":"https:\/\/api.w.org\/{rel}","templated":true}]}}