{"id":517343,"date":"2025-11-07T03:14:18","date_gmt":"2025-11-07T03:14:18","guid":{"rendered":"https:\/\/www.europesays.com\/fr\/517343\/"},"modified":"2025-11-07T03:14:18","modified_gmt":"2025-11-07T03:14:18","slug":"rendre-publique-une-chose-aussi-intime-quune-chanson-me-pose-des-difficultes-immenses-liberation","status":"publish","type":"post","link":"https:\/\/www.europesays.com\/fr\/517343\/","title":{"rendered":"\u00abRendre publique une chose aussi intime qu\u2019une chanson me pose des difficult\u00e9s immenses\u00bb \u2013 Lib\u00e9ration"},"content":{"rendered":"<p class=\"sc-cPiKLX AiZTS text-element\">Quand Andrea Laszlo de Simone se sent triste, il \u00e9crit une chanson. Voil\u00e0 bient\u00f4t un quart de si\u00e8cle que \u00e7a dure \u2013 il a enregistr\u00e9 les premi\u00e8res vers l\u2019\u00e2ge de 15 ans. Et si \u00e7a n\u2019est jamais la raison premi\u00e8re pour lui d\u2019attraper la guitare, cette vertu psychotonique du songwriting est d\u00e9cisive. \u00abQuand tu \u00e9coutes une chanson \u00e0 moi, il y a de grandes chances qu\u2019elle t\u2019inspire de la tristesse. Mais \u00e7a veut dire que j\u2019ai \u00e9t\u00e9 heureux en la faisant. C\u2019est ce que je recherche : une compensation. Les chansons me viennent de moments dans lesquels je suis tr\u00e8s triste, quand j\u2019ai besoin de ne plus l\u2019\u00eatre. La Notte, la chanson la plus joyeuse de mon nouveau disque, est celle qui a \u00e9t\u00e9 inspir\u00e9e par le moment le plus m\u00e9lancolique. C\u2019est affreux \u00e0 dire, mais c\u2019est plus facile de cr\u00e9er quand le monde souffre.\u00bb<\/p>\n<p class=\"sc-cPiKLX AiZTS text-element\">Nous sommes au d\u00e9but de l\u2019\u00e9t\u00e9, \u00e0 Paris, dans les bureaux d\u2019Ekler, le label qui publie en France les disques d\u2019Andrea Laszlo de Simone. Le Turinois est venu \u00e0 Paris nous parler d\u2019Una Lunghissima Ombra, son quatri\u00e8me album, tr\u00e8s attendu par tout ce que la m\u00e9lomanie actuelle compte de c\u0153urs sensibles et au-del\u00e0 \u2013 par exemple ceux qui ont d\u00e9couvert son nom apr\u00e8s qu\u2019il a remport\u00e9 le c\u00e9sar de la meilleure bande originale pour <a href=\"https:\/\/www.liberation.fr\/culture\/cinema\/le-regne-animal-vers-lindefini-et-au-dela-20231018_JGNLXU25JNDULMEGINTVCP5274\/\" target=\"_blank\" rel=\"noopener\" title=\"https:\/\/www.liberation.fr\/culture\/cinema\/le-regne-animal-vers-lindefini-et-au-dela-&lt;\/p&gt;&lt;\/div&gt;&lt;\/article&gt;&lt;\/div&gt;&lt;div data-fusion-lazy-id=\" f0f8vgvlad832fw=\"\"><\/p>\n","protected":false},"excerpt":{"rendered":"Quand Andrea Laszlo de Simone se sent triste, il \u00e9crit une chanson. Voil\u00e0 bient\u00f4t un quart de si\u00e8cle&hellip;\n","protected":false},"author":2,"featured_media":517344,"comment_status":"","ping_status":"","sticky":false,"template":"","format":"standard","meta":{"footnotes":""},"categories":[1355],"tags":[413,58,59,1011,27,1361,873],"class_list":{"0":"post-517343","1":"post","2":"type-post","3":"status-publish","4":"format-standard","5":"has-post-thumbnail","7":"category-musique","8":"tag-ca-va-mieux-lisant","9":"tag-divertissement","10":"tag-entertainment","11":"tag-fr","12":"tag-france","13":"tag-music","14":"tag-musique"},"share_on_mastodon":{"url":"https:\/\/pubeurope.com\/@fr\/115506240845076908","error":""},"_links":{"self":[{"href":"https:\/\/www.europesays.com\/fr\/wp-json\/wp\/v2\/posts\/517343","targetHints":{"allow":["GET"]}}],"collection":[{"href":"https:\/\/www.europesays.com\/fr\/wp-json\/wp\/v2\/posts"}],"about":[{"href":"https:\/\/www.europesays.com\/fr\/wp-json\/wp\/v2\/types\/post"}],"author":[{"embeddable":true,"href":"https:\/\/www.europesays.com\/fr\/wp-json\/wp\/v2\/users\/2"}],"replies":[{"embeddable":true,"href":"https:\/\/www.europesays.com\/fr\/wp-json\/wp\/v2\/comments?post=517343"}],"version-history":[{"count":0,"href":"https:\/\/www.europesays.com\/fr\/wp-json\/wp\/v2\/posts\/517343\/revisions"}],"wp:featuredmedia":[{"embeddable":true,"href":"https:\/\/www.europesays.com\/fr\/wp-json\/wp\/v2\/media\/517344"}],"wp:attachment":[{"href":"https:\/\/www.europesays.com\/fr\/wp-json\/wp\/v2\/media?parent=517343"}],"wp:term":[{"taxonomy":"category","embeddable":true,"href":"https:\/\/www.europesays.com\/fr\/wp-json\/wp\/v2\/categories?post=517343"},{"taxonomy":"post_tag","embeddable":true,"href":"https:\/\/www.europesays.com\/fr\/wp-json\/wp\/v2\/tags?post=517343"}],"curies":[{"name":"wp","href":"https:\/\/api.w.org\/{rel}","templated":true}]}}