{"id":517352,"date":"2025-11-07T03:19:36","date_gmt":"2025-11-07T03:19:36","guid":{"rendered":"https:\/\/www.europesays.com\/fr\/517352\/"},"modified":"2025-11-07T03:19:36","modified_gmt":"2025-11-07T03:19:36","slug":"la-camera-professionnelle-qui-tient-dans-une-poche","status":"publish","type":"post","link":"https:\/\/www.europesays.com\/fr\/517352\/","title":{"rendered":"la cam\u00e9ra professionnelle qui tient dans une poche"},"content":{"rendered":"<p>Depuis quelques ann\u00e9es, le segment des cam\u00e9ras ultra compactes s\u2019est m\u00e9tamorphos\u00e9. Fini les simples cam\u00e9ras d\u2019action \u00e0 vocation sportive, d\u00e9sormais, une mini-cam\u00e9ra ne mesure pas plus d\u2019un pouce et est con\u00e7ue pour s\u2019installer partout (sur une casquette, sous un t-shirt, sur une voiture, ou m\u00eame dans des endroits difficilement accessibles).<\/p>\n<p>Si Insta360 s\u2019\u00e9tait jusqu\u2019ici impos\u00e9e comme la marque de r\u00e9f\u00e9rence, <strong>DJI vient rafra\u00eechir le march\u00e9 l\u2019Osmo Nano, une mini cam\u00e9ra qui promet la m\u00eame polyvalence mais avec une qualit\u00e9 d\u2019image proche d\u2019une vraie cam\u00e9ra<\/strong>. Le r\u00eave de tout vid\u00e9aste\u00a0? Oui, si l\u2019on en croit les premiers retours de Youtubeurs c\u00e9l\u00e8bres comme Peter McKinnon ou Brandon Li.<\/p>\n<p>Mais, comme vous le savez, chez Presse-citron, on aime se confronter \u00e0 ce genre d\u2019innovation pendant longtemps. On a donc film\u00e9 des centaines d\u2019heures de vid\u00e9os avec cette Osmo Nano. Est-elle vraiment la cam\u00e9ra parfaite\u00a0? Spoiler\u00a0: oui, \u00e0 un ou deux petits d\u00e9tails pr\u00e8s.<\/p>\n<p class=\"text-center not-prose\"><a class=\"comp-button\" href=\"https:\/\/shop.presse-citron.net\/go\/32841\/\" target=\"_self\" rel=\"sponsored nofollow noopener\">Acheter la DJI Osmo Nano<\/a><\/p>\n<p>La DJI Osmo Nano, c\u2019est quoi\u00a0?<\/p>\n<p>\t\t\t\t<a href=\"https:\/\/www.europesays.com\/fr\/wp-content\/uploads\/2025\/11\/test-dji-osmo-nano-prix.jpg\"><img loading=\"lazy\" decoding=\"async\" width=\"1920\" height=\"1280\" src=\"https:\/\/www.europesays.com\/fr\/wp-content\/uploads\/2025\/11\/test-dji-osmo-nano-prix.jpg\" class=\"attachment-full size-full\" alt=\"test dji osmo nano prix\" aria-describedby=\"gallery-6-689301\"  \/><\/a><\/p>\n<p>\t\t\t\t\u00a9 Presse-citron<\/p>\n<p>\t\t\t\t<a href=\"https:\/\/www.europesays.com\/fr\/wp-content\/uploads\/2025\/11\/test-dji-osmo-nano-ecran-retour.jpg\"><img loading=\"lazy\" decoding=\"async\" width=\"1920\" height=\"1280\" src=\"https:\/\/www.europesays.com\/fr\/wp-content\/uploads\/2025\/11\/test-dji-osmo-nano-ecran-retour.jpg\" class=\"attachment-full size-full\" alt=\"test dji osmo nano ecran retour\" aria-describedby=\"gallery-6-689305\"  \/><\/a><\/p>\n<p>\t\t\t\t\u00a9 Presse-citron<\/p>\n<p>Commen\u00e7ons par la technique. La premi\u00e8re chose qui distingue la DJI Osmo Nano, c\u2019est son capteur surdimensionn\u00e9 pour cette cat\u00e9gorie de cam\u00e9ra (elle n\u2019est pas plus grande qu\u2019un pouce et p\u00e8se \u00e0 peine 52g).<\/p>\n<p>En effet, <strong>la Nano embarque un capteur 1\/1,3 pouce<\/strong> (identique \u00e0 celui <a href=\"https:\/\/www.presse-citron.net\/test-dji-mini-4-pro\/\" target=\"_blank\" rel=\"noopener\">du drone DJI Mini 4 Pro<\/a>) soit bien mieux que l\u2019Insta360 GO Ultra ou les cam\u00e9ras GoPro. Ce capteur permet non seulement de profiter d\u2019une meilleure sensibilit\u00e9 \u00e0 la lumi\u00e8re, d\u2019une profondeur de champ plus marqu\u00e9e et d\u2019une gestion des couleurs nettement sup\u00e9rieure, mais aussi de <strong>filmer en 4K jusqu\u2019\u00e0 120 fps, pour des ralentis en haute d\u00e9finition.<\/strong> Elle monte m\u00eame \u00e0 240 fps en 1080p\u00a0: parfait pour les plans dynamiques et sportifs.<\/p>\n<p>DJI propose aussi <strong>le mode Dlog M, cher aux professionnels de l\u2019image<\/strong> qui souhaitent profiter de la plus grande amplitude possible en mati\u00e8re de colorim\u00e9trie en post-production. La DJI Osmo Nano peut aussi encoder en 10 bits (contre 8 bits pour l\u2019Insta360 Ultra) ce qui lui permet de capter des millions de nuances de couleurs suppl\u00e9mentaires.<\/p>\n<p><img loading=\"lazy\" decoding=\"async\" class=\"size-full wp-image-689312\" src=\"https:\/\/www.europesays.com\/fr\/wp-content\/uploads\/2025\/11\/test-dji-osmo-nano-horizon.jpg\" alt=\"test dji osmo nano video\" width=\"1920\" height=\"1280\"  \/>\u00a9 Presse-citron<\/p>\n<p><strong>La Nano peut aussi capturer des photos en 35 m\u00e9gapixels<\/strong>, soit bien mieux que ce que l\u2019on attend habituellement d\u2019une mini cam\u00e9ra. L\u2019angle de vue de 143\u00b0 est l\u00e9g\u00e8rement inf\u00e9rieur \u00e0 la concurrence directe (153\u00b0 sur l\u2019Ultra), mais reste suffisamment large pour se montrer cr\u00e9atif.<\/p>\n<p>C\u00f4t\u00e9 stockage, <strong>la cam\u00e9ra propose d\u2019origine 64 ou 128 Go,<\/strong> avec la possibilit\u00e9 d\u2019ajouter une carte microSD.<\/p>\n<p>La cam\u00e9ra que l\u2019on fixe partout (m\u00eame l\u00e0 o\u00f9 on ne l\u2019imagine pas)<\/p>\n<p>\t\t\t\t<a href=\"https:\/\/www.europesays.com\/fr\/wp-content\/uploads\/2025\/11\/test-dji-osmo-nano-polyvalence.jpg\"><img loading=\"lazy\" decoding=\"async\" width=\"1920\" height=\"1280\" src=\"https:\/\/www.europesays.com\/fr\/wp-content\/uploads\/2025\/11\/test-dji-osmo-nano-polyvalence.jpg\" class=\"attachment-full size-full\" alt=\"test dji osmo nano simple\" aria-describedby=\"gallery-7-689288\"  \/><\/a><\/p>\n<p>\t\t\t\t\u00a9 Presse-citron<\/p>\n<p>\t\t\t\t<a href=\"https:\/\/www.europesays.com\/fr\/wp-content\/uploads\/2025\/11\/test-dji-osmo-nano-ventouse.jpg\"><img loading=\"lazy\" decoding=\"async\" width=\"1920\" height=\"1280\" src=\"https:\/\/www.europesays.com\/fr\/wp-content\/uploads\/2025\/11\/test-dji-osmo-nano-ventouse.jpg\" class=\"attachment-full size-full\" alt=\"test dji osmo nano ventouse\" aria-describedby=\"gallery-7-689314\"  \/><\/a><\/p>\n<p>\t\t\t\t\u00a9 Presse-citron<\/p>\n<p>\u00c0 l\u2019instar de sa concurrente, <strong>l\u2019Osmo Nano se distingue par sa polyvalence.<\/strong> Gr\u00e2ce \u00e0 de multiples accessoires de fixation, on peut la poser n\u2019importe o\u00f9 et filmer avec des angles uniques. Gr\u00e2ce \u00e0 son ch\u00e2ssis magn\u00e9tique, on peut la poser sur n\u2019importe quelle surface m\u00e9tallique. Petite astuce\u00a0: vous pouvez, comme nous, acheter un scotch adh\u00e9sif magn\u00e9tique pour transformer n\u2019importe quelle surface (en bois, en tissu, en verre) en support magn\u00e9tique.<\/p>\n<p>Autrement, DJI propose une flop\u00e9e d\u2019accessoires pour fixer la Nano partout\u00a0: <strong>sur une casquette gr\u00e2ce \u00e0 une fixation plastique, sous un t-shirt gr\u00e2ce \u00e0 un collier-aimant puissant, sur une vitre, une table ou toute autre surface gr\u00e2ce \u00e0 une ventouse.<\/strong> Le tout fourni dans le pack standard.<\/p>\n<p><strong>La DJI Osmo Nano est aussi \u00e9tanche<\/strong> : on peut la plonger jusqu\u2019\u00e0 une profondeur de 10 m\u00e8tres. Attention, le bo\u00eetier avec l\u2019\u00e9cran n\u2019est pas submersible, seulement r\u00e9sistant \u00e0 l\u2019eau. Oui, la Nano dispose bien d\u2019un bo\u00eetier, \u00e9videmment fourni. Il sert d\u2019\u00e9cran retour, que la cam\u00e9ra y soit rattach\u00e9e (magn\u00e9tiquement) ou non. On peut donc fixer la cam\u00e9ra sur un support magn\u00e9tique et garder l\u2019\u00e9cran retour en main pour voir ce que l\u2019on fait et soigner la composition. Mais on peut aussi garder la cam\u00e9ra sur le bo\u00eetier et s\u2019en servir comme cam\u00e9ra de vlog. Les possibilit\u00e9s sont infinies.<\/p>\n<p>\t\t\t\t<a href=\"https:\/\/www.europesays.com\/fr\/wp-content\/uploads\/2025\/11\/test-dji-osmo-nano-collier.jpg\"><img loading=\"lazy\" decoding=\"async\" width=\"1920\" height=\"1280\" src=\"https:\/\/www.europesays.com\/fr\/wp-content\/uploads\/2025\/11\/test-dji-osmo-nano-collier.jpg\" class=\"attachment-full size-full\" alt=\"test dji osmo nano collier\" aria-describedby=\"gallery-8-689294\"  \/><\/a><\/p>\n<p>\t\t\t\t\u00a9 Presse-citron<\/p>\n<p>\t\t\t\t<a href=\"https:\/\/www.europesays.com\/fr\/wp-content\/uploads\/2025\/11\/test-dji-osmo-nano-collier-accessoire.jpg\"><img loading=\"lazy\" decoding=\"async\" width=\"1920\" height=\"1280\" src=\"https:\/\/www.europesays.com\/fr\/wp-content\/uploads\/2025\/11\/test-dji-osmo-nano-collier-accessoire.jpg\" class=\"attachment-full size-full\" alt=\"test dji osmo nano collier accessoire\" aria-describedby=\"gallery-8-689293\"  \/><\/a><\/p>\n<p>\t\t\t\t\u00a9 Presse-citron<\/p>\n<p>Car en optant pour un format \u201ci\u201d la Nano se montre <a href=\"https:\/\/www.presse-citron.net\/test-insta360-go-ultra\/\" target=\"_blank\" rel=\"noopener\">plus polyvalente et discr\u00e8te que l\u2019Insta360 Ultra<\/a>, plus imposante et carr\u00e9e. On insiste sur le fait que l\u2019Osmo Nano peut se faire oublier, y compris dans des environnements tr\u00e8s peupl\u00e9s. Nous avons film\u00e9 des plans dans des caf\u00e9s, des restaurants, des mus\u00e9es, des magasins, des librairies, des parcs sans que personne ne la remarque. On se sent aussi moins intrusif avec les gens qui nous entourent lorsque l\u2019on filme en vlog.<\/p>\n<p>Par sa polyvalence, sa discr\u00e9tion et sa compacit\u00e9, <strong>l\u2019Osmo Nano s\u2019impose comme la cam\u00e9ra parfaite pour filmer \u00e0 la vol\u00e9e tout en stimulant la cr\u00e9ativit\u00e9.<\/strong> Et en plus, elle se range dans n\u2019importe quelle poche. Quel bonheur\u00a0!<\/p>\n<p>Une qualit\u00e9 d\u2019image exceptionnelle (sauf en basse lumi\u00e8re)<br \/>\n<img loading=\"lazy\" decoding=\"async\" class=\"size-full wp-image-689297\" src=\"https:\/\/www.europesays.com\/fr\/wp-content\/uploads\/2025\/11\/test-dji-osmo-nano-capteur.jpg\" alt=\"test dji osmo nano qualite capteur\" width=\"1920\" height=\"1280\"  \/>\u00a9 Presse-citron<\/p>\n<p>Pour \u00eatre tout \u00e0 fait honn\u00eate, la polyvalence et la discr\u00e9tion sont des atouts que la gamme Go d\u2019Insta360 partage. Certains mod\u00e8les (notamment la Go3) sont m\u00eame plus compacts.<\/p>\n<p>Si le mod\u00e8les de DJI nous s\u00e9duit autant, <strong>c\u2019est parce qu\u2019il parvient \u00e0 fournir une qualit\u00e9 d\u2019image exceptionnelle dans un format aussi petit.<\/strong> Le capteur surdimensionn\u00e9 de 1\/1,3\u2019\u2019, le format Dlog M et l\u2019encodage 10 bits permettent d\u2019obtenir une image qui se rapproche franchement d\u2019une cam\u00e9ra semi-professionnelle\u00a0: les couleurs sont plus douces, les contrastes naturels, et le rendu \u201ct\u00e9l\u00e9phone\u201d des mod\u00e8les concurrents dispara\u00eet au profit d\u2019une vraie image cam\u00e9ra.<\/p>\n<p><img loading=\"lazy\" decoding=\"async\" class=\"wp-image-689300 size-full\" src=\"https:\/\/www.europesays.com\/fr\/wp-content\/uploads\/2025\/11\/test-dji-osmo-nano-qualite-video.jpg\" alt=\"test dji osmo nano prix film\" width=\"1920\" height=\"1280\"  \/>\u00a9 Presse-citron<\/p>\n<p>Pour filmer des paysages, des sc\u00e8nes urbaines, des portraits en lumi\u00e8re naturelle, la DJI Osmo Nano excelle et \u00e9crase la majorit\u00e9 de ses concurrents. Le rendu en mode normal est d\u00e9j\u00e0 tr\u00e8s convaincant pour les utilisateurs ne souhaitant pas s\u2019attaquer \u00e0 l\u2019\u00e9talonnage en post-prod avec le mode Dlog M. Nous n\u2019avons d\u2019ailleurs pas utilis\u00e9 ce mode (si ce n\u2019est pour les besoins de ce test) tant la qualit\u00e9 d\u2019image \u201cen sortie de bo\u00eete\u201d est bluffante.<\/p>\n<p>On attendait beaucoup de ce capteur en basse lumi\u00e8re, les cam\u00e9ras concurrentes montrant leurs limites dans ces conditions. La taille du capteur permet-elle d\u2019obtenir de meilleures vid\u00e9os\u00a0? Oui. Le grand capteur r\u00e9cup\u00e8re plus d\u2019informations et permet de produire de belles images. Le mode nuit am\u00e9liore encore tout cela.<\/p>\n<p>\t\t\t\t<a href=\"https:\/\/www.europesays.com\/fr\/wp-content\/uploads\/2025\/11\/test-dji-osmo-nano-ventouse-ecran.jpg\"><img loading=\"lazy\" decoding=\"async\" width=\"1920\" height=\"1280\" src=\"https:\/\/www.europesays.com\/fr\/wp-content\/uploads\/2025\/11\/test-dji-osmo-nano-ventouse-ecran.jpg\" class=\"attachment-full size-full\" alt=\"test dji osmo nano polyvalence\" aria-describedby=\"gallery-9-689311\"  \/><\/a><\/p>\n<p>\t\t\t\t\u00a9 Presse-citron<\/p>\n<p>\t\t\t\t<a href=\"https:\/\/www.europesays.com\/fr\/wp-content\/uploads\/2025\/11\/test-dji-osmo-nano-fixation-magnetique.jpg\"><img loading=\"lazy\" decoding=\"async\" width=\"1920\" height=\"1280\" src=\"https:\/\/www.europesays.com\/fr\/wp-content\/uploads\/2025\/11\/test-dji-osmo-nano-fixation-magnetique.jpg\" class=\"attachment-full size-full\" alt=\"test dji osmo nano fixation magnetique\" aria-describedby=\"gallery-9-689307\"  \/><\/a><\/p>\n<p>\t\t\t\t\u00a9 Presse-citron<\/p>\n<p>\t\t\t\t<a href=\"https:\/\/www.europesays.com\/fr\/wp-content\/uploads\/2025\/11\/test-dji-osmo-nano-qualite-image.jpg\"><img loading=\"lazy\" decoding=\"async\" width=\"1920\" height=\"1280\" src=\"https:\/\/www.europesays.com\/fr\/wp-content\/uploads\/2025\/11\/test-dji-osmo-nano-qualite-image.jpg\" class=\"attachment-full size-full\" alt=\"test dji osmo nano qualite image\" aria-describedby=\"gallery-9-689298\"  \/><\/a><\/p>\n<p>\t\t\t\t\u00a9 Presse-citron<\/p>\n<p>\t\t\t\t<a href=\"https:\/\/www.europesays.com\/fr\/wp-content\/uploads\/2025\/11\/test-dji-osmo-nano-prix.jpg\"><img loading=\"lazy\" decoding=\"async\" width=\"1920\" height=\"1280\" src=\"https:\/\/www.europesays.com\/fr\/wp-content\/uploads\/2025\/11\/test-dji-osmo-nano-prix.jpg\" class=\"attachment-full size-full\" alt=\"test dji osmo nano prix\" aria-describedby=\"gallery-9-689301\"  \/><\/a><\/p>\n<p>\t\t\t\t\u00a9 Presse-citron<\/p>\n<p>Reste que l\u2019Osmo Nano n\u2019atteint pas encore le niveau d\u2019une vraie cam\u00e9ra dans ces conditions difficiles. <strong>Les images captur\u00e9es en soir\u00e9e ou en ambiance sombre conservent du d\u00e9tail mais montrent leur limite<\/strong>, notamment sur le bruit num\u00e9rique et la plage dynamique. Cela reste \u201ccorrect\u201d pour une mini cam\u00e9ra, mais les vid\u00e9astes les plus exigeants pr\u00e9f\u00e9reront opter pour une lumi\u00e8re d\u2019appoint ou accepter un compromis.<\/p>\n<p>L\u2019Osmo Nano nous a aussi impressionn\u00e9s sur d\u2019autres aspects. D\u2019abord, <strong>la stabilisation RockSteady de DJI<\/strong> (issue aussi du drone Mini 4 Pro) est tout bonnement impressionnante (attention elle est d\u00e9sactiv\u00e9e en 4K \u00e0 120 fps). Elle permet de filmer en marchant, courant ou en plan embarqu\u00e9 sans tremblement. DJI a ajout\u00e9 un mode \u201cmaintien de l\u2019horizon\u201d qui permet de conserver un plan parfaitement stable et droit m\u00eame si l\u2019on fait pivoter la cam\u00e9ra. \u00c9poustouflant.<\/p>\n<p>\t\t\t\t<a href=\"https:\/\/www.europesays.com\/fr\/wp-content\/uploads\/2025\/11\/test-dji-osmo-nano-micros.jpg\"><img loading=\"lazy\" decoding=\"async\" width=\"1920\" height=\"1280\" src=\"https:\/\/www.europesays.com\/fr\/wp-content\/uploads\/2025\/11\/test-dji-osmo-nano-micros.jpg\" class=\"attachment-full size-full\" alt=\"test dji osmo nano micros\" aria-describedby=\"gallery-10-689306\"  \/><\/a><\/p>\n<p>\t\t\t\t\u00a9 Presse-citron<\/p>\n<p>\t\t\t\t<a href=\"https:\/\/www.europesays.com\/fr\/wp-content\/uploads\/2025\/11\/test-dji-osmo-nano-connexion-micros.jpg\"><img loading=\"lazy\" decoding=\"async\" width=\"1920\" height=\"1280\" src=\"https:\/\/www.europesays.com\/fr\/wp-content\/uploads\/2025\/11\/test-dji-osmo-nano-connexion-micros.jpg\" class=\"attachment-full size-full\" alt=\"test dji osmo nano connexion micros\" aria-describedby=\"gallery-10-689303\"  \/><\/a><\/p>\n<p>\t\t\t\t\u00a9 Presse-citron<\/p>\n<p><strong>Enfin, soulignons la qualit\u00e9 d\u2019enregistrement du son.<\/strong> Les trois micros (deux \u00e0 l\u2019avant, un sur le c\u00f4t\u00e9) permettent de capter la voix avec une clart\u00e9 sid\u00e9rante, y compris dans des environnements bruyants ou par grand vent. Pour celles et ceux souhaitant profiter d\u2019un enregistrement de meilleure qualit\u00e9, il est possible d\u2019associer en un clic jusqu\u2019\u00e0 deux micros DJI en Bluetooth (dans notre cas les DJI Mic Mini). Que demander de plus\u00a0?<\/p>\n<p>    <a href=\"https:\/\/www.youtube.com\/@PressecitronHD?sub_confirmation=1\" target=\"_blank\" rel=\"nofollow noopener\"><br \/>\n        S&rsquo;abonner \u00e0 Presse-citron<br \/>\n    <\/a><\/p>\n<p>Une excellente autonomie (sauf pour l\u2019\u00e9cran)<br \/>\n<img loading=\"lazy\" decoding=\"async\" class=\"size-full wp-image-689292\" src=\"https:\/\/www.europesays.com\/fr\/wp-content\/uploads\/2025\/11\/test-dji-osmo-nano-autonomie.jpg\" alt=\"test dji osmo nano autonomie\" width=\"1920\" height=\"1280\"  \/>\u00a9 Presse-citron<\/p>\n<p>C\u00f4t\u00e9 endurance, la DJI Osmo Nano se positionne parmi les meilleures mini-cam\u00e9ras du march\u00e9 : <strong>comptez plus de 50 minutes d\u2019un seul bloc en 4K 25 fps.<\/strong> \u00c0 titre de comparaison, une Insta360 GO 3 (plus compacte) ne d\u00e9passe pas les 35 minutes. En revanche, l\u2019Insta360 Ultra fait un peu mieux (12 minutes pour la m\u00eame charge). La recharge rapide en 20 minutes (de 0 \u00e0 80%) est aussi un atout rassurant lorsque l\u2019on part se balader toute la journ\u00e9e.<\/p>\n<p><img loading=\"lazy\" decoding=\"async\" class=\"size-full wp-image-689291\" src=\"https:\/\/www.europesays.com\/fr\/wp-content\/uploads\/2025\/11\/test-dji-osmo-nano-charge.jpg\" alt=\"test dji osmo nano charge\" width=\"1920\" height=\"1280\"  \/>\u00a9 Presse-citron<\/p>\n<p>N\u00e9anmoins, nous sommes assez d\u00e9\u00e7us par l\u2019autonomie du bo\u00eetier-\u00e9cran qui nous a oblig\u00e9s tr\u00e8s souvent \u00e0 utiliser l\u2019application mobile DJI Mimo pour obtenir un retour vid\u00e9o. <strong>Les utilisateurs \u201cpro\u201d regretteront aussi l\u2019impossibilit\u00e9 de consulter leur rush sans reconnecter la cam\u00e9ra \u00e0 son socle.<\/strong> En dehors de ces deux points, c\u2019est un sans faute.<\/p>\n<p>Pour qui est faite la DJI Osmo Nano\u00a0?<br \/>\n<img loading=\"lazy\" decoding=\"async\" class=\"size-full wp-image-689290\" src=\"https:\/\/www.europesays.com\/fr\/wp-content\/uploads\/2025\/11\/test-dji-osmo-nano-vlog.jpg\" alt=\"test dji osmo nano vlog\" width=\"1920\" height=\"1280\"  \/>\u00a9 Presse-citron<\/p>\n<p>M\u00eame si nous pourrions la recommander \u00e0 tout le monde, elle r\u00e9pond particuli\u00e8rement aux besoins de ces profils\u00a0:<\/p>\n<ul>\n<li><strong>Vloggers et cr\u00e9ateurs de contenus\u00a0:<\/strong> pour la compacit\u00e9, l\u2019autonomie et la qualit\u00e9 d\u2019image.<\/li>\n<li><strong>Reporters, professionnels de la vid\u00e9o<\/strong> : pour les angles in\u00e9dits et et accessoires complets.<\/li>\n<li><strong>Sportifs et voyageurs\u00a0:<\/strong> pour sa r\u00e9sistance, son \u00e9tanch\u00e9it\u00e9, et ses accessoires de fixation.<\/li>\n<li><strong>Famille et souvenirs\u00a0:<\/strong> pour sa simplicit\u00e9 d\u2019utilisation, son stockage interne confortable et les infinies possibilit\u00e9s cr\u00e9atives.<\/li>\n<\/ul>\n<p class=\"text-center not-prose\"><a class=\"comp-button\" href=\"https:\/\/shop.presse-citron.net\/go\/32841\/\" target=\"_self\" rel=\"sponsored nofollow noopener\">Acheter la DJI Osmo Nano<\/a><\/p>\n<p>Notre avis sur la DJI Osmo Nano\u00a0: la cam\u00e9ra \u00e0 tout faire<\/p>\n<p>DJI a-t-elle cr\u00e9\u00e9 la cam\u00e9ra parfaite\u00a0? Pas tout \u00e0 fait, mais pas loin. L\u2019Osmo Nano adopte tous les standards des meilleures mini-cam\u00e9ras du march\u00e9 : un format compact, une simplicit\u00e9 d\u2019utilisation d\u00e9concertante, une grande polyvalence ainsi qu\u2019une autonomie tr\u00e8s confortable. Le tout pour \u00e0 peine 280 euros, on croit r\u00eaver.<\/p>\n<p>Mais si la Nano nous s\u00e9duit tant, c\u2019est parce qu\u2019elle produit des vid\u00e9os exceptionnelles (aussi bien horizontales que verticales), parfois m\u00eame au niveau d\u2019une cam\u00e9ra semi-professionnelle. La qualit\u00e9 d\u2019image et de son atteignent des sommets pour ce type de cam\u00e9ra, \u00e0 tel point que l\u2019on peut ais\u00e9ment envisager d\u2019en faire une cam\u00e9ra principale dans bien des sc\u00e9narios. Pour les vlogueurs, cr\u00e9ateurs de contenus, journalistes, sportifs, voyageurs ou tout simplement pour se cr\u00e9er des souvenirs, l\u2019Osmo Nano s\u2019impose comme la cam\u00e9ra id\u00e9ale. L\u2019essayer, c\u2019est l\u2019adopter.<\/p>\n<blockquote>\n<p class=\"text-base text-neutral-700 dark:text-neutral-300\">\ud83d\udccd Pour ne manquer aucune actualit\u00e9 de Presse-citron, suivez-nous sur <a href=\"https:\/\/news.google.com\/publications\/CAAqBggKMIPiNTC70wU?hl=fr&amp;gl=FR&amp;ceid=FR%3Afr\" target=\"_blank\" rel=\"noopener\">Google Actualit\u00e9s<\/a> et <a href=\"https:\/\/whatsapp.com\/channel\/0029VaCkGuz4NViitBXbEr0b\" target=\"_blank\" rel=\"noopener\">WhatsApp<\/a>.<\/p>\n<\/blockquote>\n<p>\n\t\t\t\tDJI Osmo Nano<br \/>\n\t\t\t\t280\u20ac\n\t\t\t<\/p>\n<p>\t\t\t\t\t\t\t\t\t<a title=\"DJI Osmo Nano\" class=\"wppr-default-img\" href=\"https:\/\/www.presse-citron.net\/app\/uploads\/2025\/11\/test-dji-osmo-nano.jpg\" data-lightbox=\"https:\/\/www.europesays.com\/fr\/wp-content\/uploads\/2025\/11\/test-dji-osmo-nano-160x160.jpg\" rel=\"nofollow noopener\" target=\"_blank\"><br \/>\n\t\t\t<img decoding=\"async\" src=\"https:\/\/www.europesays.com\/fr\/wp-content\/uploads\/2025\/11\/test-dji-osmo-nano-160x160.jpg\" alt=\"test dji osmo nano\" class=\"photo photo-wrapup wppr-product-image\"\/><br \/>\n\t\t<\/a><\/p>\n<p>\t\t\t\tOn aime\t\t\t<\/p>\n<ul>\n<li>Format compact et l\u00e9ger<\/li>\n<li>Simplicit\u00e9 d&rsquo;utilisation d\u00e9concertante<\/li>\n<li>Modulaire et polyvalente<\/li>\n<li>Qualit\u00e9 d&rsquo;image et de son \u00e9poustouflante<\/li>\n<li>Prix attractif<\/li>\n<\/ul>\n<p>\t\t\t\tOn aime moins\t\t\t<\/p>\n<ul>\n<li>Qualit\u00e9 d&rsquo;image perfectible en basse lumi\u00e8re<\/li>\n<li>Obligation de fixer la cam\u00e9ra au bo\u00eetier pour consulter les rushs<\/li>\n<li>Chauffe un peu<\/li>\n<\/ul>\n","protected":false},"excerpt":{"rendered":"Depuis quelques ann\u00e9es, le segment des cam\u00e9ras ultra compactes s\u2019est m\u00e9tamorphos\u00e9. Fini les simples cam\u00e9ras d\u2019action \u00e0 vocation&hellip;\n","protected":false},"author":2,"featured_media":517353,"comment_status":"","ping_status":"","sticky":false,"template":"","format":"standard","meta":{"footnotes":""},"categories":[7],"tags":[328,39826,37475,1011,27,43,40,41,39,42,44],"class_list":{"0":"post-517352","1":"post","2":"type-post","3":"status-publish","4":"format-standard","5":"has-post-thumbnail","7":"category-sciences-et-technologies","8":"tag-a-la-une","9":"tag-camera","10":"tag-dji","11":"tag-fr","12":"tag-france","13":"tag-science","14":"tag-science-and-technology","15":"tag-sciences","16":"tag-sciences-et-technologies","17":"tag-technologies","18":"tag-technology"},"share_on_mastodon":{"url":"https:\/\/pubeurope.com\/@fr\/115506261649965701","error":""},"_links":{"self":[{"href":"https:\/\/www.europesays.com\/fr\/wp-json\/wp\/v2\/posts\/517352","targetHints":{"allow":["GET"]}}],"collection":[{"href":"https:\/\/www.europesays.com\/fr\/wp-json\/wp\/v2\/posts"}],"about":[{"href":"https:\/\/www.europesays.com\/fr\/wp-json\/wp\/v2\/types\/post"}],"author":[{"embeddable":true,"href":"https:\/\/www.europesays.com\/fr\/wp-json\/wp\/v2\/users\/2"}],"replies":[{"embeddable":true,"href":"https:\/\/www.europesays.com\/fr\/wp-json\/wp\/v2\/comments?post=517352"}],"version-history":[{"count":0,"href":"https:\/\/www.europesays.com\/fr\/wp-json\/wp\/v2\/posts\/517352\/revisions"}],"wp:featuredmedia":[{"embeddable":true,"href":"https:\/\/www.europesays.com\/fr\/wp-json\/wp\/v2\/media\/517353"}],"wp:attachment":[{"href":"https:\/\/www.europesays.com\/fr\/wp-json\/wp\/v2\/media?parent=517352"}],"wp:term":[{"taxonomy":"category","embeddable":true,"href":"https:\/\/www.europesays.com\/fr\/wp-json\/wp\/v2\/categories?post=517352"},{"taxonomy":"post_tag","embeddable":true,"href":"https:\/\/www.europesays.com\/fr\/wp-json\/wp\/v2\/tags?post=517352"}],"curies":[{"name":"wp","href":"https:\/\/api.w.org\/{rel}","templated":true}]}}