{"id":517354,"date":"2025-11-07T03:20:29","date_gmt":"2025-11-07T03:20:29","guid":{"rendered":"https:\/\/www.europesays.com\/fr\/517354\/"},"modified":"2025-11-07T03:20:29","modified_gmt":"2025-11-07T03:20:29","slug":"comment-le-gouvernement-prevoit-de-recolter-693-millions-deuros","status":"publish","type":"post","link":"https:\/\/www.europesays.com\/fr\/517354\/","title":{"rendered":"comment le gouvernement pr\u00e9voit de r\u00e9colter 693 millions d\u2019euros"},"content":{"rendered":"<p>On croyait avoir tout vu, mais le gouvernement a visiblement une longueur d\u2019avance quand il s\u2019agit de radars. Selon les pr\u00e9visions du minist\u00e8re de l\u2019\u00c9conomie, 693 millions d\u2019euros seront r\u00e9colt\u00e9s gr\u00e2ce aux radars automatiques en 2026. C\u2019est 35 millions de plus qu\u2019en 2024, pourtant d\u00e9j\u00e0 marqu\u00e9e par un record historique, malgr\u00e9 le vandalisme et les bugs techniques qui ont perturb\u00e9 certains appareils. En additionnant l\u2019ensemble des amendes de circulation (PV \u00e9lectroniques, amendes major\u00e9es et radars) l\u2019\u00c9tat esp\u00e8re r\u00e9colter 2,15 milliards d\u2019euros. Un pactole qui ferait presque passer les radars pour un business parfaitement huil\u00e9.<\/p>\n<p>Car, au-del\u00e0 du discours impeccable sur la s\u00e9curit\u00e9 routi\u00e8re, impossible d\u2019ignorer la dimension financi\u00e8re de cet arsenal. Les radars sont rentables, extr\u00eamement rentables, et leur multiplication en 2026 confirme une certitude : en France, rouler vite peut co\u00fbter tr\u00e8s cher.<\/p>\n<p>Plus de radars, plus de contr\u00f4les : le d\u00e9ploiement massif<\/p>\n<p>L\u2019\u00c9tat sort le carnet de ch\u00e8ques. Pour moderniser et amplifier son dispositif de contr\u00f4le, 54,3 millions d\u2019euros seront investis en 2026. Objectif : atteindre 4 880 radars fixes ou mobiles sur le territoire. Pour l\u2019automobiliste, cela signifie une pr\u00e9sence quasi permanente, que ce soit sur les nationales, les d\u00e9partementales ou en pleine ville. Une nouvelle g\u00e9n\u00e9ration d\u2019appareils va d\u00e9barquer : radars tourelle, radars discriminants, radars autonomes.<\/p>\n<p>Certains d\u00e9finiront en temps r\u00e9el le type de v\u00e9hicule (voiture, poids lourd, deux-roues) et adapteront les limitations. Pas question de discuter : vous \u00eates vu, identifi\u00e9 et potentiellement flash\u00e9 en quelques secondes. En parall\u00e8le, les radars autonomes surveilleront sans rel\u00e2che pr\u00e8s de 14 000 km de routes. Ils seront d\u00e9plac\u00e9s r\u00e9guli\u00e8rement, fa\u00e7on jeu de piste\u2026 sauf que cette fois, le perdant paie l\u2019addition.<\/p>\n<p>Radars urbains et IA : l&rsquo;\u0153il intelligent qui ne cligne jamais<\/p>\n<p>2026 marque l\u2019arriv\u00e9e en force des radars urbains, ces petits bo\u00eetiers discrets capables de flasher beaucoup plus que la vitesse. Feux rouges, t\u00e9l\u00e9phone, ceinture, distances de s\u00e9curit\u00e9\u2026 Ces radars nouvelle g\u00e9n\u00e9ration utilisent l\u2019intelligence artificielle pour d\u00e9tecter plusieurs infractions simultan\u00e9ment. 340 radars urbains seront install\u00e9s d\u00e8s 2026, puis 5 000 dans les dix ans. Une invasion technologique. Leur particularit\u00e9 ? Ils peuvent \u00eatre d\u00e9plac\u00e9s, fix\u00e9s \u00e0 du mobilier urbain pour surprendre le conducteur distrait. Impossible de les anticiper.<\/p>\n<p>Et pour compl\u00e9ter le tableau, les fameuses voitures-radars se multiplient. Conduites par des prestataires priv\u00e9s, 300 v\u00e9hicules circuleront dans 86 d\u00e9partements. Ajoutez \u00e0 cela les 500 radars \u00ab\u00a0hiboux\u00a0\u00bb des forces de l\u2019ordre, capables de vous flasher la nuit sans piti\u00e9. Avec l\u2019arriv\u00e9e des radars antibruit et des contr\u00f4les automatis\u00e9s pour les voies r\u00e9serv\u00e9es ou les ZFE, une chose est s\u00fbre : en 2026, l\u2019automobiliste n\u2019aura nulle part o\u00f9 se cacher.<\/p>\n<p>Partagez cette info avec vos amis et vos proches en cliquant ici<br \/>Pour r\u00e9sumer<\/p>\n<p>En 2026, l\u2019\u00c9tat fran\u00e7ais pr\u00e9voit 693 M\u20ac de recettes gr\u00e2ce aux radars, avec pr\u00e8s de 4 880 appareils, des voitures-radars et de nouveaux radars urbains dot\u00e9s d\u2019IA. Objectif : contr\u00f4ler plus, verbaliser mieux et atteindre 2,15 Md\u20ac d\u2019amendes routi\u00e8res.<\/p>\n<p> <img decoding=\"async\" width=\"76\" height=\"76\" loading=\"lazy\" src=\"https:\/\/www.europesays.com\/fr\/wp-content\/uploads\/2025\/04\/avatar-autonews.png\" alt=\"Jules Sessiwede\"\/><\/p>\n","protected":false},"excerpt":{"rendered":"On croyait avoir tout vu, mais le gouvernement a visiblement une longueur d\u2019avance quand il s\u2019agit de radars.&hellip;\n","protected":false},"author":2,"featured_media":517355,"comment_status":"","ping_status":"","sticky":false,"template":"","format":"standard","meta":{"footnotes":""},"categories":[6],"tags":[35,11821,33,34,1011,27,12],"class_list":{"0":"post-517354","1":"post","2":"type-post","3":"status-publish","4":"format-standard","5":"has-post-thumbnail","7":"category-economie","8":"tag-business","9":"tag-dossiers","10":"tag-economie","11":"tag-economy","12":"tag-fr","13":"tag-france","14":"tag-news"},"share_on_mastodon":{"url":"https:\/\/pubeurope.com\/@fr\/115506264515825722","error":""},"_links":{"self":[{"href":"https:\/\/www.europesays.com\/fr\/wp-json\/wp\/v2\/posts\/517354","targetHints":{"allow":["GET"]}}],"collection":[{"href":"https:\/\/www.europesays.com\/fr\/wp-json\/wp\/v2\/posts"}],"about":[{"href":"https:\/\/www.europesays.com\/fr\/wp-json\/wp\/v2\/types\/post"}],"author":[{"embeddable":true,"href":"https:\/\/www.europesays.com\/fr\/wp-json\/wp\/v2\/users\/2"}],"replies":[{"embeddable":true,"href":"https:\/\/www.europesays.com\/fr\/wp-json\/wp\/v2\/comments?post=517354"}],"version-history":[{"count":0,"href":"https:\/\/www.europesays.com\/fr\/wp-json\/wp\/v2\/posts\/517354\/revisions"}],"wp:featuredmedia":[{"embeddable":true,"href":"https:\/\/www.europesays.com\/fr\/wp-json\/wp\/v2\/media\/517355"}],"wp:attachment":[{"href":"https:\/\/www.europesays.com\/fr\/wp-json\/wp\/v2\/media?parent=517354"}],"wp:term":[{"taxonomy":"category","embeddable":true,"href":"https:\/\/www.europesays.com\/fr\/wp-json\/wp\/v2\/categories?post=517354"},{"taxonomy":"post_tag","embeddable":true,"href":"https:\/\/www.europesays.com\/fr\/wp-json\/wp\/v2\/tags?post=517354"}],"curies":[{"name":"wp","href":"https:\/\/api.w.org\/{rel}","templated":true}]}}