{"id":517358,"date":"2025-11-07T03:22:11","date_gmt":"2025-11-07T03:22:11","guid":{"rendered":"https:\/\/www.europesays.com\/fr\/517358\/"},"modified":"2025-11-07T03:22:11","modified_gmt":"2025-11-07T03:22:11","slug":"des-departements-restent-en-alerte-face-aux-pluies-et-coups-de-tonnerre","status":"publish","type":"post","link":"https:\/\/www.europesays.com\/fr\/517358\/","title":{"rendered":"des d\u00e9partements restent en alerte face aux pluies et coups de tonnerre"},"content":{"rendered":"<p class=\"app_entry_lead\">\n<p>                    <a title=\"\u00a0\u00a9\u00a0mirkomaier\" href=\"https:\/\/www.europesays.com\/fr\/wp-content\/uploads\/2025\/11\/82426305.jpg\" class=\"fancy\"><\/p>\n<p>                            <img loading=\"lazy\" decoding=\"async\" src=\"https:\/\/www.europesays.com\/fr\/wp-content\/uploads\/2025\/11\/82426305.jpg\" alt=\"Vigilance orages\u00a0: des d\u00e9partements restent en alerte face aux pluies et coups de tonnerre\" width=\"1500\" height=\"1000\"\/><\/p>\n<p>                    <\/a><\/p>\n<p>                Apr\u00e8s un important front pluvio-orageux jeudi, la vigilance est maintenue dans certains d\u00e9partements ce vendredi 7\u00a0novembre.<\/p>\n<p>Apr\u00e8s l&rsquo;\u00e9pisode venteux de mercredi et\u00a0un important front pluvio-orageux jeudi, particuli\u00e8rement en Occitanie et sur la PACA, le temps va se calmer,\u00a0mais les orages se poursuivront du c\u00f4t\u00e9 de la C\u00f4te d&rsquo;Azur et de\u00a0la Corse vendredi 7 novembre, avec toutefois une intensit\u00e9 moindre. \u00ab\u00a0Sur PACA le matin, le temps est couvert avec des pluies localement marqu\u00e9es et orageuses, et un vent d&rsquo;est sensible sur le littoral. Des \u00e9claircies reviennent l&rsquo;apr\u00e8s-midi, mais des averses persistent sur le Var et les Alpes frontali\u00e8res, avec une limite pluie-neige vers 1 800 m\u00e8tres. En Corse, le temps est orageux toute la journ\u00e9e\u00a0\u00bb, pr\u00e9voit M\u00e9t\u00e9o-France pour vendredi.\u00a0Un risque de\u00a0vagues-submersion concerne encore toute la fa\u00e7ade Atlantique et est maintenu vendredi \u00e0 la suite des grandes mar\u00e9es.<\/p>\n<p>Concr\u00e8tement, l&rsquo;alerte vigilance jaune pour pluie-inondation persistera jusqu&rsquo;\u00e0 midi en Haute-Garonne, en Ari\u00e8ge, dans le Tarn, dans l&rsquo;Aude, dans l&rsquo;H\u00e9rault et dans le Var. La vigilance jaune pour orages concernera le pourtour m\u00e9diterran\u00e9en, de l&rsquo;Aude aux Alpes-Maritimes, \u00e0 l&rsquo;exception du Gard. La Corse est \u00e9galement plac\u00e9e en jaune pour cette alerte qui devrait s&rsquo;\u00e9tendre sur toute la journ\u00e9e. Sur la c\u00f4te atlantique, du Finist\u00e8re aux Pyr\u00e9n\u00e9es-Atlantiques, la vigilance pour vagues-submersion persistera, l\u00e0 encore, a priori, toute la journ\u00e9e.<\/p>\n<p>Derni\u00e8res mises \u00e0 jour<\/p>\n<p><a name=\"post1762468957\"\/>23:42 &#8211; Sept d\u00e9partements en alerte jaune pour orages<\/p>\n<p>L&rsquo;Aude, l&rsquo;H\u00e9rault, les Bouches-du-Rh\u00f4ne, le Var, les Alpes-Maritimes et les deux d\u00e9partements corses sont plac\u00e9s en vigilance jaune aux orages ce vendredi 7 novembre. L&rsquo;alerte s&rsquo;\u00e9tend pour l&rsquo;heure jusqu&rsquo;\u00e0 21 heures.\u00a0<\/p>\n<p><a name=\"post1762463961\"\/>22:19 &#8211; Fin de la vigilance pluie-inondation vendredi \u00e0 la mi-journ\u00e9e ?<\/p>\n<p>C&rsquo;est en tout cas ce que semble pr\u00e9voir ce jeudi soir M\u00e9t\u00e9o-France. Dans son dernier bulletin, six d\u00e9partements restent en vigilance jaune pour pluie-inondation vendredi. Il s&rsquo;agit de la Haute-Garonne, de l&rsquo;Ari\u00e8ge, du Tarn, de l&rsquo;Aude, de l&rsquo;H\u00e9rault et des Alpes-Maritimes. L&rsquo;alerte devrait \u00eatre lev\u00e9e vers midi vendredi.<\/p>\n<p><a name=\"post1762456481\"\/>20:14 &#8211; Fortes pluies et perturbations dans l&rsquo;H\u00e9rault ce jeudi<\/p>\n<p>La pluie est bien tomb\u00e9e ce jeudi apr\u00e8s-midi dans l&rsquo;H\u00e9rault. \u00ab\u00a0\u00c0 16h15, il est tomb\u00e9 jusqu&rsquo;\u00e0 100mm sur les Hauts-Cantons et le massif de l&rsquo;Espinouse\u00a0\u00bb, indiquait M\u00e9t\u00e9o-France sur X. \u00c0 Montpellier, plusieurs routes ont d\u00fb \u00eatre ferm\u00e9es \u00e0 cause de la pluie qui s&rsquo;est abattue dans les environs. La circulation \u00e9tait aussi compliqu\u00e9e \u00e0 Palavas, tandis qu&rsquo;\u00e0 B\u00e9ziers, plusieurs automobilistes ont \u00e9t\u00e9 secourus par les pompiers face \u00e0 la mont\u00e9e des eaux de ruissellement.\u00a0<\/p>\n<p><a name=\"post1762444706\"\/>16:58 &#8211; Quelle \u00e9volution pour vendredi ? <\/p>\n<p>En fin de journ\u00e9e ce jeudi, la perturbation pluvio-orageuse glisse vers le PACA. Elle y sera aussi active vendredi matin avec des pluies localement marqu\u00e9es. L&rsquo;apr\u00e8s-midi, les averses s&rsquo;affaiblissent mais\u00a0persistent sur le Var et les Alpes frontali\u00e8res. La journ\u00e9e est aussi orageuse en Corse. 7 d\u00e9partements sont ainsi annonc\u00e9s comme en alerte jaune pour orages : l&rsquo;Aude, l&rsquo;H\u00e9rault, les Bouches-du-Rh\u00f4ne, le Var, les Alpes-Maritimes et les deux d\u00e9partements corses. Les d\u00e9partements concern\u00e9s par la vigilance pluie-inondation devraient\u00a0\u00eatre r\u00e9duits \u00e0 6 : l&rsquo;Ari\u00e8ge, la Haute-Garonne, le Tarn, l&rsquo;Aude, l&rsquo;H\u00e9rault et le Var.<\/p>\n<p><a name=\"post1762435023\"\/>14:17 &#8211; De la gr\u00eale annonc\u00e9e<\/p>\n<p>La perturbation continue cet apr\u00e8s-midi, puis\u00a0les pluies vont se d\u00e9caler vers le PACA en fin de journ\u00e9e. Elles sont souvent marqu\u00e9es et peuvent \u00eatre accompagn\u00e9es de coups de tonnerre et m\u00eame d&rsquo;une petite gr\u00eale, pr\u00e9cise d\u00e9sormais M\u00e9t\u00e9o-France. La limite pluie-neige se place vers 2000 m\u00e8tres.<\/p>\n","protected":false},"excerpt":{"rendered":"Apr\u00e8s un important front pluvio-orageux jeudi, la vigilance est maintenue dans certains d\u00e9partements ce vendredi 7\u00a0novembre. Apr\u00e8s l&rsquo;\u00e9pisode&hellip;\n","protected":false},"author":2,"featured_media":517359,"comment_status":"","ping_status":"","sticky":false,"template":"","format":"standard","meta":{"footnotes":""},"categories":[4],"tags":[11,63771,51761,51763,1011,27,12,51767,25,104],"class_list":{"0":"post-517358","1":"post","2":"type-post","3":"status-publish","4":"format-standard","5":"has-post-thumbnail","7":"category-france","8":"tag-actualites","9":"tag-cms-linternaute-9166431","10":"tag-controller-content","11":"tag-format-papier","12":"tag-fr","13":"tag-france","14":"tag-news","15":"tag-parallaxeinfeed","16":"tag-republique-francaise","17":"tag-societe"},"share_on_mastodon":{"url":"https:\/\/pubeurope.com\/@fr\/115506272874601264","error":""},"_links":{"self":[{"href":"https:\/\/www.europesays.com\/fr\/wp-json\/wp\/v2\/posts\/517358","targetHints":{"allow":["GET"]}}],"collection":[{"href":"https:\/\/www.europesays.com\/fr\/wp-json\/wp\/v2\/posts"}],"about":[{"href":"https:\/\/www.europesays.com\/fr\/wp-json\/wp\/v2\/types\/post"}],"author":[{"embeddable":true,"href":"https:\/\/www.europesays.com\/fr\/wp-json\/wp\/v2\/users\/2"}],"replies":[{"embeddable":true,"href":"https:\/\/www.europesays.com\/fr\/wp-json\/wp\/v2\/comments?post=517358"}],"version-history":[{"count":0,"href":"https:\/\/www.europesays.com\/fr\/wp-json\/wp\/v2\/posts\/517358\/revisions"}],"wp:featuredmedia":[{"embeddable":true,"href":"https:\/\/www.europesays.com\/fr\/wp-json\/wp\/v2\/media\/517359"}],"wp:attachment":[{"href":"https:\/\/www.europesays.com\/fr\/wp-json\/wp\/v2\/media?parent=517358"}],"wp:term":[{"taxonomy":"category","embeddable":true,"href":"https:\/\/www.europesays.com\/fr\/wp-json\/wp\/v2\/categories?post=517358"},{"taxonomy":"post_tag","embeddable":true,"href":"https:\/\/www.europesays.com\/fr\/wp-json\/wp\/v2\/tags?post=517358"}],"curies":[{"name":"wp","href":"https:\/\/api.w.org\/{rel}","templated":true}]}}