{"id":51736,"date":"2025-04-25T12:28:07","date_gmt":"2025-04-25T12:28:07","guid":{"rendered":"https:\/\/www.europesays.com\/fr\/51736\/"},"modified":"2025-04-25T12:28:07","modified_gmt":"2025-04-25T12:28:07","slug":"un-general-russe-tue-dans-lexplosion-dune-voiture-pres-de-moscou","status":"publish","type":"post","link":"https:\/\/www.europesays.com\/fr\/51736\/","title":{"rendered":"un g\u00e9n\u00e9ral russe tu\u00e9 dans l&rsquo;explosion d&rsquo;une voiture pr\u00e8s de Moscou"},"content":{"rendered":"<p>le Comit\u00e9 d\u2019enqu\u00eate national, qui a ouvert une investigation pour \u00abmeurtre\u00bb apr\u00e8s cet incident caus\u00e9 par \u00abla d\u00e9tonation d\u2019un engin explosif improvis\u00e9\u00bb.<\/p>\n<p class=\"fig-paragraph\">L&rsquo;explosion d&rsquo;une voiture, vendredi 25 avril 2025 pr\u00e8s de Moscou, a tu\u00e9 un g\u00e9n\u00e9ral russe, a indiqu\u00e9 le Comit\u00e9 d&rsquo;enqu\u00eate national, qui a ouvert une investigation pour \u00abmeurtre\u00bb apr\u00e8s cet incident caus\u00e9 par \u00abla d\u00e9tonation d&rsquo;un engin explosif improvis\u00e9\u00bb.<\/p>\n<p class=\"fig-paragraph\">Dans un communiqu\u00e9, le Comit\u00e9 pr\u00e9cise que la victime est le g\u00e9n\u00e9ral Iaroslav Moskalik, \u00abchef adjoint de la Direction g\u00e9n\u00e9rale op\u00e9rationnelle de l&rsquo;\u00e9tat-major\u00bb des forces arm\u00e9es russes. Selon cette source, l&rsquo;explosion a eu lieu dans la ville de Balachikha, situ\u00e9e \u00e0 quelques kilom\u00e8tres \u00e0 l&rsquo;est de la capitale russe.<\/p>\n<p class=\"fig-paragraph\">Plus d\u2019informations \u00e0 suivre&#8230;<\/p>\n","protected":false},"excerpt":{"rendered":"le Comit\u00e9 d\u2019enqu\u00eate national, qui a ouvert une investigation pour \u00abmeurtre\u00bb apr\u00e8s cet incident caus\u00e9 par \u00abla d\u00e9tonation&hellip;\n","protected":false},"author":2,"featured_media":51737,"comment_status":"","ping_status":"","sticky":false,"template":"","format":"standard","meta":{"footnotes":""},"categories":[5],"tags":[259,11,260,1011,27,131,14,261,12,262,132,28],"class_list":{"0":"post-51736","1":"post","2":"type-post","3":"status-publish","4":"format-standard","5":"has-post-thumbnail","7":"category-international","8":"tag-actualite-internationale","9":"tag-actualites","10":"tag-affaires-etrangeres","11":"tag-fr","12":"tag-france","13":"tag-guerre-en-ukraine","14":"tag-international","15":"tag-ministere-des-affaires-etrangeres","16":"tag-news","17":"tag-politique-etrangere","18":"tag-russie","19":"tag-world"},"share_on_mastodon":{"url":"","error":""},"_links":{"self":[{"href":"https:\/\/www.europesays.com\/fr\/wp-json\/wp\/v2\/posts\/51736","targetHints":{"allow":["GET"]}}],"collection":[{"href":"https:\/\/www.europesays.com\/fr\/wp-json\/wp\/v2\/posts"}],"about":[{"href":"https:\/\/www.europesays.com\/fr\/wp-json\/wp\/v2\/types\/post"}],"author":[{"embeddable":true,"href":"https:\/\/www.europesays.com\/fr\/wp-json\/wp\/v2\/users\/2"}],"replies":[{"embeddable":true,"href":"https:\/\/www.europesays.com\/fr\/wp-json\/wp\/v2\/comments?post=51736"}],"version-history":[{"count":0,"href":"https:\/\/www.europesays.com\/fr\/wp-json\/wp\/v2\/posts\/51736\/revisions"}],"wp:featuredmedia":[{"embeddable":true,"href":"https:\/\/www.europesays.com\/fr\/wp-json\/wp\/v2\/media\/51737"}],"wp:attachment":[{"href":"https:\/\/www.europesays.com\/fr\/wp-json\/wp\/v2\/media?parent=51736"}],"wp:term":[{"taxonomy":"category","embeddable":true,"href":"https:\/\/www.europesays.com\/fr\/wp-json\/wp\/v2\/categories?post=51736"},{"taxonomy":"post_tag","embeddable":true,"href":"https:\/\/www.europesays.com\/fr\/wp-json\/wp\/v2\/tags?post=51736"}],"curies":[{"name":"wp","href":"https:\/\/api.w.org\/{rel}","templated":true}]}}