{"id":517362,"date":"2025-11-07T03:24:16","date_gmt":"2025-11-07T03:24:16","guid":{"rendered":"https:\/\/www.europesays.com\/fr\/517362\/"},"modified":"2025-11-07T03:24:16","modified_gmt":"2025-11-07T03:24:16","slug":"installation-du-nouveau-calvaire-a-la-grotte-de-cotatay-le-dimanche-16-novembre","status":"publish","type":"post","link":"https:\/\/www.europesays.com\/fr\/517362\/","title":{"rendered":"Installation du nouveau calvaire \u00e0 la Grotte de Cotatay le dimanche 16 novembre"},"content":{"rendered":"<p>\t\t\t\t\t\t\t\t\t\t\t\t\t\t\t\t\t\t\t\t\t\t\t\t\t\t\t\t\t\t\t\t\t\t\t\t\t\t\t\t\t\t\t\t\t\t<img decoding=\"async\" loading=\"lazy\" src=\"https:\/\/www.europesays.com\/fr\/wp-content\/uploads\/2025\/11\/afrique.gif\" alt=\"F\u00eate africaine novembre 2025\"\/><\/p>\n<p>\t\t\t\t\t\t\t\t\t\t\t\t\t\t\t\t\t\t\t\t\t\t\t\t\t\t\t\t\t\t\t\t\t\t\t\t\t\t\t\t\t\t\t\t\t\t\t\t\t\t\t\t\t\t\t\t\t\t\t\t\t\t\t<a href=\"https:\/\/www.lacommere43.fr\/component\/banners\/click\/1754.html\" target=\"_blank\" title=\"Annonces l\u00e9gales Une\" rel=\"noopener\"><br \/>\n\t\t\t\t\t\t\t<img decoding=\"async\" loading=\"lazy\" src=\"https:\/\/www.europesays.com\/fr\/wp-content\/uploads\/2025\/07\/CARRE.gif\" alt=\"Annonces l\u00e9gales Une\"\/><br \/>\n\t\t\t\t\t\t<\/a><\/p>\n<p><strong>Le sanctuaire marial de Cotatay, haut lieu de pri\u00e8re du Chambon-Feugerolles depuis plus d\u2019un si\u00e8cle et demi, accueillera dimanche 16 novembre \u00e0 15 heures une procession dans la vall\u00e9e, \u00e0 l\u2019occasion de l\u2019installation d\u2019un nouveau Calvaire \u00e0 la Grotte.<\/strong><\/p>\n<p>Le d\u00e9part se fera depuis la chapelle de la Sauvani\u00e8re (82 rue de Cotatay). Les fid\u00e8les sont invit\u00e9s \u00e0 suivre en procession la nouvelle Croix, mont\u00e9e solennellement jusqu\u2019au sanctuaire, avant son installation sur le socle.<\/p>\n<p><strong>Une initiative port\u00e9e par des jeunes b\u00e9n\u00e9voles<\/strong><\/p>\n<p>Cette installation est le fruit d\u2019un projet entrepris gr\u00e2ce \u00e0 un groupe de b\u00e9n\u00e9voles de l\u2019association SOS Calvaires, association nationale dont l\u2019antenne st\u00e9phanoise est port\u00e9e par Antoine Doublet, \u00e0 l\u2019origine de la fabrication de la croix.<\/p>\n<p>D\u00e9j\u00e0 engag\u00e9s dans plusieurs projets dans le dioc\u00e8se (restauration du calvaire du sanctuaire Notre-Dame de Valfleury, \u00e9dification d\u2019un autel \u00e0 la sainte Vierge dans une chapelle st\u00e9phanoise), les jeunes b\u00e9n\u00e9voles ont con\u00e7u les plans du socle, choisi l\u2019emplacement et assur\u00e9 la mise en oeuvre du projet \u00e0 Cotatay depuis plusieurs mois. Gr\u00e2ce \u00e0 leur travail, la Grotte de Cotatay va pouvoir retrouver une croix, alors qu\u2019elle n\u2019en poss\u00e9dait plus depuis la disparition de l\u2019ancienne, visible sur quelques photos d\u2019archives.<\/p>\n<p><strong>Ouvert \u00e0 tous<\/strong><\/p>\n<p>La procession sera suivie d\u2019un moment convivial autour de boissons chaudes, une occasion pour rencontrer l\u2019\u00e9quipe de jeunes qui a permis la r\u00e9alisation de ce projet.<\/p>\n<p>L\u2019\u00e9v\u00e9nement est ouvert \u00e0 tous et maintenu en cas de pluie. Des parkings sont disponibles \u00e0 proximit\u00e9 du lieu de d\u00e9part.<\/p>\n","protected":false},"excerpt":{"rendered":"Le sanctuaire marial de Cotatay, haut lieu de pri\u00e8re du Chambon-Feugerolles depuis plus d\u2019un si\u00e8cle et demi, accueillera&hellip;\n","protected":false},"author":2,"featured_media":517363,"comment_status":"","ping_status":"","sticky":false,"template":"","format":"standard","meta":{"footnotes":""},"categories":[9653],"tags":[1111,2281,11,2430,1777,674,2282,1011,27,2280,2284,2285,2283,12,25,4001],"class_list":{"0":"post-517362","1":"post","2":"type-post","3":"status-publish","4":"format-standard","5":"has-post-thumbnail","7":"category-saint-etienne","8":"tag-actu","9":"tag-actualite-43","10":"tag-actualites","11":"tag-auvergne-rhone-alpes","12":"tag-eu","13":"tag-europe","14":"tag-faits-divers-auvergne","15":"tag-fr","16":"tag-france","17":"tag-information-haute-loire","18":"tag-infos-43","19":"tag-journal-haute-loire","20":"tag-la-commere-43","21":"tag-news","22":"tag-republique-francaise","23":"tag-saint-etienne"},"share_on_mastodon":{"url":"https:\/\/pubeurope.com\/@fr\/115506280799039220","error":""},"_links":{"self":[{"href":"https:\/\/www.europesays.com\/fr\/wp-json\/wp\/v2\/posts\/517362","targetHints":{"allow":["GET"]}}],"collection":[{"href":"https:\/\/www.europesays.com\/fr\/wp-json\/wp\/v2\/posts"}],"about":[{"href":"https:\/\/www.europesays.com\/fr\/wp-json\/wp\/v2\/types\/post"}],"author":[{"embeddable":true,"href":"https:\/\/www.europesays.com\/fr\/wp-json\/wp\/v2\/users\/2"}],"replies":[{"embeddable":true,"href":"https:\/\/www.europesays.com\/fr\/wp-json\/wp\/v2\/comments?post=517362"}],"version-history":[{"count":0,"href":"https:\/\/www.europesays.com\/fr\/wp-json\/wp\/v2\/posts\/517362\/revisions"}],"wp:featuredmedia":[{"embeddable":true,"href":"https:\/\/www.europesays.com\/fr\/wp-json\/wp\/v2\/media\/517363"}],"wp:attachment":[{"href":"https:\/\/www.europesays.com\/fr\/wp-json\/wp\/v2\/media?parent=517362"}],"wp:term":[{"taxonomy":"category","embeddable":true,"href":"https:\/\/www.europesays.com\/fr\/wp-json\/wp\/v2\/categories?post=517362"},{"taxonomy":"post_tag","embeddable":true,"href":"https:\/\/www.europesays.com\/fr\/wp-json\/wp\/v2\/tags?post=517362"}],"curies":[{"name":"wp","href":"https:\/\/api.w.org\/{rel}","templated":true}]}}