{"id":517377,"date":"2025-11-07T03:35:11","date_gmt":"2025-11-07T03:35:11","guid":{"rendered":"https:\/\/www.europesays.com\/fr\/517377\/"},"modified":"2025-11-07T03:35:11","modified_gmt":"2025-11-07T03:35:11","slug":"pres-de-grenoble-percutee-par-un-train-sncf-une-femme-de-52-ans-tuee-sur-le-coup","status":"publish","type":"post","link":"https:\/\/www.europesays.com\/fr\/517377\/","title":{"rendered":"Pr\u00e8s de Grenoble. Percut\u00e9e par un train SNCF, une femme de 52 ans tu\u00e9e sur le coup"},"content":{"rendered":"<p>            Par<br \/>\n        <strong><br \/>\n            <a href=\"https:\/\/actu.fr\/auteur\/julien-sournies\" title=\"Consulter tous les articles de Julien Sournies\" rel=\"nofollow noopener\" target=\"_blank\">Julien Sournies<\/a><br \/>\n        <\/strong><\/p>\n<p>        Publi\u00e9 le<\/p>\n<p>            6 nov. 2025 \u00e0 10h20        <\/p>\n<p>La circulation sur la ligne <a href=\"https:\/\/actu.fr\/grenoble\/\" rel=\"nofollow noopener\" target=\"_blank\">Grenoble<\/a>-Chamb\u00e9ry a \u00e9t\u00e9 <strong>fortement perturb\u00e9e<\/strong> tout au long de l\u2019apr\u00e8s-midi ce mercredi 5\u00a0novembre en raison d\u2019un <a href=\"https:\/\/actu.fr\/auvergne-rhone-alpes\/grenoble_38185\/sncf-grosse-pagaille-en-cours-en-gare-de-grenoble-plusieurs-trains-supprimes-ce-qu-il-se-passe_63398777.html\" rel=\"nofollow noopener\" target=\"_blank\">grave accident voyageur<\/a>.<\/p>\n<p class=\" wall-content\">Comme indiqu\u00e9 par la SNCF, aux alentours de 14h45, une personne a \u00e9t\u00e9 violemment <strong>heurt\u00e9e<\/strong> par un train TER en circulation \u00e0 hauteur de la commune de La Pierre (<a href=\"https:\/\/actu.fr\/auvergne-rhone-alpes\/isere_38\" rel=\"nofollow noopener\" target=\"_blank\">Is\u00e8re<\/a>), au nord-est de Grenoble.<\/p>\n<p>La quinquag\u00e9naire d\u00e9c\u00e8de sur le coup<\/p>\n<p class=\" wall-content\">Selon les informations du <a href=\"https:\/\/c.ledauphine.com\/faits-divers-justice\/2025\/11\/05\/la-pierre-une-femme-decede-apres-s-etre-jetee-sous-un-train\" rel=\"nofollow noopener\" target=\"_blank\">Dauphin\u00e9 Lib\u00e9r\u00e9<\/a>, il s\u2019agit d\u2019une femme \u00e2g\u00e9e de 52\u00a0ans, laquelle se serait d\u00e9lib\u00e9r\u00e9ment jet\u00e9e sous le train. Malgr\u00e9 l\u2019intervention des secours, la quinquag\u00e9naire est <strong>d\u00e9c\u00e9d\u00e9e sur le coup<\/strong>.<\/p>\n<p>    <a href=\"https:\/\/www.google.com\/maps\/embed?pb=!1m18!1m12!1m3!1d16109.27763159906!2d5.922205343065587!3d45.29432203841596!2m3!1f0!2f0!3f0!3m2!1i1024!2i768!4f13.1!3m3!1m2!1s0x478a5a78c16992f9%3A0x408ab2ae4be7130!2s38570%20La%20Pierre!5e1!3m2!1sfr!2sfr!4v1762419809554!5m2!1sfr!2sfr\" title=\"Ouvrie le lien\" rel=\"nofollow noopener\" target=\"_blank\">Cliquez ici pour visualiser le contenu<\/a><\/p>\n<p class=\" wall-content\">Du c\u00f4t\u00e9 du TER, la circulation a \u00e9t\u00e9 totalement interrompue. Le convoi a pu reprendre sa marche qu\u2019\u00e0 partir de 18\u00a0heures, soit <strong>plus de trois heures apr\u00e8s<\/strong>, \u00e0 l\u2019issue d\u2019une intervention d\u2019\u00e9quipes sp\u00e9cialis\u00e9es.<\/p>\n<p class=\" wall-content\">Personnalisez votre actualit\u00e9 en ajoutant vos villes et m\u00e9dias en favori avec <a href=\"https:\/\/moncompte.actu.fr\" title=\"D\u00e9couvez Mon Actu\" rel=\"nofollow noopener\" data-trk=\"{&quot;cta&quot;:{&quot;action&quot;:&quot;https:\\\/\\\/moncompte.actu.fr&quot;,&quot;category&quot;:&quot;mon compte&quot;,&quot;from&quot;:&quot;article footer&quot;,&quot;name&quot;:&quot;Mon actu&quot;,&quot;type&quot;:&quot;cta&quot;}}\" target=\"_blank\">Mon Actu<\/a>.<\/p>\n","protected":false},"excerpt":{"rendered":"Par Julien Sournies Publi\u00e9 le 6 nov. 2025 \u00e0 10h20 La circulation sur la ligne Grenoble-Chamb\u00e9ry a \u00e9t\u00e9&hellip;\n","protected":false},"author":2,"featured_media":517378,"comment_status":"","ping_status":"","sticky":false,"template":"","format":"standard","meta":{"footnotes":""},"categories":[9566],"tags":[119,1111,11,2430,1777,674,118,1011,27,2731,12,25,2215],"class_list":{"0":"post-517377","1":"post","2":"type-post","3":"status-publish","4":"format-standard","5":"has-post-thumbnail","7":"category-grenoble","8":"tag-accident","9":"tag-actu","10":"tag-actualites","11":"tag-auvergne-rhone-alpes","12":"tag-eu","13":"tag-europe","14":"tag-faits-divers","15":"tag-fr","16":"tag-france","17":"tag-grenoble","18":"tag-news","19":"tag-republique-francaise","20":"tag-sncf"},"share_on_mastodon":{"url":"https:\/\/pubeurope.com\/@fr\/115506323408994945","error":""},"_links":{"self":[{"href":"https:\/\/www.europesays.com\/fr\/wp-json\/wp\/v2\/posts\/517377","targetHints":{"allow":["GET"]}}],"collection":[{"href":"https:\/\/www.europesays.com\/fr\/wp-json\/wp\/v2\/posts"}],"about":[{"href":"https:\/\/www.europesays.com\/fr\/wp-json\/wp\/v2\/types\/post"}],"author":[{"embeddable":true,"href":"https:\/\/www.europesays.com\/fr\/wp-json\/wp\/v2\/users\/2"}],"replies":[{"embeddable":true,"href":"https:\/\/www.europesays.com\/fr\/wp-json\/wp\/v2\/comments?post=517377"}],"version-history":[{"count":0,"href":"https:\/\/www.europesays.com\/fr\/wp-json\/wp\/v2\/posts\/517377\/revisions"}],"wp:featuredmedia":[{"embeddable":true,"href":"https:\/\/www.europesays.com\/fr\/wp-json\/wp\/v2\/media\/517378"}],"wp:attachment":[{"href":"https:\/\/www.europesays.com\/fr\/wp-json\/wp\/v2\/media?parent=517377"}],"wp:term":[{"taxonomy":"category","embeddable":true,"href":"https:\/\/www.europesays.com\/fr\/wp-json\/wp\/v2\/categories?post=517377"},{"taxonomy":"post_tag","embeddable":true,"href":"https:\/\/www.europesays.com\/fr\/wp-json\/wp\/v2\/tags?post=517377"}],"curies":[{"name":"wp","href":"https:\/\/api.w.org\/{rel}","templated":true}]}}