{"id":517381,"date":"2025-11-07T03:37:33","date_gmt":"2025-11-07T03:37:33","guid":{"rendered":"https:\/\/www.europesays.com\/fr\/517381\/"},"modified":"2025-11-07T03:37:33","modified_gmt":"2025-11-07T03:37:33","slug":"habitants-du-blosne-a-rennes-ils-deviennent-commissaires-dexposition-le-temps-dune-journee","status":"publish","type":"post","link":"https:\/\/www.europesays.com\/fr\/517381\/","title":{"rendered":"Habitants du Blosne \u00e0 Rennes, ils deviennent commissaires d\u2019exposition le temps d\u2019une journ\u00e9e"},"content":{"rendered":"<p>Ils sont sept. Il y a encore un an ils ne se connaissaient pas ou peu. Aujourd\u2019hui, ils sont soud\u00e9s, unis par un projet qu\u2019ils ont men\u00e9 durant un an. Habitants du <a href=\"https:\/\/rennes.maville.com\/actu\/actudet_-a-rennes-une-cite-artisanale-pour-revitaliser-le-coeur-du-quartier-du-blosne-_7-6847555_actu.Htm\" target=\"_self\" rel=\"noopener\">Blosne,<\/a> c\u2019est en fr\u00e9quentant l\u2019\u00e9picerie sociale, le centre social qu\u2019ils ont rejoint la proposition de devenir commissaire d\u2019exposition, projet, \u00e0 la fois social et culturel, qui participe \u00e0 la r\u00e9insertion sociale.<\/p>\n<p><strong>Lire aussi<\/strong>\u00a0: <a href=\"https:\/\/rennes.maville.com\/actu\/actudet_-a-rennes-ce-sont-encore-des-stars-il-y-a-30-ans-ces-momes-du-blosne-ont-fait-un-tube-_52674-7044306_actu.Htm\" target=\"_self\" rel=\"noopener\">Ce sont encore des stars\u00a0: il y a 30\u00a0ans, ces m\u00f4mes du Blosne ont fait un tube<\/a><\/p>\n<p>L\u2019id\u00e9e, \u00e9tait de raconter l\u2019histoire du quartier \u00e0 travers des portraits de femmes. Carole Bourdet, 44\u00a0ans, fra\u00eechement arriv\u00e9e dans le quartier a rejoint le projet, comme Gigi, enthousiastes.<\/p>\n<p>\u00ab\u00a0Mieux conna\u00eetre le quartier o\u00f9 l\u2019on vit\u00a0\u00bb<\/p>\n<p><strong>\u00ab\u00a0C\u2019\u00e9tait une mani\u00e8re de mieux conna\u00eetre le quartier o\u00f9 l\u2019on vit. C\u2019est un projet qui parle d\u2019art, qui permet de faire beaucoup de rencontres int\u00e9ressantes de femmes inspirantes qui ont particip\u00e9 \u00e0 la cr\u00e9ation du quartier.\u00a0\u00bb <\/strong> Tout a commenc\u00e9 par une exploration du quartier et des interviews,  <strong>\u00ab\u00a0pour faire entendre la parole des femmes, qui mettent en valeur des personnes parfois invisibilis\u00e9es.\u00a0\u00bb<\/strong><\/p>\n<p>L\u2019exposition met en valeur diff\u00e9rentes femmes actrices du quartier\u00a0: Charlotte, m\u00e9decin du centre de sant\u00e9, Sylvie, sage-femme \u00e0 l\u2019H\u00f4pital Sud, Jacqueline, infirmi\u00e8re, Paloma, artiste \u00e0 l\u2019initiative de l\u2019encyclop\u00e9die des migrants, Kensa, artiste graffeuse\u2026 Et est visible jusqu\u2019au 7\u00a0janvier 2026.<\/p>\n<p><strong>Jusqu\u2019au 7\u00a0janvier 2026<\/strong>, Voix de femmes, un matrimoine au c\u0153ur du Blosne, \u00e0 la biblioth\u00e8que du Triangle, quartier du Blosne \u00e0 Rennes.<\/p>\n<p>\u00a0<\/p>\n","protected":false},"excerpt":{"rendered":"Ils sont sept. Il y a encore un an ils ne se connaissaient pas ou peu. Aujourd\u2019hui, ils&hellip;\n","protected":false},"author":2,"featured_media":517382,"comment_status":"","ping_status":"","sticky":false,"template":"","format":"standard","meta":{"footnotes":""},"categories":[2821],"tags":[1111,11,8765,829,63776,32671,1777,674,3293,1011,27,4021,3465,12,584,25,3728,5426],"class_list":{"0":"post-517381","1":"post","2":"type-post","3":"status-publish","4":"format-standard","5":"has-post-thumbnail","7":"category-rennes","8":"tag-actu","9":"tag-actualites","10":"tag-blosne","11":"tag-bretagne","12":"tag-commissaires","13":"tag-deviennent","14":"tag-eu","15":"tag-europe","16":"tag-exposition","17":"tag-fr","18":"tag-france","19":"tag-habitants","20":"tag-journee","21":"tag-news","22":"tag-rennes","23":"tag-republique-francaise","24":"tag-saint-malo","25":"tag-temps"},"share_on_mastodon":{"url":"https:\/\/pubeurope.com\/@fr\/115506331343058834","error":""},"_links":{"self":[{"href":"https:\/\/www.europesays.com\/fr\/wp-json\/wp\/v2\/posts\/517381","targetHints":{"allow":["GET"]}}],"collection":[{"href":"https:\/\/www.europesays.com\/fr\/wp-json\/wp\/v2\/posts"}],"about":[{"href":"https:\/\/www.europesays.com\/fr\/wp-json\/wp\/v2\/types\/post"}],"author":[{"embeddable":true,"href":"https:\/\/www.europesays.com\/fr\/wp-json\/wp\/v2\/users\/2"}],"replies":[{"embeddable":true,"href":"https:\/\/www.europesays.com\/fr\/wp-json\/wp\/v2\/comments?post=517381"}],"version-history":[{"count":0,"href":"https:\/\/www.europesays.com\/fr\/wp-json\/wp\/v2\/posts\/517381\/revisions"}],"wp:featuredmedia":[{"embeddable":true,"href":"https:\/\/www.europesays.com\/fr\/wp-json\/wp\/v2\/media\/517382"}],"wp:attachment":[{"href":"https:\/\/www.europesays.com\/fr\/wp-json\/wp\/v2\/media?parent=517381"}],"wp:term":[{"taxonomy":"category","embeddable":true,"href":"https:\/\/www.europesays.com\/fr\/wp-json\/wp\/v2\/categories?post=517381"},{"taxonomy":"post_tag","embeddable":true,"href":"https:\/\/www.europesays.com\/fr\/wp-json\/wp\/v2\/tags?post=517381"}],"curies":[{"name":"wp","href":"https:\/\/api.w.org\/{rel}","templated":true}]}}