{"id":517393,"date":"2025-11-07T03:43:23","date_gmt":"2025-11-07T03:43:23","guid":{"rendered":"https:\/\/www.europesays.com\/fr\/517393\/"},"modified":"2025-11-07T03:43:23","modified_gmt":"2025-11-07T03:43:23","slug":"pour-3-euros-3-mois-dabonnement-a-presse-ocean-plus-que-quelques-heures-pour-saisir-cette","status":"publish","type":"post","link":"https:\/\/www.europesays.com\/fr\/517393\/","title":{"rendered":"Pour 3 euros, 3\u00a0mois d\u2019abonnement \u00e0 Presse Oc\u00e9an : plus que quelques heures pour saisir cette"},"content":{"rendered":"<p>Dans un monde en constante \u00e9volution, l\u2019acc\u00e8s \u00e0 une information fiable et v\u00e9rifi\u00e9e doit rester \u00e0 la port\u00e9e de tous.  <a href=\"https:\/\/www.ouest-france.fr\/presse-ocean\/\" target=\"_self\" rel=\"noopener\">Presse Oc\u00e9an<\/a>  s\u2019engage en ce sens en vous proposant aujourd\u2019hui d\u2019acc\u00e9der \u00e0 l\u2019ensemble de ses contenus num\u00e9riques pendant 3\u00a0mois pour 3\u00a0\u20ac seulement (au lieu de 56,97\u00a0\u20ac).<\/p>\n<p>D\u00e9couvrez toute la richesse de nos contenus num\u00e9riques<\/p>\n<p>Notre \u00e9quipe de journalistes vous accompagne tout au long de l\u2019ann\u00e9e et se mobilise pour vous d\u00e9livrer toute l\u2019actualit\u00e9, de votre commune au monde. Gr\u00e2ce au Pack num\u00e9rique, profitez d\u2019un acc\u00e8s illimit\u00e9 via le site ou l\u2019application, \u00e0 tous ces contenus\u00a0: articles, journal num\u00e9rique, enqu\u00eates de la r\u00e9daction, dossiers sp\u00e9ciaux, vid\u00e9os\u2026<\/p>\n<p>Rejoignez la communaut\u00e9 d\u2019abonn\u00e9s Presse Oc\u00e9an<\/p>\n<p>En tant qu\u2019abonn\u00e9(e) Presse Oc\u00e9an, vous b\u00e9n\u00e9ficierez \u00e9galement d\u2019un acc\u00e8s exclusif \u00e0 La Place\u00a0: notre espace r\u00e9serv\u00e9 aux abonn\u00e9s. Chaque semaine, tentez votre chance pour remporter des cadeaux et vivre des exp\u00e9riences exceptionnelles\u00a0: spectacles, concerts, \u00e9v\u00e9nements sportifs, rencontres avec des personnalit\u00e9s, visites priv\u00e9es\u2026 Offre valable jusqu\u2019au 9 \u00a0novembre 2025 uniquement.<\/p>\n<p>? <a href=\"https:\/\/abonnement.ouest-france.fr\/presse-ocean\/tunnel\/pack-numerique-campagne-dl\/122103113102?at_medium=print&amp;at_campaign=po-abo_vf1025&amp;at_content=article-redac-web#error=login_required&amp;state=3e78520a-2149-47ed-947b-0b20b927a1fa&amp;iss=https%3A%2F%2Fauth.ouest-france.fr%2Fauth%2Frealms%2Fsipa\" target=\"_self\" rel=\"noopener\">Cliquez ici pour en profiter.<\/a><\/p>\n<p>Retrouvez nos enqu\u00eates, reportages, t\u00e9moignages et tous nos articles<\/p>\n<p>S\u2019abonner \u00e0 Presse Oc\u00e9an, c\u2019est recevoir au quotidien des informations pratiques, mais aussi d\u00e9couvrir des t\u00e9moignages, des enqu\u00eates ou des reportages en Loire-Atlantique. En voici quelques exemples.<\/p>\n<p>? \u00ab\u00a0On m\u2019a vol\u00e9 le bonheur d\u2019avoir le bac\u00a0\u00bb\u00a0: Gabriel, re\u00e7u aux \u00e9preuves apr\u00e8s une incroyable bourde<\/p>\n<p><a href=\"https:\/\/nantes.maville.com\/actu\/actudet_--on-m-a-vole-le-bonheur-d-avoir-le-bac-gabriel-recu-aux-epreuves-apres-une-incroyable-bourde-_54028-7023403_actu.Htm\" target=\"_self\" rel=\"noopener\">Un t\u00e9moignage \u00e0 lire par ici.<\/a><\/p>\n<p>? FC Nantes. Castro apr\u00e8s le revers face \u00e0 Metz (0-2) : \u00ab Sifflez apr\u00e8s le match, ou sifflez-moi \u00bb<\/p>\n<p> <a href=\"https:\/\/nantes.maville.com\/sport\/detail_-fc-nantes.-castro-apres-le-revers-face-a-metz-0-2-sifflez-apres-le-match-ou-sifflez-moi-_8-7047111_actu.Htm\" target=\"_self\" rel=\"noopener\">Un compte-rendu \u00e0 lire aussi<\/a> <\/p>\n<p>? Pourquoi l\u2019immobilier de bureau est-il toujours en panne \u00e0 Nantes\u00a0?<\/p>\n<p><a href=\"https:\/\/nantes.maville.com\/actu\/actudet_--il-ne-se-passe-plus-rien-pourquoi-l-immobilier-de-bureau-est-il-toujours-en-panne-a-nantes-_52716-7019476_actu.Htm\" target=\"_self\" rel=\"noopener\">La r\u00e9ponse se lit en cliquant ici.<\/a><\/p>\n<p>? \u00ab\u00a0Elle vivait sa petite vie tranquille\u00a0\u00bb\u00a0: qui \u00e9tait Soizick Jarno, retrouv\u00e9e morte chez elle\u00a0?<\/p>\n<p><a href=\"https:\/\/labaule.maville.com\/actu\/actudet_--elle-vivait-sa-petite-vie-tranquille-qui-etait-soizick-jarno-retrouvee-morte-chez-elle-_8-6967917_actu.Htm\" target=\"_self\" rel=\"noopener\">Un portrait \u00e0 d\u00e9couvrir par ici.<\/a><\/p>\n<p>? R\u00e9forme des retraites suspendue\u00a0: \u00e2ge et trimestres fig\u00e9s, on vous dit l\u2019essentiel<\/p>\n<p><a href=\"https:\/\/nantes.maville.com\/actu\/actudet_-reforme-des-retraites-suspendue-age-et-trimestres-figes-on-vous-dit-l-essentiel-_8-7027324_actu.Htm\" target=\"_self\" rel=\"noopener\">L\u2019essentiel \u00e0 lire ici.<\/a><\/p>\n<p>? ENQU\u00caTE. La plus puissante avocate de France, Anne Bouillon, vis\u00e9e par une enqu\u00eate d\u00e9ontologique<\/p>\n<p><a href=\"https:\/\/nantes.maville.com\/actu\/actudet_-enquete.-la-plus-puissante-avocate-de-france-anne-bouillon-visee-par-une-enquete-deontologique-_8-6956465_actu.Htm\" target=\"_self\" rel=\"noopener\">Une enqu\u00eate \u00e0 retrouver par ici<\/a>.<\/p>\n<p>? D\u00e9passement d\u2019honoraires : ce que le patient doit savoir<\/p>\n<p><a href=\"https:\/\/rennes.maville.com\/actu\/actudet_-depassement-d-honoraires-ce-que-le-patient-doit-savoir-_53511-7030255_actu.Htm\" target=\"_self\" rel=\"noopener\">Les informations pratiques \u00e0 lire ici<\/a><\/p>\n<p>\u00a0<\/p>\n","protected":false},"excerpt":{"rendered":"Dans un monde en constante \u00e9volution, l\u2019acc\u00e8s \u00e0 une information fiable et v\u00e9rifi\u00e9e doit rester \u00e0 la port\u00e9e&hellip;\n","protected":false},"author":2,"featured_media":517394,"comment_status":"","ping_status":"","sticky":false,"template":"","format":"standard","meta":{"footnotes":""},"categories":[2818],"tags":[19020,10720,1111,11,1777,674,4658,1011,27,6203,2561,766,12,12517,5235,2636,4048,25,34111],"class_list":{"0":"post-517393","1":"post","2":"type-post","3":"status-publish","4":"format-standard","5":"has-post-thumbnail","7":"category-nantes","8":"tag-19020","9":"tag-abonnement","10":"tag-actu","11":"tag-actualites","12":"tag-eu","13":"tag-europe","14":"tag-euros","15":"tag-fr","16":"tag-france","17":"tag-heures","18":"tag-mois","19":"tag-nantes","20":"tag-news","21":"tag-ocean","22":"tag-offre","23":"tag-pays-de-la-loire","24":"tag-presse","25":"tag-republique-francaise","26":"tag-saisir"},"share_on_mastodon":{"url":"https:\/\/pubeurope.com\/@fr\/115506354853382474","error":""},"_links":{"self":[{"href":"https:\/\/www.europesays.com\/fr\/wp-json\/wp\/v2\/posts\/517393","targetHints":{"allow":["GET"]}}],"collection":[{"href":"https:\/\/www.europesays.com\/fr\/wp-json\/wp\/v2\/posts"}],"about":[{"href":"https:\/\/www.europesays.com\/fr\/wp-json\/wp\/v2\/types\/post"}],"author":[{"embeddable":true,"href":"https:\/\/www.europesays.com\/fr\/wp-json\/wp\/v2\/users\/2"}],"replies":[{"embeddable":true,"href":"https:\/\/www.europesays.com\/fr\/wp-json\/wp\/v2\/comments?post=517393"}],"version-history":[{"count":0,"href":"https:\/\/www.europesays.com\/fr\/wp-json\/wp\/v2\/posts\/517393\/revisions"}],"wp:featuredmedia":[{"embeddable":true,"href":"https:\/\/www.europesays.com\/fr\/wp-json\/wp\/v2\/media\/517394"}],"wp:attachment":[{"href":"https:\/\/www.europesays.com\/fr\/wp-json\/wp\/v2\/media?parent=517393"}],"wp:term":[{"taxonomy":"category","embeddable":true,"href":"https:\/\/www.europesays.com\/fr\/wp-json\/wp\/v2\/categories?post=517393"},{"taxonomy":"post_tag","embeddable":true,"href":"https:\/\/www.europesays.com\/fr\/wp-json\/wp\/v2\/tags?post=517393"}],"curies":[{"name":"wp","href":"https:\/\/api.w.org\/{rel}","templated":true}]}}