{"id":517401,"date":"2025-11-07T03:47:17","date_gmt":"2025-11-07T03:47:17","guid":{"rendered":"https:\/\/www.europesays.com\/fr\/517401\/"},"modified":"2025-11-07T03:47:17","modified_gmt":"2025-11-07T03:47:17","slug":"jean-luc-moudenc-veut-installer-une-camera-dans-chaque-rue-de-toulouse","status":"publish","type":"post","link":"https:\/\/www.europesays.com\/fr\/517401\/","title":{"rendered":"Jean-Luc Moudenc veut installer une cam\u00e9ra dans chaque rue de Toulouse"},"content":{"rendered":"<p>            Par<br \/>\n        <strong><br \/>\n            <a href=\"https:\/\/actu.fr\/auteur\/guillaume-laurens\" title=\"Consulter tous les articles de Guillaume Laurens\" target=\"_blank\" rel=\"noopener\">Guillaume Laurens<\/a><br \/>\n        <\/strong><\/p>\n<p>        Publi\u00e9 le<\/p>\n<p>            6 nov. 2025 \u00e0 14h52<br \/>\n        ; mis \u00e0 jour le 6 nov. 2025 \u00e0 15h36    <\/p>\n<p>\u00ab\u2009Prot\u00e9geons l\u2019avenir\u2009\u00bb de Toulouse, c\u2019est le slogan de<a href=\"https:\/\/actu.fr\/tag\/jean-luc-moudenc\" target=\"_blank\" rel=\"noopener\"><strong> Jean-Luc Moudenc<\/strong><\/a>, le maire sortant de la Ville rose, qui a <a href=\"https:\/\/actu.fr\/occitanie\/toulouse_31555\/municipales-2026-a-toulouse-jean-luc-moudenc-je-suis-candidat-pour-proteger-l-avenir-des-toulousains_63397737.html\" target=\"_blank\" rel=\"noopener\">confirm\u00e9 ce jeudi 6\u00a0novembre 2025 qu\u2019il \u00e9tait candidat \u00e0 sa r\u00e9\u00e9lection<\/a> au Capitole. Apr\u00e8s avoir d\u00e9fendu son bilan marqu\u00e9, avant-tout, par l\u2019arriv\u00e9e prochaine de la <a href=\"https:\/\/actu.fr\/tag\/ligne-c-du-metro-de-toulouse\" target=\"_blank\" rel=\"noopener\">ligne C du m\u00e9tro<\/a>, le maire sortant de <a href=\"https:\/\/actu.fr\/occitanie\/toulouse_31555\/population-toulouse-frole-le-cap-des-500-000-habitants-et-rattrape-lyon-a-toute-vitesse_56243955.html\" target=\"_blank\" rel=\"noopener\">la future 3\u1d49\u00a0ville de France<\/a> a avanc\u00e9 ses<strong> \u00ab\u2009trois premi\u00e8res propositions\u2009\u00bb<\/strong> dans la campagne des Municipales 2026. L\u2019essentiel.<\/p>\n<p>\u00ab\u2009Que toutes les rues de Toulouse b\u00e9n\u00e9ficient d\u2019au moins une cam\u00e9ra\u2009\u00bb<\/p>\n<p class=\" wall-content\">Dans tr\u00e8s pr\u00e9cis\u00e9ment <strong>129\u00a0jours<\/strong>, \u00ab\u00a0les Toulousains devront choisir entre d\u2019un c\u00f4t\u00e9 un projet de progr\u00e8s s\u00e9rieux et coh\u00e9rent. Et de l\u2019autre, un saut dans l\u2019inconnu avec une coalition pagailleuse et dogmatique\u00a0\u00bb, aux yeux de Jean-Luc Moudenc, qui a mis sur la table ce jeudi <strong>trois premi\u00e8res propositions<\/strong>.<\/p>\n<p class=\" wall-content\">Parce que la s\u00e9curit\u00e9 restera \u00ab\u00a0au premier rang de nos pr\u00e9occupations\u00a0\u00bb, il a promis \u00ab\u00a0d\u2019aller plus loin\u00a0\u00bb en la mati\u00e8re, et s\u2019est engag\u00e9 \u00ab\u00a0\u00e0 ce que <strong>toutes les rues de Toulouse<\/strong> b\u00e9n\u00e9ficient d\u2019<strong>au moins une cam\u00e9ra<\/strong> de vid\u00e9oprotection\u00a0\u00bb.<\/p>\n<p class=\" wall-content\">La marche est haute, puisque si <strong>682 cam\u00e9ras<\/strong> sont \u00e0 ce jour d\u00e9ploy\u00e9es, d\u2019apr\u00e8s la municipalit\u00e9, interrog\u00e9e par Actu Toulouse, il y aurait<strong> 3 801 rues<\/strong> dans la Ville rose.<\/p>\n<p>Ville, transports et parkings : g\u00e9rer toutes les cam\u00e9ras depuis un seul site<\/p>\n<p>Sans compter les 4 000 cam\u00e9ras d\u00e9ploy\u00e9es dans le r\u00e9seau Tiss\u00e9o (et notamment le m\u00e9tro), 682 cam\u00e9ras sont \u00e0 ce jour install\u00e9es sur la voie publique \u00e0 Toulouse, contre 21 en 2014. Sur l&rsquo;ann\u00e9e 2024, elles ont, d&rsquo;apr\u00e8s Jean-Luc Moudenc, fait l&rsquo;objet de \u00ab\u00a02 137 r\u00e9quisitions judiciaires\u00a0\u00bb et permis de \u00ab\u00a0faciliter 939 interpellations\u00a0\u00bb.<br \/>Alors que les 682 cam\u00e9ras de la Ville rose sont scrut\u00e9es depuis le centre de supervision dans le nouveau QG de la police municipale \u00e0 Basso-Cambo, la liste Moudenc compte, lors du prochain mandat, \u00ab\u00a0regrouper les 6 000 cam\u00e9ras (ville + transports + parkings) dans un centre unique\u00a0\u00bb.<\/p>\n<p>Vid\u00e9os : en ce moment sur Actu\u00ab\u2009G\u00e9n\u00e9raliser la mutuelle communale \u00e0 tous\u2009\u00bb<\/p>\n<p class=\" wall-content\">Ensuite, Jean-Luc Moudenc s\u2019est engag\u00e9 \u00e0<strong> \u00ab\u00a0g\u00e9n\u00e9raliser<\/strong> \u00e0 tous les Toulousains<strong> la mutuelle communale<\/strong> que nous avons cr\u00e9\u00e9e avec succ\u00e8s\u00a0\u00bb. Mise en place fin 2021, elle avait <a href=\"https:\/\/actu.fr\/occitanie\/toulouse_31555\/toulouse-va-etendre-sa-mutuelle-communale-qui-pourra-en-beneficier_60883343.html\" target=\"_blank\" rel=\"noopener\">d\u00e9j\u00e0 \u00e9t\u00e9 \u00e9largie en fin d\u2019ann\u00e9e derni\u00e8re<\/a> \u00e0 tous les plus de 60\u00a0ans, sans conditions de ressources.<\/p>\n<p>Votre r\u00e9gion, votre actu !<\/p>\n<p>Recevez chaque jour les infos qui comptent pour vous.<\/p>\n<p>\t<a href=\"https:\/\/actu.fr\/newsletter\" class=\"ac-btn ac-btn--corner ac-btn--medium ac-btn--blue800\" target=\"_blank\" rel=\"noopener\">S&rsquo;incrire<\/a><\/p>\n<p class=\" wall-content\">Mis en place en partenariat avec la mutuelle Just, le dispositif communal a profit\u00e9 \u00e0\u00a0<strong>5\u2009222\u00a0<\/strong><strong>adh\u00e9rents<\/strong> au 11\u00a0juin dernier. \u00ab\u200939\u2009% d\u2019entre eux n\u2019avaient pas de mutuelle auparavant\u2009\u00bb, fait valoir le locataire du Capitole.<\/p>\n<p>    <img   decoding=\"async\" loading=\"lazy\" src=\"https:\/\/www.europesays.com\/fr\/wp-content\/uploads\/2025\/11\/jean-luc-moudenc-toulouse-portrait-gl-960x640.jpg\" alt=\"\" width=\"960\" height=\"640\"\/><br \/>\n    Candidat \u00e0 sa r\u00e9\u00e9lection, Jean-Luc Moudenc d\u00e9taille ses premi\u00e8res propositions (\u00a9Guillaume Laurens \/ Actu Toulouse)\u00ab\u2009Prolonger la stabilit\u00e9 fiscale\u2009\u00bb<\/p>\n<p class=\" wall-content\">Troisi\u00e8me et derni\u00e8re promesse phare mise sur la table ce jeudi\u2009: \u00ab\u2009Prolonger la <strong>stabilit\u00e9 fiscale<\/strong> de ces dix derni\u00e8res ann\u00e9es\u2009\u00bb. L\u00e0 o\u00f9 \u00ab\u2009bien d\u2019autres grandes collectivit\u00e9s fran\u00e7aises\u2009\u00bb ont \u00e9lev\u00e9 les imp\u00f4ts, il a promis de \u00ab<strong>\u2009ne pas augmenter<\/strong> le taux de la<strong> taxe fonci\u00e8re<\/strong>, ni celui de la <strong>CFE<\/strong> (Cotisation fonci\u00e8re des entreprises)\u2009\u00bb.<\/p>\n<p class=\" wall-content\">Sur la gestion des finances, Jean-Luc Moudenc revendique la \u00ab\u2009voie d\u2019inspiration baudisienne d\u2019une gestion rigoureuse\u2009\u00bb. Entour\u00e9 de son grand argentier <strong>Sacha Briand<\/strong>, il s\u2019est pos\u00e9 en chantre d\u2019un \u00ab\u2009effort de ma\u00eetrise chaque jour\u2009\u00bb plut\u00f4t que de \u00ab\u2009l\u2019endettement incontr\u00f4l\u00e9\u2009\u00bb.<\/p>\n<p>Quels projets apr\u00e8s la ligne C du m\u00e9tro\u2009?<\/p>\n<p class=\" wall-content\">Outre ces premi\u00e8res propositions, Jean-Luc Moudenc a esquiss\u00e9 d\u2019autres <strong>grands enjeux,<\/strong> comme intensifier l\u2019offre de <strong>soins de proximit\u00e9<\/strong>, am\u00e9liorer la <strong>qualit\u00e9 de l\u2019air<\/strong>, ou encore en mati\u00e8re de <strong>v\u00e9g\u00e9talisation<\/strong>, proc\u00e9der \u00e0 \u00ab\u2009des plantations d\u2019arbres syst\u00e9matiques partout o\u00f9 ce sera possible\u2009\u00bb.<\/p>\n<p class=\" wall-content\">Dans le domaine toujours tr\u00e8s pesant des <strong>transports<\/strong> \u00e0 Toulouse, sans formuler pour l\u2019heure de proposition concr\u00e8te, Jean-Luc Moudenc a appel\u00e9 \u00e0 \u00ab\u00a0se projeter <strong>au-del\u00e0 de la ligne C du m\u00e9tro\u00a0\u00bb.<\/strong> Une fois le chantier du si\u00e8cle livr\u00e9, \u00ab\u00a0il ne faudra pas consid\u00e9rer que le travail des transports en commun est achev\u00e9\u00a0\u00bb, a pr\u00e9venu Jean-Luc Moudenc, qui s\u2019est dit \u00ab\u00a0ouvert \u00e0 <strong>divers modes de transport\u00a0\u00bb.<\/strong> Lesquels\u2009? Il ne l\u2019a pas encore d\u00e9voil\u00e9.<\/p>\n<p class=\" wall-content\">Enfin, interrog\u00e9 sur le <a href=\"https:\/\/actu.fr\/occitanie\/toulouse_31555\/toulouse-une-premiere-brique-posee-dans-le-projet-de-serm-qui-inclut-le-rer-toulousain_62332836.html\" target=\"_blank\" rel=\"noopener\">vieux serpent de mer du <strong>RER toulousain<\/strong><\/a>, Jean-Luc Moudenc y voit \u00ab\u2009une bonne id\u00e9e\u2009\u00bb, mais d\u00e9plore \u00e0 nouveau que \u00ab\u2009ceux qui l\u2019ont lanc\u00e9e n\u2019ont toujours pas \u00e9t\u00e9 capables de dire comment la financer\u2009\u00bb.<\/p>\n<p><strong>Bilan\u2009: \u00ab\u2009Nous avons fait \u00e9voluer Toulouse, sans la bouleverser\u2009\u00bb<\/strong><br \/>Jean-Luc Moudenc a \u00e9galement fait, ce jeudi, un rapide bilan de son action au Capitole, o\u00f9 il est \u00e9lu depuis 2014 (et avant cela, entre\u00a02004 et\u00a02008)\u2009: \u00ab\u2009Depuis pr\u00e8s de 12\u00a0ans, nous avons fait \u00e9voluer Toulouse, sans la bouleverser\u2009\u00bb, a-t-il revendiqu\u00e9, estimant avoir \u00ab\u2009accompli des progr\u00e8s d\u2019une ampleur jusqu\u2019ici inconnue dans l\u2019action municipale et m\u00e9tropolitaine\u2009\u00bb. Outre les \u00ab\u2009moyens consid\u00e9rables\u2009\u00bb s\u00e9curit\u00e9, avec le passage <strong>de 270 \u00e0 390 policiers municipaux<\/strong>, il a insist\u00e9 sur le d\u00e9veloppement des <strong>transports en commun<\/strong>, en \u00e9num\u00e9rant\u2009: \u00ab\u2009Ligne C du m\u00e9tro en cours, doublement de la capacit\u00e9 de la ligne A, prolongement de la ligne B en cours, 13 lignes de superbus Lin\u00e9o, t\u00e9l\u00e9ph\u00e9rique urbain, prolongement du tramway jusqu\u2019au MEETT\u2009\u00bb. Il a ensuite lou\u00e9 son bilan sur l\u2019investissement dans \u00ab\u2009les <strong>pistes cyclables<\/strong>, les <strong>plantations d\u2019arbres<\/strong> dans toute la ville, la cr\u00e9ation de 2\u2009200 places suppl\u00e9mentaires pour la <strong>petite enfance<\/strong> et de 40 <strong>nouvelles \u00e9coles<\/strong>\u2009\u00bb. Sans oublier, d\u00e9fend-il, la cr\u00e9ation de \u00ab\u2009nouveaux \u00e9quipements culturels\u2009\u00bb, la \u00ab\u2009r\u00e9novation de notre patrimoine historique\u2009\u00bb et la \u00ab\u2009transition \u00e9cologique et \u00e9nerg\u00e9tique\u2009\u00bb.<\/p>\n<p class=\" wall-content\">Personnalisez votre actualit\u00e9 en ajoutant vos villes et m\u00e9dias en favori avec <a href=\"https:\/\/moncompte.actu.fr\" title=\"D\u00e9couvez Mon Actu\" rel=\"nofollow noopener\" data-trk=\"{&quot;cta&quot;:{&quot;action&quot;:&quot;https:\\\/\\\/moncompte.actu.fr&quot;,&quot;category&quot;:&quot;mon compte&quot;,&quot;from&quot;:&quot;article footer&quot;,&quot;name&quot;:&quot;Mon actu&quot;,&quot;type&quot;:&quot;cta&quot;}}\" target=\"_blank\">Mon Actu<\/a>.<\/p>\n","protected":false},"excerpt":{"rendered":"Par Guillaume Laurens Publi\u00e9 le 6 nov. 2025 \u00e0 14h52 ; mis \u00e0 jour le 6 nov. 2025&hellip;\n","protected":false},"author":2,"featured_media":517402,"comment_status":"","ping_status":"","sticky":false,"template":"","format":"standard","meta":{"footnotes":""},"categories":[2816],"tags":[1111,11,4188,1777,674,1011,27,2857,3434,12,2680,316,25,2312,7939],"class_list":{"0":"post-517401","1":"post","2":"type-post","3":"status-publish","4":"format-standard","5":"has-post-thumbnail","7":"category-toulouse","8":"tag-actu","9":"tag-actualites","10":"tag-elections-municipales","11":"tag-eu","12":"tag-europe","13":"tag-fr","14":"tag-france","15":"tag-jean-luc-moudenc","16":"tag-municipales-2026","17":"tag-news","18":"tag-occitanie","19":"tag-politique","20":"tag-republique-francaise","21":"tag-toulouse","22":"tag-videosurveillance"},"share_on_mastodon":{"url":"https:\/\/pubeurope.com\/@fr\/115506371151062059","error":""},"_links":{"self":[{"href":"https:\/\/www.europesays.com\/fr\/wp-json\/wp\/v2\/posts\/517401","targetHints":{"allow":["GET"]}}],"collection":[{"href":"https:\/\/www.europesays.com\/fr\/wp-json\/wp\/v2\/posts"}],"about":[{"href":"https:\/\/www.europesays.com\/fr\/wp-json\/wp\/v2\/types\/post"}],"author":[{"embeddable":true,"href":"https:\/\/www.europesays.com\/fr\/wp-json\/wp\/v2\/users\/2"}],"replies":[{"embeddable":true,"href":"https:\/\/www.europesays.com\/fr\/wp-json\/wp\/v2\/comments?post=517401"}],"version-history":[{"count":0,"href":"https:\/\/www.europesays.com\/fr\/wp-json\/wp\/v2\/posts\/517401\/revisions"}],"wp:featuredmedia":[{"embeddable":true,"href":"https:\/\/www.europesays.com\/fr\/wp-json\/wp\/v2\/media\/517402"}],"wp:attachment":[{"href":"https:\/\/www.europesays.com\/fr\/wp-json\/wp\/v2\/media?parent=517401"}],"wp:term":[{"taxonomy":"category","embeddable":true,"href":"https:\/\/www.europesays.com\/fr\/wp-json\/wp\/v2\/categories?post=517401"},{"taxonomy":"post_tag","embeddable":true,"href":"https:\/\/www.europesays.com\/fr\/wp-json\/wp\/v2\/tags?post=517401"}],"curies":[{"name":"wp","href":"https:\/\/api.w.org\/{rel}","templated":true}]}}