{"id":517407,"date":"2025-11-07T03:50:26","date_gmt":"2025-11-07T03:50:26","guid":{"rendered":"https:\/\/www.europesays.com\/fr\/517407\/"},"modified":"2025-11-07T03:50:26","modified_gmt":"2025-11-07T03:50:26","slug":"ligue-europa-lol-et-lille-chutent-nice-avant-dernier-le-classement-general-complet-apres-la-4e-journee","status":"publish","type":"post","link":"https:\/\/www.europesays.com\/fr\/517407\/","title":{"rendered":"Ligue Europa: l&rsquo;OL et Lille chutent, Nice avant-dernier&#8230; le classement g\u00e9n\u00e9ral complet apr\u00e8s la 4e journ\u00e9e"},"content":{"rendered":"<p class=\"mb-4 text-lg md:leading-8 break-words\">Les \u00e9quipes ont fait la moiti\u00e9 du chemin dans cette phase de ligue. Ce jeudi 6 novembre, la quatri\u00e8me journ\u00e9e de Ligue Europa a livr\u00e9 son verdict, avec 18 matchs au programme sur les pelouses de C3.<\/p>\n<p class=\"mb-4 text-lg md:leading-8 break-words\">En d\u00e9but de soir\u00e9e, Lille et Nice, les deux premiers clubs fran\u00e7ais engag\u00e9s ce jeudi, se sont inclin\u00e9s, respectivement face \u00e0 l&rsquo;\u00c9toile Rouge de Belgrade (1-0) et Fribourg (3-1). Les Dogues ont encaiss\u00e9 l&rsquo;unique but de la rencontre sur un penalty d&rsquo;Arnautovic \u00e0 la 85e minute, tandis que les Aiglons ont v\u00e9cu une nouvelle soir\u00e9e compliqu\u00e9e en conc\u00e9dant leur quatri\u00e8me d\u00e9faite en autant de journ\u00e9es.<\/p>\n<p class=\"mb-4 text-lg md:leading-8 break-words\">&gt;&gt; <a href=\"https:\/\/rmcsport.bfmtv.com\/football\/europa-league\/direct-etoile-rouge-de-belgrade-lille-suivez-le-match-de-la-4e-journee-de-ligue-europa-en-live_LS-202511060470.html\" rel=\"nofollow noopener\" target=\"_blank\" data-ylk=\"slk:Revivez Etoile Rouge de Belgrade-Lille (1-0);elm:context_link;itc:0;sec:content-canvas\" class=\"link \">Revivez Etoile Rouge de Belgrade-Lille (1-0)<\/a><\/p>\n<p class=\"mb-4 text-lg md:leading-8 break-words\">&gt;&gt; <a href=\"https:\/\/rmcsport.bfmtv.com\/football\/europa-league\/direct-nice-fribourg-suivez-le-match-de-la-4e-journee-de-ligue-europa-en-live_LS-202511060565.html\" rel=\"nofollow noopener\" target=\"_blank\" data-ylk=\"slk:Revivez Nice-Fribourg (1-3);elm:context_link;itc:0;sec:content-canvas\" class=\"link \">Revivez Nice-Fribourg (1-3)<\/a><\/p>\n<p class=\"mb-4 text-lg md:leading-8 break-words\">En d\u00e9placement en Andalousie pour y d\u00e9fier le Betis S\u00e9ville, l&rsquo;OL n&rsquo;a pas r\u00e9ussi \u00e0 faire mieux que ses camarades de Ligue 1. Les Lyonnais, troisi\u00e8mes avant cette 4e journ\u00e9e, se sont inclin\u00e9s 2-0 et reculent au <a href=\"https:\/\/rmcsport.bfmtv.com\/football\/europa-league\/live\/2025\/match-nice-sc-freiburg-journee-04_FM-250830306374.html#classement\" rel=\"nofollow noopener\" target=\"_blank\" data-ylk=\"slk:classement;elm:context_link;itc:0;sec:content-canvas\" class=\"link \">classement<\/a>.<\/p>\n<p class=\"mb-4 text-lg md:leading-8 break-words\">&gt;&gt; <a href=\"https:\/\/rmcsport.bfmtv.com\/football\/europa-league\/direct-betis-ol-suivez-en-live-le-match-de-la-4e-journee-de-ligue-europa-entre-seville-et-lyon_LS-202511060626.html\" rel=\"nofollow noopener\" target=\"_blank\" data-ylk=\"slk:Revivez Betis S\u00e9ville-OL (2-0);elm:context_link;itc:0;sec:content-canvas\" class=\"link \">Revivez Betis S\u00e9ville-OL (2-0)<\/a><\/p>\n<p>Le classement de la Ligue Europa 2025-2026 apr\u00e8s la 4e journ\u00e9e<\/p>\n<ol class=\"mb-4\">\n<li class=\"ml-4 list-decimal\">\n<p class=\"mb-4 text-lg md:leading-8 break-words\">Midtjylland, 12 points (+8)<\/p>\n<\/li>\n<li class=\"ml-4 list-decimal\"\/>\n<li class=\"ml-4 list-decimal\"\/>\n<li class=\"ml-4 list-decimal\"\/>\n<li class=\"ml-4 list-decimal\"\/>\n<li class=\"ml-4 list-decimal\"\/>\n<li class=\"ml-4 list-decimal\"\/>\n<li class=\"ml-4 list-decimal\">\n<p class=\"mb-4 text-lg md:leading-8 break-words\">Viktoria Plzen, 8 pts (+4)<\/p>\n<\/li>\n<li class=\"ml-4 list-decimal\"\/>\n<li class=\"ml-4 list-decimal\"\/>\n<li class=\"ml-4 list-decimal\"\/>\n<li class=\"ml-4 list-decimal\">\n<p class=\"mb-4 text-lg md:leading-8 break-words\">Dinamo Zagreb, 7 pts (+1)<\/p>\n<\/li>\n<li class=\"ml-4 list-decimal\"\/>\n<li class=\"ml-4 list-decimal\"\/>\n<li class=\"ml-4 list-decimal\"\/>\n<li class=\"ml-4 list-decimal\">\n<p class=\"mb-4 text-lg md:leading-8 break-words\">Panathina\u00efkos, 6 pts (+1)<\/p>\n<\/li>\n<li class=\"ml-4 list-decimal\"\/>\n<li class=\"ml-4 list-decimal\"\/>\n<li class=\"ml-4 list-decimal\"\/>\n<li class=\"ml-4 list-decimal\"\/>\n<li class=\"ml-4 list-decimal\">\n<p class=\"mb-4 text-lg md:leading-8 break-words\">Go Ahead Eagles, 6 pts (-1)<\/p>\n<\/li>\n<li class=\"ml-4 list-decimal\"\/>\n<li class=\"ml-4 list-decimal\">\n<p class=\"mb-4 text-lg md:leading-8 break-words\">Nottingham Forest 5 pts (+1)<\/p>\n<\/li>\n<li class=\"ml-4 list-decimal\"\/>\n<li class=\"ml-4 list-decimal\"\/>\n<li class=\"ml-4 list-decimal\">\n<p class=\"mb-4 text-lg md:leading-8 break-words\">\u00c9toile Rouge, 4 pts (-2)<\/p>\n<\/li>\n<li class=\"ml-4 list-decimal\">\n<p class=\"mb-4 text-lg md:leading-8 break-words\">Celtic Glasgow, 4 pts (-3)<\/p>\n<\/li>\n<li class=\"ml-4 list-decimal\"\/>\n<li class=\"ml-4 list-decimal\"\/>\n<li class=\"ml-4 list-decimal\"\/>\n<li class=\"ml-4 list-decimal\"\/>\n<li class=\"ml-4 list-decimal\"\/>\n<li class=\"ml-4 list-decimal\"\/>\n<li class=\"ml-4 list-decimal\">\n<p class=\"mb-4 text-lg md:leading-8 break-words\">Maccabi Tel-Aviv, 1 pt (-7)<\/p>\n<\/li>\n<li class=\"ml-4 list-decimal\"\/>\n<li class=\"ml-4 list-decimal\">\n<p class=\"mb-4 text-lg md:leading-8 break-words\">Glasgow Rangers, 0 pt (-7)<\/p>\n<\/li>\n<\/ol>\n<p class=\"mb-4 text-lg md:leading-8 break-words\"><a href=\"https:\/\/rmcsport.bfmtv.com\/football\/europa-league\/ligue-europa-l-ol-et-lille-chutent-nice-avant-dernier-le-classement-general-complet-apres-la-4e-journee_AV-202511061051.html#xtor=AL-68\" rel=\"nofollow noopener\" target=\"_blank\" data-ylk=\"slk:Article original publi\u00e9 sur RMC Sport;elm:context_link;itc:0;sec:content-canvas\" class=\"link \">Article original publi\u00e9 sur RMC Sport<\/a><\/p>\n","protected":false},"excerpt":{"rendered":"Les \u00e9quipes ont fait la moiti\u00e9 du chemin dans cette phase de ligue. Ce jeudi 6 novembre, la&hellip;\n","protected":false},"author":2,"featured_media":517408,"comment_status":"","ping_status":"","sticky":false,"template":"","format":"standard","meta":{"footnotes":""},"categories":[2815],"tags":[1111,11,46966,784,48743,1777,674,1011,27,811,3465,5843,1307,12,17625,25,63779,63777,63778,12500],"class_list":{"0":"post-517407","1":"post","2":"type-post","3":"status-publish","4":"format-standard","5":"has-post-thumbnail","7":"category-lille","8":"tag-actu","9":"tag-actualites","10":"tag-as-roma","11":"tag-aston-villa","12":"tag-betis-seville","13":"tag-eu","14":"tag-europe","15":"tag-fr","16":"tag-france","17":"tag-hauts-de-france","18":"tag-journee","19":"tag-ligue-europa","20":"tag-lille","21":"tag-news","22":"tag-nottingham-forest","23":"tag-republique-francaise","24":"tag-revivez-betis-seville-ol","25":"tag-revivez-etoile-rouge-de-belgrade-lille","26":"tag-revivez-nice-fribourg","27":"tag-stuttgart"},"share_on_mastodon":{"url":"https:\/\/pubeurope.com\/@fr\/115506382364012888","error":""},"_links":{"self":[{"href":"https:\/\/www.europesays.com\/fr\/wp-json\/wp\/v2\/posts\/517407","targetHints":{"allow":["GET"]}}],"collection":[{"href":"https:\/\/www.europesays.com\/fr\/wp-json\/wp\/v2\/posts"}],"about":[{"href":"https:\/\/www.europesays.com\/fr\/wp-json\/wp\/v2\/types\/post"}],"author":[{"embeddable":true,"href":"https:\/\/www.europesays.com\/fr\/wp-json\/wp\/v2\/users\/2"}],"replies":[{"embeddable":true,"href":"https:\/\/www.europesays.com\/fr\/wp-json\/wp\/v2\/comments?post=517407"}],"version-history":[{"count":0,"href":"https:\/\/www.europesays.com\/fr\/wp-json\/wp\/v2\/posts\/517407\/revisions"}],"wp:featuredmedia":[{"embeddable":true,"href":"https:\/\/www.europesays.com\/fr\/wp-json\/wp\/v2\/media\/517408"}],"wp:attachment":[{"href":"https:\/\/www.europesays.com\/fr\/wp-json\/wp\/v2\/media?parent=517407"}],"wp:term":[{"taxonomy":"category","embeddable":true,"href":"https:\/\/www.europesays.com\/fr\/wp-json\/wp\/v2\/categories?post=517407"},{"taxonomy":"post_tag","embeddable":true,"href":"https:\/\/www.europesays.com\/fr\/wp-json\/wp\/v2\/tags?post=517407"}],"curies":[{"name":"wp","href":"https:\/\/api.w.org\/{rel}","templated":true}]}}