{"id":517411,"date":"2025-11-07T03:53:16","date_gmt":"2025-11-07T03:53:16","guid":{"rendered":"https:\/\/www.europesays.com\/fr\/517411\/"},"modified":"2025-11-07T03:53:16","modified_gmt":"2025-11-07T03:53:16","slug":"lextreme-droite-et-wauquiez-veulent-la-peau-de-lantifa-fest","status":"publish","type":"post","link":"https:\/\/www.europesays.com\/fr\/517411\/","title":{"rendered":"L&rsquo;extr\u00eame droite et Wauquiez veulent la peau de l\u2019Antifa fest"},"content":{"rendered":"<p class=\"wp-block-post-excerpt__excerpt\">D\u00e9but novembre, l\u2019Antifa fest, pr\u00e9vu en d\u00e9cembre \u00e0 Lyon, a \u00e9t\u00e9 l\u2019objet d\u2019une nouvelle pol\u00e9mique partie de l\u2019extr\u00eame droite et relay\u00e9e par la droite. L\u2019\u00e9v\u00e9nement a ensuite perdu son acc\u00e8s au dispositif du pass culture du fait de risques de \u00ab\u00a0trouble \u00e0 l\u2019ordre public\u00a0\u00bb. Une victoire politique \u00e0 droite, qui r\u00e9sonne de fa\u00e7on particuli\u00e8re, 12 ans apr\u00e8s sa naissance.\u00a0 <\/p>\n","protected":false},"excerpt":{"rendered":"D\u00e9but novembre, l\u2019Antifa fest, pr\u00e9vu en d\u00e9cembre \u00e0 Lyon, a \u00e9t\u00e9 l\u2019objet d\u2019une nouvelle pol\u00e9mique partie de l\u2019extr\u00eame&hellip;\n","protected":false},"author":2,"featured_media":517412,"comment_status":"","ping_status":"","sticky":false,"template":"","format":"standard","meta":{"footnotes":""},"categories":[1889],"tags":[1111,11,59717,63780,2430,63781,1777,674,1076,1011,27,2428,12,25],"class_list":{"0":"post-517411","1":"post","2":"type-post","3":"status-publish","4":"format-standard","5":"has-post-thumbnail","7":"category-lyon","8":"tag-actu","9":"tag-actualites","10":"tag-alexandre-dupalais","11":"tag-antifascistes","12":"tag-auvergne-rhone-alpes","13":"tag-cco-la-rayonne","14":"tag-eu","15":"tag-europe","16":"tag-extreme-droite","17":"tag-fr","18":"tag-france","19":"tag-lyon","20":"tag-news","21":"tag-republique-francaise"},"share_on_mastodon":{"url":"https:\/\/pubeurope.com\/@fr\/115506394256815400","error":""},"_links":{"self":[{"href":"https:\/\/www.europesays.com\/fr\/wp-json\/wp\/v2\/posts\/517411","targetHints":{"allow":["GET"]}}],"collection":[{"href":"https:\/\/www.europesays.com\/fr\/wp-json\/wp\/v2\/posts"}],"about":[{"href":"https:\/\/www.europesays.com\/fr\/wp-json\/wp\/v2\/types\/post"}],"author":[{"embeddable":true,"href":"https:\/\/www.europesays.com\/fr\/wp-json\/wp\/v2\/users\/2"}],"replies":[{"embeddable":true,"href":"https:\/\/www.europesays.com\/fr\/wp-json\/wp\/v2\/comments?post=517411"}],"version-history":[{"count":0,"href":"https:\/\/www.europesays.com\/fr\/wp-json\/wp\/v2\/posts\/517411\/revisions"}],"wp:featuredmedia":[{"embeddable":true,"href":"https:\/\/www.europesays.com\/fr\/wp-json\/wp\/v2\/media\/517412"}],"wp:attachment":[{"href":"https:\/\/www.europesays.com\/fr\/wp-json\/wp\/v2\/media?parent=517411"}],"wp:term":[{"taxonomy":"category","embeddable":true,"href":"https:\/\/www.europesays.com\/fr\/wp-json\/wp\/v2\/categories?post=517411"},{"taxonomy":"post_tag","embeddable":true,"href":"https:\/\/www.europesays.com\/fr\/wp-json\/wp\/v2\/tags?post=517411"}],"curies":[{"name":"wp","href":"https:\/\/api.w.org\/{rel}","templated":true}]}}