{"id":517415,"date":"2025-11-07T03:56:31","date_gmt":"2025-11-07T03:56:31","guid":{"rendered":"https:\/\/www.europesays.com\/fr\/517415\/"},"modified":"2025-11-07T03:56:31","modified_gmt":"2025-11-07T03:56:31","slug":"fin-de-journee-compliquee-dans-les-transports-en-ile-de-france-le-trafic-sur-le-rer-c-en-partie-interrompu","status":"publish","type":"post","link":"https:\/\/www.europesays.com\/fr\/517415\/","title":{"rendered":"Fin de journ\u00e9e compliqu\u00e9e dans les transports en \u00cele-de-France, le trafic sur le RER\u00a0C en partie interrompu"},"content":{"rendered":"<p class=\"paragraph text_align_left lp-f-body-02\">Si vous prenez le RER ou le Transilien ce jeudi soir, prenez votre mal en patience. Car plusieurs lignes sont en partie interrompues, <a href=\"https:\/\/www.leparisien.fr\/info-paris-ile-de-france-oise\/transports\/rer-c\/\" target=\"_self\" rel=\"noopener\">notamment le RER C<\/a>.<\/p>\n<p class=\"paragraph text_align_left lp-f-body-02\">Sur cette derni\u00e8re, le trafic est interrompu depuis 17h45 entre Viroflay-Rive-Gauche et Saint-Quentin-en-Yvelines. Sur X, la SNCF explique qu\u2019un \u00ab incident affectant la voie dans le secteur de Versailles Chantiers \u00bb est \u00e0 l\u2019origine de toutes ces perturbations.<\/p>\n<blockquote class=\"twitter-tweet\">\n<p lang=\"fr\" dir=\"ltr\">\u274c <a href=\"https:\/\/twitter.com\/hashtag\/RERC?src=hash&amp;ref_src=twsrc%5Etfw\" target=\"_blank\" rel=\"noopener\">#RERC<\/a> <a href=\"https:\/\/twitter.com\/hashtag\/InfoTrafic?src=hash&amp;ref_src=twsrc%5Etfw\" target=\"_blank\" rel=\"noopener\">#InfoTrafic<\/a> <\/p>\n<p>Le trafic est interrompu entre Viroflay-Rive-Gauche et Saint-Quentin-en-Yvelines, cons\u00e9quence d&rsquo;un incident affectant la voie dans le secteur de Versailles Chantiers.<\/p>\n<p>\u231a\ufe0fHeure de reprise estim\u00e9e : 20h30 <a href=\"https:\/\/t.co\/PsAVDc2gj6\">https:\/\/t.co\/PsAVDc2gj6<\/a><\/p>\n<p>\u2014 RER C (@RERC_SNCF) <a href=\"https:\/\/twitter.com\/RERC_SNCF\/status\/1986490429194317849?ref_src=twsrc%5Etfw\" target=\"_blank\" rel=\"noopener\">November 6, 2025<\/a><\/p><\/blockquote>\n<p class=\"paragraph text_align_left lp-f-body-02\">La compagnie ferroviaire pr\u00e9cise qu\u2019une panne du syst\u00e8me d\u2019aiguillage qui permet le passage de certains trains en direction de Saint-Quentin-en-Yvelines a \u00e9t\u00e9 signal\u00e9e. Pour l\u2019heure, la reprise du trafic est estim\u00e9e pour 20h30.<\/p>\n<p>Des cons\u00e9quences sur la ligne U<\/p>\n<p class=\"paragraph text_align_left lp-f-body-02\">Cet incident \u00e0 Versailles Chantiers a \u00e9galement des r\u00e9percussions ailleurs. C\u2019est notamment le cas sur la ligne U, o\u00f9 le trafic est interrompu entre La D\u00e9fense et La Verri\u00e8re.<\/p>\n<p class=\"paragraph text_align_left lp-f-body-02\">En plus de l\u2019incident, d\u2019autres lignes ont connu des perturbations en raison d\u2019un malaise voyageur, notamment les lignes de RER A et des m\u00e9tros 12, et 10. Les arr\u00eats ne sont pas marqu\u00e9s \u00e0 S\u00e8vres Babylone (<a href=\"https:\/\/www.leparisien.fr\/paris-75\/paris-75006\/\" target=\"_self\" rel=\"noopener\">VIe<\/a> et <a href=\"https:\/\/www.leparisien.fr\/paris-75\/paris-75007\/\" target=\"_self\" rel=\"noopener\">VIIe arrondissements<\/a>) sur ces deux lignes et la situation a \u00e9t\u00e9 tr\u00e8s confuse \u00e0 Saint-Lazare. D\u2019apr\u00e8s un personnel de la <a href=\"https:\/\/www.leparisien.fr\/info-paris-ile-de-france-oise\/transports\/ratp\/\" target=\"_self\" rel=\"noopener\">RATP<\/a>, des portes de la station ont \u00e9t\u00e9 ferm\u00e9es.<\/p>\n<p><script async src=\"https:\/\/platform.twitter.com\/widgets.js\" charset=\"utf-8\"><\/script><\/p>\n","protected":false},"excerpt":{"rendered":"Si vous prenez le RER ou le Transilien ce jeudi soir, prenez votre mal en patience. Car plusieurs&hellip;\n","protected":false},"author":2,"featured_media":517416,"comment_status":"","ping_status":"","sticky":false,"template":"","format":"standard","meta":{"footnotes":""},"categories":[1592],"tags":[1111,11,1777,674,1011,27,662,1944,12,626,25,2382],"class_list":{"0":"post-517415","1":"post","2":"type-post","3":"status-publish","4":"format-standard","5":"has-post-thumbnail","7":"category-ile-de-france","8":"tag-actu","9":"tag-actualites","10":"tag-eu","11":"tag-europe","12":"tag-fr","13":"tag-france","14":"tag-ile-de-france","15":"tag-ma-ville","16":"tag-news","17":"tag-paris","18":"tag-republique-francaise","19":"tag-transport-idf-oise"},"share_on_mastodon":{"url":"https:\/\/pubeurope.com\/@fr\/115506406011004353","error":""},"_links":{"self":[{"href":"https:\/\/www.europesays.com\/fr\/wp-json\/wp\/v2\/posts\/517415","targetHints":{"allow":["GET"]}}],"collection":[{"href":"https:\/\/www.europesays.com\/fr\/wp-json\/wp\/v2\/posts"}],"about":[{"href":"https:\/\/www.europesays.com\/fr\/wp-json\/wp\/v2\/types\/post"}],"author":[{"embeddable":true,"href":"https:\/\/www.europesays.com\/fr\/wp-json\/wp\/v2\/users\/2"}],"replies":[{"embeddable":true,"href":"https:\/\/www.europesays.com\/fr\/wp-json\/wp\/v2\/comments?post=517415"}],"version-history":[{"count":0,"href":"https:\/\/www.europesays.com\/fr\/wp-json\/wp\/v2\/posts\/517415\/revisions"}],"wp:featuredmedia":[{"embeddable":true,"href":"https:\/\/www.europesays.com\/fr\/wp-json\/wp\/v2\/media\/517416"}],"wp:attachment":[{"href":"https:\/\/www.europesays.com\/fr\/wp-json\/wp\/v2\/media?parent=517415"}],"wp:term":[{"taxonomy":"category","embeddable":true,"href":"https:\/\/www.europesays.com\/fr\/wp-json\/wp\/v2\/categories?post=517415"},{"taxonomy":"post_tag","embeddable":true,"href":"https:\/\/www.europesays.com\/fr\/wp-json\/wp\/v2\/tags?post=517415"}],"curies":[{"name":"wp","href":"https:\/\/api.w.org\/{rel}","templated":true}]}}