{"id":517419,"date":"2025-11-07T03:58:17","date_gmt":"2025-11-07T03:58:17","guid":{"rendered":"https:\/\/www.europesays.com\/fr\/517419\/"},"modified":"2025-11-07T03:58:17","modified_gmt":"2025-11-07T03:58:17","slug":"le-choix-daya-nakamura-a-la-ceremonie-douverture-des-jo-de-paris-derange-toujours-nelson-monfort","status":"publish","type":"post","link":"https:\/\/www.europesays.com\/fr\/517419\/","title":{"rendered":"Le choix d\u2019Aya Nakamura \u00e0 la c\u00e9r\u00e9monie d\u2019ouverture des JO de Paris d\u00e9range toujours Nelson Monfort"},"content":{"rendered":"<p class=\"mb-4 text-lg md:leading-8 break-words\"><strong>grincheux &#8211; La star avait repris du Charles Aznavour, en sortant de l\u2019Acad\u00e9mie fran\u00e7aise, avec la Garde r\u00e9publicaine<\/strong><\/p>\n<p class=\"mb-4 text-lg md:leading-8 break-words\">De l\u2019eau aura beau avoir coul\u00e9 sous les ponts de la Seine, <a href=\"https:\/\/www.20minutes.fr\/sport\/jo_2024\/diaporama-4103258-images-plus-belles-photos-ceremonie-ouverture-jo-2024?at_medium=RSS%20feed&amp;at_campaign=ynews&amp;utm_source=yahoo&amp;utm_medium=rss&amp;utm_campaign=news_feed&amp;utm_content=in_article_link\" rel=\"nofollow noopener\" target=\"_blank\" data-ylk=\"slk:la c\u00e9r\u00e9monie des Jeux olympiques de Paris;elm:context_link;itc:0;sec:content-canvas\" class=\"link \">la c\u00e9r\u00e9monie des Jeux olympiques de Paris<\/a> ne passe toujours pas pour Nelson Monfort. Dans l\u2019\u00e9mission Compl\u00e9ment d\u2019enqu\u00eate, diffus\u00e9e jeudi 6 novembre sur France 2, <a href=\"https:\/\/www.20minutes.fr\/arts-stars\/television\/4137799-20250208-danse-stars-nelson-montfort-decroche-pire-note-histoire-show-tf1?at_medium=RSS%20feed&amp;at_campaign=ynews&amp;utm_source=yahoo&amp;utm_medium=rss&amp;utm_campaign=news_feed&amp;utm_content=in_article_link\" rel=\"nofollow noopener\" target=\"_blank\" data-ylk=\"slk:le pr\u00e9sentateur sportif;elm:context_link;itc:0;sec:content-canvas\" class=\"link \">le pr\u00e9sentateur sportif<\/a> n\u2019a pu s\u2019emp\u00eacher de critiquer le choix d\u2019Aya Nakamura par les organisateurs.<\/p>\n<p class=\"mb-4 text-lg md:leading-8 break-words\">Toute d\u2019or v\u00eatue, la star a chant\u00e9 sur le Pont des Arts un medley entrem\u00ealant ses plus grands tubes \u00e0 ceux de Charles Aznavour, accompagn\u00e9e du ch\u0153ur de l\u2019Arm\u00e9e fran\u00e7aise. Pas de quoi \u00e9mouvoir Nelson Monfort, connu pour <a href=\"https:\/\/www.20minutes.fr\/arts-stars\/people\/4103914-20240731-nelson-montfort-fan-breakdance-festival-reclame-2-4-millions-dollars-the-1975?at_medium=RSS%20feed&amp;at_campaign=ynews&amp;utm_source=yahoo&amp;utm_medium=rss&amp;utm_campaign=news_feed&amp;utm_content=in_article_link\" rel=\"nofollow noopener\" target=\"_blank\" data-ylk=\"slk:ses prises de position;elm:context_link;itc:0;sec:content-canvas\" class=\"link \">ses prises de position<\/a> tranch\u00e9es.<\/p>\n<p>\u00ab Quelque chose qui cloche \u00bb<\/p>\n<p class=\"mb-4 text-lg md:leading-8 break-words\">Et si l\u2019ancien candidat de Danse avec les Stars assure n\u2019avoir \u00ab rien contre Aya Nakamura, qui est peut-\u00eatre m\u00eame la chanteuse qui vend le plus de disques en France \u00bb et a donc, de fait, \u00ab du talent \u00bb selon lui, il \u00ab ne pense pas qu'(elle) fr\u00e9quente assid\u00fbment l\u2019Acad\u00e9mie fran\u00e7aise \u00bb.<\/p>\n<p class=\"mb-4 text-lg md:leading-8 break-words\">\u00ab De voir Aya Nakamura qui sort de l\u2019Acad\u00e9mie fran\u00e7aise, d\u00e9j\u00e0, il y a quelque chose qui cloche \u00bb, a-t-il d\u00e9clar\u00e9.<\/p>\n<p class=\"mb-4 text-lg md:leading-8 break-words\">Il ajoute que voir les \u00ab gardes r\u00e9publicains qui se ridiculisent, je ne pense pas que c\u2019\u00e9tait indispensable \u00bb.<\/p>\n<p class=\"mb-4 text-lg md:leading-8 break-words\">Si des rumeurs ont sugg\u00e9r\u00e9 que l\u2019entourage de Brigitte Macron a tent\u00e9 d\u2019\u00e9carter Aya Nakamura <a href=\"https:\/\/www.20minutes.fr\/arts-stars\/culture\/4183513-20251104-aya-nakamura-entourage-brigitte-macron-tente-ecarter-chanteuse-ceremonie-jo?at_medium=RSS%20feed&amp;at_campaign=ynews&amp;utm_source=yahoo&amp;utm_medium=rss&amp;utm_campaign=news_feed&amp;utm_content=in_article_link\" rel=\"nofollow noopener\" target=\"_blank\" data-ylk=\"slk:au profit de Gims;elm:context_link;itc:0;sec:content-canvas\" class=\"link \">au profit de Gims<\/a>, la prestation de la star a \u00e9t\u00e9 largement <a href=\"https:\/\/www.20minutes.fr\/societe\/4103342-20240727-jo-2024-faire-taire-mauvaises-langues-garde-republicaine-revient-duo-aya-nakamura?at_medium=RSS%20feed&amp;at_campaign=ynews&amp;utm_source=yahoo&amp;utm_medium=rss&amp;utm_campaign=news_feed&amp;utm_content=in_article_link\" rel=\"nofollow noopener\" target=\"_blank\" data-ylk=\"slk:salu\u00e9e, notamment par les membres de la Garde r\u00e9publicaine;elm:context_link;itc:0;sec:content-canvas\" class=\"link \">salu\u00e9e, notamment par les membres de la Garde r\u00e9publicaine<\/a>. Et les internautes n\u2019ont pas manqu\u00e9 de le rappeler <a href=\"https:\/\/x.com\/Cdenquete\/status\/1986033593131413836?at_medium=RSS%20feed&amp;at_campaign=ynews&amp;utm_source=yahoo&amp;utm_medium=rss&amp;utm_campaign=news_feed&amp;utm_content=in_article_link\" rel=\"nofollow noopener\" target=\"_blank\" data-ylk=\"slk:sur X;elm:context_link;itc:0;sec:content-canvas\" class=\"link \">sur X<\/a> \u00e0 ce \u00ab dinosaure de la TV \u00bb comme certains l\u2019ont nomm\u00e9.<\/p>\n<p class=\"mb-4 text-lg md:leading-8 break-words\"><a href=\"https:\/\/www.20minutes.fr\/arts-stars\/people\/4184074-20251106-choix-aya-nakamura-ceremonie-ouverture-jo-paris-derange-toujours-nelson-monfort?at_medium=RSS%20feed&amp;at_campaign=ynews&amp;utm_source=yahoo&amp;utm_medium=rss&amp;utm_campaign=news_feed&amp;utm_content=read_more_link\" rel=\"nofollow noopener\" target=\"_blank\" data-ylk=\"slk:Lire la suite sur 20minutes;elm:context_link;itc:0;sec:content-canvas\" class=\"link \">Lire la suite sur 20minutes<\/a><\/p>\n<p>\u00c0 lire aussi :<br \/><a href=\"https:\/\/www.20minutes.fr\/arts-stars\/culture\/musique\/4182946-20251031-aya-nakamura-deja-vendu-240-000-places-trois-concerts-stade-france?at_medium=RSS%20feed&amp;at_campaign=ynews&amp;utm_source=yahoo&amp;utm_medium=rss&amp;utm_campaign=news_feed&amp;utm_content=related_content_link\" rel=\"nofollow noopener\" target=\"_blank\" data-ylk=\"slk:Aya Nakamura a d\u00e9j\u00e0 vendu les 240.000 places de ses trois concerts au Stade de France;elm:context_link;itc:0;sec:content-canvas\" class=\"link \">Aya Nakamura a d\u00e9j\u00e0 vendu les 240.000 places de ses trois concerts au Stade de France<\/a><\/p>\n","protected":false},"excerpt":{"rendered":"grincheux &#8211; La star avait repris du Charles Aznavour, en sortant de l\u2019Acad\u00e9mie fran\u00e7aise, avec la Garde r\u00e9publicaine&hellip;\n","protected":false},"author":2,"featured_media":517420,"comment_status":"","ping_status":"","sticky":false,"template":"","format":"standard","meta":{"footnotes":""},"categories":[1888],"tags":[1111,1928,11,1927,11774,11775,194,1777,674,1011,27,63782,52305,14333,12,1926,626,1925,25],"class_list":{"0":"post-517419","1":"post","2":"type-post","3":"status-publish","4":"format-standard","5":"has-post-thumbnail","7":"category-paris","8":"tag-actu","9":"tag-actu-paris","10":"tag-actualites","11":"tag-actualites-paris","12":"tag-aya-nakamura","13":"tag-charles-aznavour","14":"tag-danse-avec-les-stars","15":"tag-eu","16":"tag-europe","17":"tag-fr","18":"tag-france","19":"tag-garde-republicaine","20":"tag-nakamura","21":"tag-nelson-monfort","22":"tag-news","23":"tag-news-paris","24":"tag-paris","25":"tag-paris-news","26":"tag-republique-francaise"},"share_on_mastodon":{"url":"https:\/\/pubeurope.com\/@fr\/115506413696054474","error":""},"_links":{"self":[{"href":"https:\/\/www.europesays.com\/fr\/wp-json\/wp\/v2\/posts\/517419","targetHints":{"allow":["GET"]}}],"collection":[{"href":"https:\/\/www.europesays.com\/fr\/wp-json\/wp\/v2\/posts"}],"about":[{"href":"https:\/\/www.europesays.com\/fr\/wp-json\/wp\/v2\/types\/post"}],"author":[{"embeddable":true,"href":"https:\/\/www.europesays.com\/fr\/wp-json\/wp\/v2\/users\/2"}],"replies":[{"embeddable":true,"href":"https:\/\/www.europesays.com\/fr\/wp-json\/wp\/v2\/comments?post=517419"}],"version-history":[{"count":0,"href":"https:\/\/www.europesays.com\/fr\/wp-json\/wp\/v2\/posts\/517419\/revisions"}],"wp:featuredmedia":[{"embeddable":true,"href":"https:\/\/www.europesays.com\/fr\/wp-json\/wp\/v2\/media\/517420"}],"wp:attachment":[{"href":"https:\/\/www.europesays.com\/fr\/wp-json\/wp\/v2\/media?parent=517419"}],"wp:term":[{"taxonomy":"category","embeddable":true,"href":"https:\/\/www.europesays.com\/fr\/wp-json\/wp\/v2\/categories?post=517419"},{"taxonomy":"post_tag","embeddable":true,"href":"https:\/\/www.europesays.com\/fr\/wp-json\/wp\/v2\/tags?post=517419"}],"curies":[{"name":"wp","href":"https:\/\/api.w.org\/{rel}","templated":true}]}}