{"id":517427,"date":"2025-11-07T04:03:17","date_gmt":"2025-11-07T04:03:17","guid":{"rendered":"https:\/\/www.europesays.com\/fr\/517427\/"},"modified":"2025-11-07T04:03:17","modified_gmt":"2025-11-07T04:03:17","slug":"un-soldat-russe-condamne-a-la-prison-a-vie-pour-avoir-execute-un-prisonnier-de-guerre","status":"publish","type":"post","link":"https:\/\/www.europesays.com\/fr\/517427\/","title":{"rendered":"un soldat russe condamn\u00e9 \u00e0 la prison \u00e0 vie pour avoir ex\u00e9cut\u00e9 un prisonnier de guerre"},"content":{"rendered":"<p>\n    L\u2019accus\u00e9, un citoyen russe de 27 ans nomm\u00e9 Dimitri Kourachov, \u00e9tait accus\u00e9 d\u2019avoir abattu, le 6 janvier 2024, un soldat ukrainien \u00e0 court de munitions qui s\u2019\u00e9tait rendu pr\u00e8s du village de Pryioutn\u00e9, dans la r\u00e9gion partiellement occup\u00e9e de Zaporijjia.<\/p>\n<p class=\"fig-paragraph\">Kiev a condamn\u00e9 pour la premi\u00e8re fois un soldat\u00a0<a href=\"https:\/\/www.lefigaro.fr\/tag\/russie\" target=\"_blank\" rel=\"sponsored noopener\" data-gtm-custom-categorie=\"navigation\" data-gtm-custom-action=\"crossclick\" data-gtm-custom-label=\"Contextuel\" data-gtm-event=\"customEventSPE\">russe\u00a0<\/a>\u00e0 la r\u00e9clusion \u00e0 perp\u00e9tuit\u00e9, pour avoir ex\u00e9cut\u00e9 un prisonnier de guerre\u00a0<a href=\"https:\/\/www.lefigaro.fr\/tag\/ukraine\" target=\"_blank\" rel=\"sponsored noopener\" data-gtm-custom-categorie=\"navigation\" data-gtm-custom-action=\"crossclick\" data-gtm-custom-label=\"Contextuel\" data-gtm-event=\"customEventSPE\">ukrainien<\/a>, ont annonc\u00e9 jeudi les services de s\u00e9curit\u00e9s ukrainiens (SBU). \u00abIl s&rsquo;agit du premier verdict dans l&rsquo;histoire de l&rsquo;Ukraine o\u00f9 un occupant a \u00e9t\u00e9 condamn\u00e9 \u00e0 une telle peine sp\u00e9cifiquement pour l&rsquo;ex\u00e9cution d&rsquo;un soldat des forces de d\u00e9fense\u00bb, a d\u00e9clar\u00e9 le SBU dans un communiqu\u00e9.<\/p>\n<p class=\"fig-paragraph\">L\u2019accus\u00e9, un citoyen russe de 27 ans nomm\u00e9 Dimitri Kourachov, \u00e9tait accus\u00e9 d\u2019avoir abattu, le 6 janvier 2024, un soldat ukrainien \u00e0 court de munitions qui s\u2019\u00e9tait rendu, pr\u00e8s du village de Pryioutn\u00e9, dans la r\u00e9gion partiellement occup\u00e9e de\u00a0<a href=\"https:\/\/www.lefigaro.fr\/tag\/zaporijjia\" target=\"_blank\" rel=\"sponsored noopener\" data-gtm-custom-categorie=\"navigation\" data-gtm-custom-action=\"crossclick\" data-gtm-custom-label=\"Contextuel\" data-gtm-event=\"customEventSPE\">Zaporijjia\u00a0<\/a>(sud). Kourachov a \u00e9t\u00e9 captur\u00e9 le jour m\u00eame par les forces ukrainiennes, en m\u00eame temps que quatre autres membres de son unit\u00e9, selon le SBU.<\/p>\n<p>                                    <a class=\"fig-a11y-skip a11y-hidden\" href=\"#fig-a11y-skip-main-inarticle\"><br \/>\n        Passer la publicit\u00e9<br \/>\n    <\/a><\/p>\n<p class=\"fig-paragraph\">L\u2019accus\u00e9 avait auparavant \u00e9t\u00e9 emprisonn\u00e9 en Russie pour vol, avant de rejoindre l\u2019arm\u00e9e en novembre 2023 en \u00e9change d\u2019une amnistie, toujours selon les services ukrainiens. Il a \u00e9t\u00e9 reconnu coupable de \u00abviolation des lois et coutumes de la guerre\u00bb et \u00abd\u2019homicide volontaire\u00bb. Depuis le d\u00e9but de l\u2019invasion de l\u2019Ukraine par la Russie, il y a plus de trois ans et demi, Moscou et Kiev s\u2019accusent mutuellement et r\u00e9guli\u00e8rement d\u2019avoir tu\u00e9 des prisonniers de guerre. L\u2019ONU a d\u00e9nonc\u00e9 en f\u00e9vrier une hausse des ex\u00e9cutions de soldats ukrainiens captifs par les forces russes au cours des derniers mois, faisant \u00e9cho aux accusations de Kiev.<\/p>\n","protected":false},"excerpt":{"rendered":"L\u2019accus\u00e9, un citoyen russe de 27 ans nomm\u00e9 Dimitri Kourachov, \u00e9tait accus\u00e9 d\u2019avoir abattu, le 6 janvier 2024,&hellip;\n","protected":false},"author":2,"featured_media":517428,"comment_status":"","ping_status":"","sticky":false,"template":"","format":"standard","meta":{"footnotes":""},"categories":[1590],"tags":[11,2048,1777,674,131,12,806,220],"class_list":{"0":"post-517427","1":"post","2":"type-post","3":"status-publish","4":"format-standard","5":"has-post-thumbnail","7":"category-ukraine","8":"tag-actualites","9":"tag-crime-de-guerre","10":"tag-eu","11":"tag-europe","12":"tag-guerre-en-ukraine","13":"tag-news","14":"tag-prison","15":"tag-ukraine"},"share_on_mastodon":{"url":"https:\/\/pubeurope.com\/@fr\/115506433462198835","error":""},"_links":{"self":[{"href":"https:\/\/www.europesays.com\/fr\/wp-json\/wp\/v2\/posts\/517427","targetHints":{"allow":["GET"]}}],"collection":[{"href":"https:\/\/www.europesays.com\/fr\/wp-json\/wp\/v2\/posts"}],"about":[{"href":"https:\/\/www.europesays.com\/fr\/wp-json\/wp\/v2\/types\/post"}],"author":[{"embeddable":true,"href":"https:\/\/www.europesays.com\/fr\/wp-json\/wp\/v2\/users\/2"}],"replies":[{"embeddable":true,"href":"https:\/\/www.europesays.com\/fr\/wp-json\/wp\/v2\/comments?post=517427"}],"version-history":[{"count":0,"href":"https:\/\/www.europesays.com\/fr\/wp-json\/wp\/v2\/posts\/517427\/revisions"}],"wp:featuredmedia":[{"embeddable":true,"href":"https:\/\/www.europesays.com\/fr\/wp-json\/wp\/v2\/media\/517428"}],"wp:attachment":[{"href":"https:\/\/www.europesays.com\/fr\/wp-json\/wp\/v2\/media?parent=517427"}],"wp:term":[{"taxonomy":"category","embeddable":true,"href":"https:\/\/www.europesays.com\/fr\/wp-json\/wp\/v2\/categories?post=517427"},{"taxonomy":"post_tag","embeddable":true,"href":"https:\/\/www.europesays.com\/fr\/wp-json\/wp\/v2\/tags?post=517427"}],"curies":[{"name":"wp","href":"https:\/\/api.w.org\/{rel}","templated":true}]}}