{"id":517431,"date":"2025-11-07T04:05:13","date_gmt":"2025-11-07T04:05:13","guid":{"rendered":"https:\/\/www.europesays.com\/fr\/517431\/"},"modified":"2025-11-07T04:05:13","modified_gmt":"2025-11-07T04:05:13","slug":"les-prenoms-un-premier-roman-phenomene-au-royaume-uni","status":"publish","type":"post","link":"https:\/\/www.europesays.com\/fr\/517431\/","title":{"rendered":"\u201cLes Pr\u00e9noms\u201d, un premier roman ph\u00e9nom\u00e8ne au Royaume-Uni"},"content":{"rendered":"\n<p>Quand mon petit fr\u00e8re est n\u00e9, mes parents \u00e9taient d\u00e9chir\u00e9s entre deux pr\u00e9noms\u00a0: Peter ou Tom\u00a0? Pendant toute une semaine, ce fut simplement \u201cle b\u00e9b\u00e9\u201d, jusqu\u2019\u00e0 ce que \u00e7a devienne intenable. Nous avons donc organis\u00e9 un vote. \u00c0 3 contre 2, le b\u00e9b\u00e9 est devenu Tom. Un choix parfaitement adapt\u00e9 au petit gar\u00e7on malicieux qu\u2019il allait devenir \u2013 \u201cPeter\u201d aurait fait trop ang\u00e9lique pour un enfant qui arracha jusqu\u2019au dernier radis du potager de sa cr\u00e8che.<\/p>\n<p>Mais que se serait-il pass\u00e9 si nous l\u2019avions appel\u00e9 Peter\u00a0? Ses divers homonymes, de Saint Peter [saint Pierre] gardant les portes du paradis au Perfect Peter, le petit fr\u00e8re parfait de Horrid Henry [dans la s\u00e9rie de litt\u00e9rature jeunesse britannique du m\u00eame nom], l\u2019auraient-ils fa\u00e7onn\u00e9 en un jeune homme beaucoup plus sage (et beaucoup moins dr\u00f4le)\u00a0?<\/p>\n<p>C\u2019est la question au c\u0153ur des Pr\u00e9noms, premier roman de Florence Knapp, pr\u00e9c\u00e9d\u00e9 d\u2019un tel buzz que l\u2019arriv\u00e9e des premiers exemplaires au Royaume-Uni [le livre y est sorti le 6\u00a0mai, avant d\u2019\u00eatre publi\u00e9 en fran\u00e7ais le 1er\u00a0octobre chez JC Latt\u00e8s] \u00e9tait pr\u00e9sent\u00e9e comme un \u201c\u00e9v\u00e9nement \u00e9ditorial mondial\u201d.<\/p>\n<p> Une \u00e9crivaine surprenante <\/p>\n<p>Une fois n\u2019est pas coutume, la hype n\u2019\u00e9tait peut-\u00eatre pas exag\u00e9r\u00e9e\u00a0: l\u2019achat des droits pour le Royaume-Uni s\u2019est fait au terme de 13 tours d\u2019ench\u00e8res, le roman a \u00e9t\u00e9 procla<\/p>\n<p>                                     <strong class=\"paywall-title\">Pour lire la suite de cet article, abonnez-vous<\/strong>   <\/p>\n<p class=\"paywall-text\"><strong>Acc\u00e9dez \u00e0 :<\/strong> tous nos articles, l\u2019hebdo num\u00e9rique, l\u2019application, le\u00a0R\u00e9veil Courrier et\u00a0nos newsletters<\/p>\n<p class=\"article-authors\">                         <a href=\"https:\/\/www.courrierinternational.com\/auteur\/laura-hackett\" target=\"_blank\" rel=\"noopener\">Laura Hackett<\/a>    <\/p>\n<p class=\"article-vo\"><a href=\"https:\/\/www.thetimes.com\/culture\/books\/article\/the-names-florence-knapp-review-gwhfjmpgl\" rel=\"noopener\" target=\"_blank\">Lire l\u2019article original<\/a><\/p>\n<p>Source de l\u2019article<\/p>\n<p>   <img decoding=\"async\" class=\"source-logo\" src=\"https:\/\/www.europesays.com\/fr\/wp-content\/uploads\/2025\/04\/1745749512_584_6daa7ca_1643653582538-the-times.jpg\"  alt=\"Logo\" loading=\"lazy\" width=\"32\" height=\"32\"\/>  The Times  (Londres)       <\/p>\n<p>Le plus ancien des quotidiens britanniques (1785) et le plus connu \u00e0 l\u2019\u00e9tranger appartient depuis 1981\u00a0\u00e0 News UK, propri\u00e9t\u00e9 du milliardaire Rupert Murdoch. De tendance conservatrice, il a longtemps \u00e9t\u00e9 le journal de r\u00e9f\u00e9rence et la voix de l\u2019establishment. En 2016, The Times se prononce contre la sortie du Royaume-Uni de l\u2019Union europ\u00e9enne et continue de militer pour la pr\u00e9servation de bonnes relations avec le continent.<\/p>\n<p>Aux quelque 360\u00a0000\u00a0lecteurs du journal en version papier s\u2019ajoutent plus de 400\u00a0000\u00a0abonn\u00e9s num\u00e9riques. Au d\u00e9but de l\u2019agression russe en Ukraine, le 24\u00a0f\u00e9vrier 2022, le site de The Times (partag\u00e9 avec son \u00e9dition dominicale The Sunday Times) enregistre 1\u00a0000\u00a0nouveaux abonnements par jour, reflet de son excellent travail de terrain en mati\u00e8re d\u2019actualit\u00e9 internationale. Sept reporters couvrent le conflit en permanence, sur le terrain.<\/p>\n<p>En 2020, News UK a lanc\u00e9 Times Radio, station de radio g\u00e9n\u00e9raliste pens\u00e9e pour concurrencer BBC Radio 4, l\u2019\u00e9quivalent britannique de France Inter. Anim\u00e9es en partie par des journalistes de la r\u00e9daction de The Times, ses \u00e9missions attirent un demi-million d\u2019auditeurs par semaine.<\/p>\n<p>      <a href=\"https:\/\/www.courrierinternational.com\/notule-source\/the-times\" class=\"source-link\" target=\"_blank\" rel=\"noopener\">Lire la suite<\/a>                 <\/p>\n<p>Nos services<\/p>\n","protected":false},"excerpt":{"rendered":"Quand mon petit fr\u00e8re est n\u00e9, mes parents \u00e9taient d\u00e9chir\u00e9s entre deux pr\u00e9noms\u00a0: Peter ou Tom\u00a0? Pendant toute&hellip;\n","protected":false},"author":2,"featured_media":517432,"comment_status":"","ping_status":"","sticky":false,"template":"","format":"standard","meta":{"footnotes":""},"categories":[1588],"tags":[11,251,1777,674,2624,1380,12,473,1853,1851,1850,1852],"class_list":{"0":"post-517431","1":"post","2":"type-post","3":"status-publish","4":"format-standard","5":"has-post-thumbnail","7":"category-royaume-uni","8":"tag-actualites","9":"tag-culture","10":"tag-eu","11":"tag-europe","12":"tag-littu00e9rature","13":"tag-livres","14":"tag-news","15":"tag-royaume-uni","16":"tag-royaume-uni-de-grande-bretagne-et-dirlande-du-nord","17":"tag-uk","18":"tag-united-kingdom","19":"tag-united-kingdom-of-great-britain-and-northern-ireland"},"share_on_mastodon":{"url":"https:\/\/pubeurope.com\/@fr\/115506441940117551","error":""},"_links":{"self":[{"href":"https:\/\/www.europesays.com\/fr\/wp-json\/wp\/v2\/posts\/517431","targetHints":{"allow":["GET"]}}],"collection":[{"href":"https:\/\/www.europesays.com\/fr\/wp-json\/wp\/v2\/posts"}],"about":[{"href":"https:\/\/www.europesays.com\/fr\/wp-json\/wp\/v2\/types\/post"}],"author":[{"embeddable":true,"href":"https:\/\/www.europesays.com\/fr\/wp-json\/wp\/v2\/users\/2"}],"replies":[{"embeddable":true,"href":"https:\/\/www.europesays.com\/fr\/wp-json\/wp\/v2\/comments?post=517431"}],"version-history":[{"count":0,"href":"https:\/\/www.europesays.com\/fr\/wp-json\/wp\/v2\/posts\/517431\/revisions"}],"wp:featuredmedia":[{"embeddable":true,"href":"https:\/\/www.europesays.com\/fr\/wp-json\/wp\/v2\/media\/517432"}],"wp:attachment":[{"href":"https:\/\/www.europesays.com\/fr\/wp-json\/wp\/v2\/media?parent=517431"}],"wp:term":[{"taxonomy":"category","embeddable":true,"href":"https:\/\/www.europesays.com\/fr\/wp-json\/wp\/v2\/categories?post=517431"},{"taxonomy":"post_tag","embeddable":true,"href":"https:\/\/www.europesays.com\/fr\/wp-json\/wp\/v2\/tags?post=517431"}],"curies":[{"name":"wp","href":"https:\/\/api.w.org\/{rel}","templated":true}]}}