{"id":517433,"date":"2025-11-07T04:06:10","date_gmt":"2025-11-07T04:06:10","guid":{"rendered":"https:\/\/www.europesays.com\/fr\/517433\/"},"modified":"2025-11-07T04:06:10","modified_gmt":"2025-11-07T04:06:10","slug":"en-allemagne-deux-documentaires-sur-le-13-novembre-2015-au-stade-de-france","status":"publish","type":"post","link":"https:\/\/www.europesays.com\/fr\/517433\/","title":{"rendered":"En Allemagne, deux documentaires sur le 13 novembre 2015 au Stade de France"},"content":{"rendered":"\n<p>\u201cDans quelques jours, ce sera le dixi\u00e8me anniversaire de cette triste nuit de novembre\u201d, <a class=\"ithalc\" data-ithal=\"lien_externe\" data-ithalc=\"[nav_article]\" target=\"_blank\" href=\"https:\/\/www.fr.de\/sport\/fussball\/tv-dokus-beleuchten-terror-am-stade-de-france-und-fussball-angst-94007444.html\" rel=\"noopener\">rappelle la <strong>Frankfurter Rundschau<\/strong><\/a><strong>.<\/strong> Le 13\u00a0novembre 2015, les attentats les plus meurtriers que le pays ait connus avaient lieu dans la capitale et aux abords du Stade de France. Pour comm\u00e9morer cet \u00e9v\u00e9nement, \u201cdeux documentaires s\u2019int\u00e9ressent au c\u00f4t\u00e9 Saint-Denis, cette banlieue du nord de Paris\u201d, o\u00f9 le plus grand stade fran\u00e7ais \u201cest pass\u00e9 du r\u00eave \u00e0 l\u2019horreur\u201d, <a class=\"ithalc\" data-ithal=\"lien_externe\" data-ithalc=\"[nav_article]\" target=\"_blank\" href=\"https:\/\/www.faz.net\/aktuell\/feuilleton\/medien-und-film\/fernsehfilm\/zwei-dokus-erinnern-an-islamisten-terror-in-paris-im-november-2015-110763123.html\" rel=\"noopener\">relate la <strong>Frankfurter Allgemeine Zeitung (FAZ)<\/strong><\/a><strong>.<\/strong><\/p>\n<p>Le premier, Die Nacht von Paris\u00a0&#8211;\u00a0Terror am Stade de France [\u201cLa Nuit de Paris\u00a0&#8211; \u00a0Terreur au Stade de France\u201d], a \u00e9t\u00e9 produit par Sky, un acteur incontournable de la t\u00e9l\u00e9vision payante en Allemagne. Le second, <a class=\"ithalc\" data-ithal=\"lien_externe\" data-ithalc=\"[nav_article]\" target=\"_blank\" href=\"https:\/\/www.ardmediathek.de\/video\/terror-fussball-paris-2015-die-nationalmannschaft-im-visier\/terror-fussball-paris-2015-die-nationalmannschaft-im-visier\/br\/Y3JpZDovL3Nwb3J0c2NoYXUuZGUvOGQ2OWFlMGUtNGIxNS00ZTc1LTk3YzAtODI0NTcyZDZkNTA2X2dhbnplU2VuZHVuZw\" rel=\"noopener\">Terror. Fu\u00dfball. Paris 2015\u00a0&#8211;\u00a0Die Nationalmannschaft im Visier <\/a>[\u201cTerrorisme. Football. Paris 2015\u00a0&#8211;\u00a0L\u2019\u00e9quipe nationale dans le collimateur\u201d], par le groupe audiovisuel public ARD, qui diffusait la rencontre France-Allemagne, le 13\u00a0novembre 2015.<\/p>\n<p>Selon la Frankfurter Rundschau, ils \u201cse livrent \u00e0 une reconstruction puissante des \u00e9v\u00e9nements \u00e0 partir de perspectives diff\u00e9rentes\u201d et \u201claissent un sentiment d\u2019angoisse m\u00eame si des \u00e9v\u00e9nements bien pires se sont d\u00e9roul\u00e9s dans la capitale fran\u00e7aise\u201d. \u00c0 travers des entretiens avec des joueurs de l\u2019\u00e9quipe allemande, ils racontent leur peur \u201cque d<\/p>\n","protected":false},"excerpt":{"rendered":"\u201cDans quelques jours, ce sera le dixi\u00e8me anniversaire de cette triste nuit de novembre\u201d, rappelle la Frankfurter Rundschau.&hellip;\n","protected":false},"author":2,"featured_media":517434,"comment_status":"","ping_status":"","sticky":false,"template":"","format":"standard","meta":{"footnotes":""},"categories":[1587],"tags":[11,672,63559,1804,1805,1803,1777,674,27,1801,3821,12,1802],"class_list":{"0":"post-517433","1":"post","2":"type-post","3":"status-publish","4":"format-standard","5":"has-post-thumbnail","7":"category-allemagne","8":"tag-actualites","9":"tag-allemagne","10":"tag-attentats-de-novembre-2015-en-france","11":"tag-bundesrepublik-deutschland","12":"tag-de","13":"tag-deutschland","14":"tag-eu","15":"tag-europe","16":"tag-france","17":"tag-germany","18":"tag-la-france-vue-de-lu2019u00e9tranger","19":"tag-news","20":"tag-republique-federale-dallemagne"},"share_on_mastodon":{"url":"https:\/\/pubeurope.com\/@fr\/115506445317044288","error":""},"_links":{"self":[{"href":"https:\/\/www.europesays.com\/fr\/wp-json\/wp\/v2\/posts\/517433","targetHints":{"allow":["GET"]}}],"collection":[{"href":"https:\/\/www.europesays.com\/fr\/wp-json\/wp\/v2\/posts"}],"about":[{"href":"https:\/\/www.europesays.com\/fr\/wp-json\/wp\/v2\/types\/post"}],"author":[{"embeddable":true,"href":"https:\/\/www.europesays.com\/fr\/wp-json\/wp\/v2\/users\/2"}],"replies":[{"embeddable":true,"href":"https:\/\/www.europesays.com\/fr\/wp-json\/wp\/v2\/comments?post=517433"}],"version-history":[{"count":0,"href":"https:\/\/www.europesays.com\/fr\/wp-json\/wp\/v2\/posts\/517433\/revisions"}],"wp:featuredmedia":[{"embeddable":true,"href":"https:\/\/www.europesays.com\/fr\/wp-json\/wp\/v2\/media\/517434"}],"wp:attachment":[{"href":"https:\/\/www.europesays.com\/fr\/wp-json\/wp\/v2\/media?parent=517433"}],"wp:term":[{"taxonomy":"category","embeddable":true,"href":"https:\/\/www.europesays.com\/fr\/wp-json\/wp\/v2\/categories?post=517433"},{"taxonomy":"post_tag","embeddable":true,"href":"https:\/\/www.europesays.com\/fr\/wp-json\/wp\/v2\/tags?post=517433"}],"curies":[{"name":"wp","href":"https:\/\/api.w.org\/{rel}","templated":true}]}}