{"id":517435,"date":"2025-11-07T04:07:12","date_gmt":"2025-11-07T04:07:12","guid":{"rendered":"https:\/\/www.europesays.com\/fr\/517435\/"},"modified":"2025-11-07T04:07:12","modified_gmt":"2025-11-07T04:07:12","slug":"leurope-place-laction-climat-au-coeur-de-sa-strategie-diplomatique","status":"publish","type":"post","link":"https:\/\/www.europesays.com\/fr\/517435\/","title":{"rendered":"L\u2019Europe place l\u2019action climat au c\u0153ur de sa strat\u00e9gie diplomatique"},"content":{"rendered":"\n<p>Il fallait une mise au point avant la COP30, la voici\u00a0: dans une communication adopt\u00e9e ce jeudi [16\u00a0octobre], la Commission r\u00e9affirme l\u2019engagement de l\u2019Europe pour la d\u00e9carbonation de son \u00e9conomie et sa volont\u00e9 de contribuer \u00e0 acc\u00e9l\u00e9rer la transition dans le reste du monde.<\/p>\n<p>\u00c0 l\u2019approche de la conf\u00e9rence climatique de Bel\u00e9m qui marquera le dixi\u00e8me anniversaire de l\u2019accord de Paris [du 10\u00a0au 21\u00a0novembre 2025], le doute sur la ligne europ\u00e9enne s\u2019est install\u00e9. Depuis les derni\u00e8res \u00e9lections europ\u00e9ennes, la Commission a multipli\u00e9 les mesures de simplification r\u00e9glementaire li\u00e9es au climat, d\u00e9cri\u00e9es par certains comme des mesures de d\u00e9r\u00e9gulation, et l\u2019Union n\u2019a eu de cesse de repousser l\u2019adoption de son objectif de r\u00e9duction d\u2019\u00e9missions pour 2040, semant le trouble sur sa capacit\u00e9 \u00e0 atteindre le \u201cnet z\u00e9ro\u201d avant 2050 [le 4\u00a0novembre, les ministres de l\u2019Environnement ont fini par s\u2019accorder sur la contribution d\u00e9termin\u00e9e au niveau national (CDN) de l\u2019UE pour l\u2019apr\u00e8s-2030].<\/p>\n<p>En attendant la trajectoire, donc, la Commission et la haute repr\u00e9sentante de l\u2019UE [pour les Affaires \u00e9trang\u00e8res et la Politique de s\u00e9curit\u00e9, Kaja Kallas] affichent leur \u201cvision\u201d sur la mani\u00e8re dont l\u2019Union doit se positionner dans le monde sur ce sujet. Dans les grandes lignes\u00a0: l\u2019Europe ne peut pas se permettre de m<\/p>\n<p>  Article abonn\u00e9  Pour lire la suite de cet article, abonnez-vous <\/p>\n<p class=\"paywall-text\"><strong>Abonnez-vous et acc\u00e9dez \u00e0 :<\/strong><br \/>tous nos articles, l\u2019hebdo num\u00e9rique, l\u2019application, le\u00a0R\u00e9veil Courrier et\u00a0nos newsletters<\/p>\n<p class=\"price\">D\u00e8s <strong>1\u00a0\u20ac<\/strong>\/mois<\/p>\n<p> Sans engagement \u2022 R\u00e9siliable en ligne                <\/p>\n<p class=\"article-authors\">                         <a href=\"https:\/\/www.courrierinternational.com\/auteur\/frederic-rohart\" target=\"_blank\" rel=\"noopener\">Fr\u00e9d\u00e9ric Rohart<\/a>    <\/p>\n<p class=\"article-vo\"><a href=\"https:\/\/www.lecho.be\/dossiers\/climat\/l-europe-place-l-action-climat-au-c-ur-de-sa-strategie-diplomatique\/10631559.html\" rel=\"noopener\" target=\"_blank\">Lire l\u2019article original<\/a><\/p>\n<p>Source de l\u2019article<\/p>\n<p>   <img decoding=\"async\" class=\"source-logo\" src=\"https:\/\/www.europesays.com\/fr\/wp-content\/uploads\/2025\/11\/c1744b9_1643650861176-lecho.jpg\"  alt=\"Logo\" loading=\"lazy\" width=\"32\" height=\"32\"\/>  L\u2019\u00c9cho  (Bruxelles)       <\/p>\n<p>L\u2019ancien \u00c9cho de la Bourse s\u2019est ouvert \u00e0 l\u2019actualit\u00e9 politique et sociale pour devenir le \u00abquotidien de l\u2019\u00e9conomie et de la finance\u00bb des Belges francophones. Il reste l\u2019un des journaux de r\u00e9f\u00e9rence, m\u00eame en mati\u00e8re politique.<\/p>\n<p>Pionnier de la Toile d\u00e8s 1996, le quotidien de l\u2019\u00e9conomie et de la finance propose un site organis\u00e9 autour de cinq services\u00a0: actualit\u00e9s, cotations boursi\u00e8res, cours des SICAV, informations pratiques destin\u00e9es aux annonceurs, centres d\u2019affaires. Il diffuse les r\u00e9sultats des march\u00e9s financiers en continu, de m\u00eame que les indices des principales Bourses europ\u00e9ennes et am\u00e9ricaine. Le site de L\u2019\u00c9cho livre ses archives moyennant finances aupr\u00e8s du service Press\u00a0Banking.<\/p>\n<p>      <a href=\"https:\/\/www.courrierinternational.com\/notule-source\/l-echo\" class=\"source-link\" target=\"_blank\" rel=\"noopener\">Lire la suite<\/a>                 <\/p>\n<p>Nos services<\/p>\n","protected":false},"excerpt":{"rendered":"Il fallait une mise au point avant la COP30, la voici\u00a0: dans une communication adopt\u00e9e ce jeudi [16\u00a0octobre],&hellip;\n","protected":false},"author":2,"featured_media":517436,"comment_status":"","ping_status":"","sticky":false,"template":"","format":"standard","meta":{"footnotes":""},"categories":[1586],"tags":[11,4734,53082,1777,674,1011,27,12,25,17345,8678,2542],"class_list":{"0":"post-517435","1":"post","2":"type-post","3":"status-publish","4":"format-standard","5":"has-post-thumbnail","7":"category-europe","8":"tag-actualites","9":"tag-changement-climatique","10":"tag-cop30","11":"tag-eu","12":"tag-europe","13":"tag-fr","14":"tag-france","15":"tag-news","16":"tag-republique-francaise","17":"tag-sciences-et-environnement","18":"tag-transition-u00e9nergu00e9tique","19":"tag-u00e9conomie"},"share_on_mastodon":{"url":"https:\/\/pubeurope.com\/@fr\/115506449669676334","error":""},"_links":{"self":[{"href":"https:\/\/www.europesays.com\/fr\/wp-json\/wp\/v2\/posts\/517435","targetHints":{"allow":["GET"]}}],"collection":[{"href":"https:\/\/www.europesays.com\/fr\/wp-json\/wp\/v2\/posts"}],"about":[{"href":"https:\/\/www.europesays.com\/fr\/wp-json\/wp\/v2\/types\/post"}],"author":[{"embeddable":true,"href":"https:\/\/www.europesays.com\/fr\/wp-json\/wp\/v2\/users\/2"}],"replies":[{"embeddable":true,"href":"https:\/\/www.europesays.com\/fr\/wp-json\/wp\/v2\/comments?post=517435"}],"version-history":[{"count":0,"href":"https:\/\/www.europesays.com\/fr\/wp-json\/wp\/v2\/posts\/517435\/revisions"}],"wp:featuredmedia":[{"embeddable":true,"href":"https:\/\/www.europesays.com\/fr\/wp-json\/wp\/v2\/media\/517436"}],"wp:attachment":[{"href":"https:\/\/www.europesays.com\/fr\/wp-json\/wp\/v2\/media?parent=517435"}],"wp:term":[{"taxonomy":"category","embeddable":true,"href":"https:\/\/www.europesays.com\/fr\/wp-json\/wp\/v2\/categories?post=517435"},{"taxonomy":"post_tag","embeddable":true,"href":"https:\/\/www.europesays.com\/fr\/wp-json\/wp\/v2\/tags?post=517435"}],"curies":[{"name":"wp","href":"https:\/\/api.w.org\/{rel}","templated":true}]}}