{"id":51744,"date":"2025-04-25T12:33:09","date_gmt":"2025-04-25T12:33:09","guid":{"rendered":"https:\/\/www.europesays.com\/fr\/51744\/"},"modified":"2025-04-25T12:33:09","modified_gmt":"2025-04-25T12:33:09","slug":"franck-leroy-nantes-la-presidentielle-et-lecologie","status":"publish","type":"post","link":"https:\/\/www.europesays.com\/fr\/51744\/","title":{"rendered":"Franck Leroy, Nantes, la Pr\u00e9sidentielle et l\u2019\u00e9cologie"},"content":{"rendered":"<p>  Attaque au couteau \u00e0 Nantes<\/p>\n<p>Une premi\u00e8re r\u00e9action d\u2019\u00e9motion et de pragmatisme pour commencer.<\/p>\n<p><a href=\"https:\/\/www.estrepublicain.fr\/p\/franck-leroy\" target=\"_blank\" rel=\"noopener\">Franck Leroy<\/a>, pr\u00e9sident de la R\u00e9gion Grand Est, \u00e9tait, ce vendredi 25\u00a0avril, l\u2019invit\u00e9 exceptionnel des Rencontres matinales de <a href=\"https:\/\/www.estrepublicain.fr\/magazine-tourisme-et-patrimoine\/2024\/03\/17\/dans-les-coulisses-de-l-excelsior-a-nancy-une-brasserie-art-nouveau-plus-que-centenaire\" target=\"_blank\" rel=\"noopener\">L\u2019Excelsior<\/a> \u00e0 Nancy, organis\u00e9es par SDIC Conseil, avec Ici Sud Lorraine et <a href=\"https:\/\/www.estrepublicain.fr\/\" target=\"_blank\" rel=\"noopener\">L\u2019Est R\u00e9publicain<\/a> (groupe <a href=\"https:\/\/www.ebra.fr\/\" target=\"_blank\" rel=\"noopener\">Ebra<\/a> ).<\/p>\n<p>Devant une centaine de personnes, il a d\u2019abord \u00e9voqu\u00e9 <a href=\"https:\/\/www.estrepublicain.fr\/faits-divers-justice\/2025\/04\/25\/attaque-au-couteau-dans-un-lycee-le-profil-de-l-agresseur-au-centre-de-l-enquete\" target=\"_blank\" rel=\"noopener\">l\u2019attaque au couteau survenue \u00e0 Nantes<\/a> jeudi 24\u00a0avril, et la question de l\u2019am\u00e9lioration de la s\u00e9curit\u00e9 dans les lyc\u00e9es.<\/p>\n<p>\u00ab\u00a0Ce qui s\u2019est pass\u00e9 \u00e0 Nantes est dramatique, a indiqu\u00e9 Franck Leroy. On en apprend un peu plus sur le profil du gar\u00e7on qui est vraisemblablement un d\u00e9s\u00e9quilibr\u00e9. Cela nous oblige \u00e0 dire que les lyc\u00e9es ne sont plus des sanctuaires. Et cela nous oblige \u00e0 prendre en compte, dans tous nos investissements que nous faisons sur les lyc\u00e9es. Pour les portiques, on ne peut pas en mettre partout. On se repose beaucoup sur nos proviseurs qui connaissent les contextes locaux. On s\u2019adapte. Ce serait un gaspillage de l\u2019argent public que de faire du tout s\u00e9curitaire partout. Ce n\u2019est pas l\u2019esprit de nos lyc\u00e9es.\u00a0\u00bb<\/p>\n<p>  Pr\u00e9sidentielle 2027<\/p>\n<p>Lors de ses Rencontres matinales, Franck Leroy a \u00e9voqu\u00e9 la Pr\u00e9sidentielle de 2027.<\/p>\n<p>Quel est le bon candidat selon lui\u00a0? Franck Leroy\u00a0: \u00ab\u00a0Difficile de dire aujourd\u2019hui qui est la bonne personne. Il faut tenir compte du contexte. L\u2019extr\u00eame-droite sera forte. Et ce ne sera pas <a href=\"https:\/\/www.estrepublicain.fr\/p\/marine-le-pen\" target=\"_blank\" rel=\"noopener\">Marine Le Pen<\/a>, on le sait d\u00e9sormais. Elle n\u2019a aucune chance de se sortir de l\u2019appel. Son bilan est accablant\u00a0: le RN est un parti de d\u00e9linquants\u00a0! Il peut aussi y avoir une extr\u00eame-gauche assez forte. Et au centre, il faudrait que, du PS au LR, il n\u2019y ait que deux candidats maximum. Moi, je souhaite qu\u2019il y ait un candidat pour incarner les mod\u00e9r\u00e9s de droite. Quel sera-t-il\u00a0? Cela bouge beaucoup. <a href=\"https:\/\/www.estrepublicain.fr\/p\/edouard-philippe\" target=\"_blank\" rel=\"noopener\">\u00c9douard Philippe<\/a> a le plus de chance. Mais rien n\u2019est jou\u00e9.\u00a0\u00bb<\/p>\n<p>  \u00c9cologie et \u00ab\u00a0Ici On Agit\u00a0!\u00a0\u00bb<\/p>\n<p>Durant son intervention, Franck Leroy a salu\u00e9 la tenue de <a href=\"https:\/\/www.estrepublicain.fr\/environnement\/2025\/04\/25\/tables-rondes-intervenants-animations-suivez-l-evenement-en-direct-du-centre-prouve\" target=\"_blank\" rel=\"noopener\">l\u2019\u00e9v\u00e9nement \u00ab\u00a0Ici On Agit\u00a0!\u00a0\u00bb<\/a> port\u00e9 par les journaux du groupe Ebra, au centre Prouv\u00e9 \u00e0 Nancy, ces 25 et 26\u00a0avril.<\/p>\n<p>Pour le pr\u00e9sident du Grand Est, l\u2019\u00e9cologie doit \u00eatre \u00ab\u00a0l\u2019ambition de tous les partis sur la sc\u00e8ne politique\u00a0\u00bb.<\/p>\n<p>\u00ab\u00a0L\u2019\u00e9cologie est un des enjeux majeurs pour une r\u00e9gion comme la n\u00f4tre, a ajout\u00e9 le pr\u00e9sident. Produire des \u00e9nergies renouvelables pour d\u00e9carboner nos trajectoires, pr\u00e9server les ressources en eau, la biodiversit\u00e9\u00a0: c\u2019est crucial. Nous sommes assez exemplaires dans l\u2019\u00e9lectricit\u00e9 renouvelable.\u00a0\u00bb<\/p>\n","protected":false},"excerpt":{"rendered":"Attaque au couteau \u00e0 Nantes Une premi\u00e8re r\u00e9action d\u2019\u00e9motion et de pragmatisme pour commencer. Franck Leroy, pr\u00e9sident de&hellip;\n","protected":false},"author":2,"featured_media":51745,"comment_status":"","ping_status":"","sticky":false,"template":"","format":"standard","meta":{"footnotes":""},"categories":[9635],"tags":[1111,11,33,1707,1704,1706,1705,11984,1777,674,1011,27,775,3540,6319,3457,2759,1702,1703,12,3541,316,1078,3456,25,104],"class_list":{"0":"post-51744","1":"post","2":"type-post","3":"status-publish","4":"format-standard","5":"has-post-thumbnail","7":"category-nancy","8":"tag-actu","9":"tag-actualites","10":"tag-economie","11":"tag-edition-luneville","12":"tag-edition-nancy-et-agglomeration","13":"tag-edition-pont-a-mousson","14":"tag-edition-toul","15":"tag-election-presidentielle","16":"tag-eu","17":"tag-europe","18":"tag-fr","19":"tag-france","20":"tag-grand-est","21":"tag-horizons","22":"tag-les-republicains","23":"tag-meurthe-et-moselle","24":"tag-modem","25":"tag-nancy","26":"tag-nancy-ville-54b","27":"tag-news","28":"tag-parti-socialiste","29":"tag-politique","30":"tag-rassemblement-national","31":"tag-region-lorraine","32":"tag-republique-francaise","33":"tag-societe"},"share_on_mastodon":{"url":"https:\/\/pubeurope.com\/@fr\/114398626008175824","error":""},"_links":{"self":[{"href":"https:\/\/www.europesays.com\/fr\/wp-json\/wp\/v2\/posts\/51744","targetHints":{"allow":["GET"]}}],"collection":[{"href":"https:\/\/www.europesays.com\/fr\/wp-json\/wp\/v2\/posts"}],"about":[{"href":"https:\/\/www.europesays.com\/fr\/wp-json\/wp\/v2\/types\/post"}],"author":[{"embeddable":true,"href":"https:\/\/www.europesays.com\/fr\/wp-json\/wp\/v2\/users\/2"}],"replies":[{"embeddable":true,"href":"https:\/\/www.europesays.com\/fr\/wp-json\/wp\/v2\/comments?post=51744"}],"version-history":[{"count":0,"href":"https:\/\/www.europesays.com\/fr\/wp-json\/wp\/v2\/posts\/51744\/revisions"}],"wp:featuredmedia":[{"embeddable":true,"href":"https:\/\/www.europesays.com\/fr\/wp-json\/wp\/v2\/media\/51745"}],"wp:attachment":[{"href":"https:\/\/www.europesays.com\/fr\/wp-json\/wp\/v2\/media?parent=51744"}],"wp:term":[{"taxonomy":"category","embeddable":true,"href":"https:\/\/www.europesays.com\/fr\/wp-json\/wp\/v2\/categories?post=51744"},{"taxonomy":"post_tag","embeddable":true,"href":"https:\/\/www.europesays.com\/fr\/wp-json\/wp\/v2\/tags?post=51744"}],"curies":[{"name":"wp","href":"https:\/\/api.w.org\/{rel}","templated":true}]}}