{"id":517445,"date":"2025-11-07T04:14:19","date_gmt":"2025-11-07T04:14:19","guid":{"rendered":"https:\/\/www.europesays.com\/fr\/517445\/"},"modified":"2025-11-07T04:14:19","modified_gmt":"2025-11-07T04:14:19","slug":"rugby-pro-d2-lailier-du-sua-iban-etcheverry-suspendu-4-semaines","status":"publish","type":"post","link":"https:\/\/www.europesays.com\/fr\/517445\/","title":{"rendered":"Rugby (Pro D2). L\u2019ailier du SUA Iban Etcheverry suspendu 4 semaines"},"content":{"rendered":"<p>Convoqu\u00e9 ce mercredi par la commission de discipline et des r\u00e8glements de la LNR, l\u2019ailier Iban Etcheverry conna\u00eet d\u00e9sormais sa sanction apr\u00e8s le carton orange \u00e9cop\u00e9 \u00e0 Valence-Romans pour un mauvais plaquage sur l\u2019arri\u00e8re dr\u00f4mois Moura. Il a \u00e9t\u00e9 reconnu responsable de \u00ab\u00a0jeu dangereux\u00a0\u00bb et plus particuli\u00e8rement de \u00ab\u00a0plaquer un adversaire par anticipation, \u00e0 retardement ou d\u2019une mani\u00e8re dangereuse (plaquer dangereusement comprend, entre autres, plaquer ou tenter de plaquer un adversaire au-dessus de la ligne des \u00e9paules, m\u00eame si le plaquage a d\u00e9but\u00e9 au-dessous de la ligne des \u00e9paules)\u00a0\u00bb.<\/p>\n","protected":false},"excerpt":{"rendered":"Convoqu\u00e9 ce mercredi par la commission de discipline et des r\u00e8glements de la LNR, l\u2019ailier Iban Etcheverry conna\u00eet&hellip;\n","protected":false},"author":2,"featured_media":517446,"comment_status":"","ping_status":"","sticky":false,"template":"","format":"standard","meta":{"footnotes":""},"categories":[1416],"tags":[1011,27,479,1468,60],"class_list":{"0":"post-517445","1":"post","2":"type-post","3":"status-publish","4":"format-standard","5":"has-post-thumbnail","7":"category-rugby","8":"tag-fr","9":"tag-france","10":"tag-rugby","11":"tag-rugby-football","12":"tag-sports"},"share_on_mastodon":{"url":"https:\/\/pubeurope.com\/@fr\/115506476744474519","error":""},"_links":{"self":[{"href":"https:\/\/www.europesays.com\/fr\/wp-json\/wp\/v2\/posts\/517445","targetHints":{"allow":["GET"]}}],"collection":[{"href":"https:\/\/www.europesays.com\/fr\/wp-json\/wp\/v2\/posts"}],"about":[{"href":"https:\/\/www.europesays.com\/fr\/wp-json\/wp\/v2\/types\/post"}],"author":[{"embeddable":true,"href":"https:\/\/www.europesays.com\/fr\/wp-json\/wp\/v2\/users\/2"}],"replies":[{"embeddable":true,"href":"https:\/\/www.europesays.com\/fr\/wp-json\/wp\/v2\/comments?post=517445"}],"version-history":[{"count":0,"href":"https:\/\/www.europesays.com\/fr\/wp-json\/wp\/v2\/posts\/517445\/revisions"}],"wp:featuredmedia":[{"embeddable":true,"href":"https:\/\/www.europesays.com\/fr\/wp-json\/wp\/v2\/media\/517446"}],"wp:attachment":[{"href":"https:\/\/www.europesays.com\/fr\/wp-json\/wp\/v2\/media?parent=517445"}],"wp:term":[{"taxonomy":"category","embeddable":true,"href":"https:\/\/www.europesays.com\/fr\/wp-json\/wp\/v2\/categories?post=517445"},{"taxonomy":"post_tag","embeddable":true,"href":"https:\/\/www.europesays.com\/fr\/wp-json\/wp\/v2\/tags?post=517445"}],"curies":[{"name":"wp","href":"https:\/\/api.w.org\/{rel}","templated":true}]}}