{"id":517458,"date":"2025-11-07T04:25:21","date_gmt":"2025-11-07T04:25:21","guid":{"rendered":"https:\/\/www.europesays.com\/fr\/517458\/"},"modified":"2025-11-07T04:25:21","modified_gmt":"2025-11-07T04:25:21","slug":"myrath-annonce-lalbum-wilderness-of-mirrors-et-devoile-un-premier-single-avec-elize-ryd","status":"publish","type":"post","link":"https:\/\/www.europesays.com\/fr\/517458\/","title":{"rendered":"Myrath annonce l&rsquo;album Wilderness of Mirrors et d\u00e9voile un premier single avec Elize Ryd"},"content":{"rendered":"<p><strong>Le groupe de <a href=\"https:\/\/www.metalzone.fr\/metal-progressif\/\" rel=\"nofollow noopener\" target=\"_blank\">metal progressif<\/a> <a href=\"https:\/\/www.metalzone.fr\/myrath\/\" rel=\"nofollow noopener\" target=\"_blank\">Myrath<\/a> vient d\u2019annoncer la sortie de son prochain album, Wilderness of Mirrors, attendu pour le 27 mars 2026. Pour marquer cette annonce, le groupe d\u00e9voile un premier single, Until The End, en duo avec Elize Ryd d\u2019<a href=\"https:\/\/www.metalzone.fr\/amaranthe\/\" rel=\"nofollow noopener\" target=\"_blank\">Amaranthe<\/a>.<\/strong><\/p>\n<p>Un nouveau single aux accents cin\u00e9matographiques<\/p>\n<p>Apr\u00e8s Karma, paru en mars 2024, Myrath poursuit sur sa lanc\u00e9e avec Wilderness of Mirrors, son septi\u00e8me album studio. Le groupe tuniso-fran\u00e7ais amorce ce nouveau chapitre avec le titre Until The End, enregistr\u00e9 en collaboration avec Elize Ryd, chanteuse du groupe su\u00e9dois Amaranthe.<\/p>\n<p>Ce morceau se pr\u00e9sente comme un duo dramatique, m\u00ealant les sonorit\u00e9s orientales caract\u00e9ristiques du groupe \u00e0 des \u00e9l\u00e9ments de <a href=\"https:\/\/www.metalzone.fr\/heavy-metal\/\" rel=\"nofollow noopener\" target=\"_blank\">metal<\/a> moderne. Il explore les tensions entre v\u00e9rit\u00e9 et illusion sur fond d\u2019arrangements puissants et d\u2019ambiances grandiloquentes. L\u2019ajout de la voix d\u2019Elize Ryd apporte une intensit\u00e9 suppl\u00e9mentaire au morceau.<\/p>\n<p>L\u2019album Wilderness of Mirrors comptera dix titres et s\u2019annonce comme une nouvelle \u00e9tape dans l\u2019\u00e9volution artistique de Myrath. La tracklist inclura notamment The Funeral, Les Enfants Du Soleil, ou encore Soul of My Soul.<\/p>\n<p>Tourn\u00e9e europ\u00e9enne sans escale en France<\/p>\n<p>Pour accompagner cette sortie, Myrath pr\u00e9voit une tourn\u00e9e europ\u00e9enne \u00e0 partir d\u2019avril 2026. Le groupe jouera dans seize pays, avec des passages en Allemagne, Pologne, Italie, et notamment en Suisse les 25 et 26 avril (Monthey et Soleure). \u00c0 ce jour, aucune date n\u2019a \u00e9t\u00e9 annonc\u00e9e en France ou en Belgique.<\/p>\n<p>Les <a href=\"https:\/\/myrath.lnk.to\/WildernessOfMirrors\" target=\"_blank\" rel=\"noopener nofollow\">pr\u00e9commandes<\/a> de l\u2019album Wilderness of Mirrors ainsi que les billets pour la tourn\u00e9e sont d\u00e9j\u00e0 disponibles.<\/p>\n<p>Tracklist de Wilderness of Mirrors :<\/p>\n<ol>\n<li>The Funeral<\/li>\n<li>Until The End<\/li>\n<li>Breathing Near the Roar<\/li>\n<li>Les Enfants Du Soleil<\/li>\n<li>Still the Dawn Will Come<\/li>\n<li>The Clown<\/li>\n<li>Soul of My Soul<\/li>\n<li>Edge of the Night<\/li>\n<li>Echoes of the Fallen<\/li>\n<li>Through the Seasons<\/li>\n<\/ol>\n<p>Until The End de Myrath avec Elize Ryd :<\/p>\n","protected":false},"excerpt":{"rendered":"Le groupe de metal progressif Myrath vient d\u2019annoncer la sortie de son prochain album, Wilderness of Mirrors, attendu&hellip;\n","protected":false},"author":2,"featured_media":517459,"comment_status":"","ping_status":"","sticky":false,"template":"","format":"standard","meta":{"footnotes":""},"categories":[1355],"tags":[58,59,1011,27,1361,873],"class_list":{"0":"post-517458","1":"post","2":"type-post","3":"status-publish","4":"format-standard","5":"has-post-thumbnail","7":"category-musique","8":"tag-divertissement","9":"tag-entertainment","10":"tag-fr","11":"tag-france","12":"tag-music","13":"tag-musique"},"share_on_mastodon":{"url":"https:\/\/pubeurope.com\/@fr\/115506520022041297","error":""},"_links":{"self":[{"href":"https:\/\/www.europesays.com\/fr\/wp-json\/wp\/v2\/posts\/517458","targetHints":{"allow":["GET"]}}],"collection":[{"href":"https:\/\/www.europesays.com\/fr\/wp-json\/wp\/v2\/posts"}],"about":[{"href":"https:\/\/www.europesays.com\/fr\/wp-json\/wp\/v2\/types\/post"}],"author":[{"embeddable":true,"href":"https:\/\/www.europesays.com\/fr\/wp-json\/wp\/v2\/users\/2"}],"replies":[{"embeddable":true,"href":"https:\/\/www.europesays.com\/fr\/wp-json\/wp\/v2\/comments?post=517458"}],"version-history":[{"count":0,"href":"https:\/\/www.europesays.com\/fr\/wp-json\/wp\/v2\/posts\/517458\/revisions"}],"wp:featuredmedia":[{"embeddable":true,"href":"https:\/\/www.europesays.com\/fr\/wp-json\/wp\/v2\/media\/517459"}],"wp:attachment":[{"href":"https:\/\/www.europesays.com\/fr\/wp-json\/wp\/v2\/media?parent=517458"}],"wp:term":[{"taxonomy":"category","embeddable":true,"href":"https:\/\/www.europesays.com\/fr\/wp-json\/wp\/v2\/categories?post=517458"},{"taxonomy":"post_tag","embeddable":true,"href":"https:\/\/www.europesays.com\/fr\/wp-json\/wp\/v2\/tags?post=517458"}],"curies":[{"name":"wp","href":"https:\/\/api.w.org\/{rel}","templated":true}]}}