{"id":517460,"date":"2025-11-07T04:26:51","date_gmt":"2025-11-07T04:26:51","guid":{"rendered":"https:\/\/www.europesays.com\/fr\/517460\/"},"modified":"2025-11-07T04:26:51","modified_gmt":"2025-11-07T04:26:51","slug":"documentaire-sur-trois-familles-dagriculteurs-semer-et-recolter-vendredi-au-cinema-de-laigle","status":"publish","type":"post","link":"https:\/\/www.europesays.com\/fr\/517460\/","title":{"rendered":"Documentaire sur trois familles d\u2019agriculteurs, \u00ab Semer et r\u00e9colter \u00bb vendredi au cin\u00e9ma de L\u2019Aigle"},"content":{"rendered":"<p>            Par<br \/>\n        <strong><br \/>\n            <a href=\"https:\/\/actu.fr\/auteur\/theo-boissonneau\" title=\"Consulter tous les articles de Theo Boissonneau\" rel=\"nofollow noopener\" target=\"_blank\">Theo Boissonneau<\/a><br \/>\n        <\/strong><\/p>\n<p>        Publi\u00e9 le<\/p>\n<p>            6 nov. 2025 \u00e0 7h20        <\/p>\n<p>En ao\u00fbt 2023 a d\u00e9but\u00e9 le tournage du documentaire \u00ab\u2009Semer et R\u00e9colter\u2009\u00bb. Le r\u00e9alisateur Eric Le Roch, un habitant de <a href=\"https:\/\/actu.fr\/centre-val-de-loire\/charbonnieres_28080\" rel=\"nofollow noopener\" target=\"_blank\">Charbonni\u00e8res (Eure-et-Loir)<\/a>, commence \u00e0 filmer le quotidien de ses voisins agriculteurs Mathieu et Mathias, qu\u2019il conna\u00eet depuis 20 ans.<\/p>\n<p class=\" wall-content\">De fil en aiguille, il se rapproche de deux autres familles d\u2019\u00e9leveurs-agriculteurs, afin d\u2019avoir un panel un peu plus large. Certains sont l\u00e0 depuis plusieurs g\u00e9n\u00e9rations, d\u2019autres viennent tout juste de s\u2019installer.<\/p>\n<p class=\" wall-content\">Durant pr\u00e8s de 90\u00a0jours de tournage, \u00e9tal\u00e9s sur un an, il les a accompagn\u00e9s avec sa cam\u00e9ra dans leurs travaux. Le documentaire sera diffus\u00e9 vendredi 7\u00a0novembre \u00e0 20\u2009h au cin\u00e9ma de <a href=\"https:\/\/actu.fr\/normandie\/l-aigle_61214\" rel=\"nofollow noopener\" target=\"_blank\">L\u2019Aigle (Orne)<\/a>, en pr\u00e9sence du r\u00e9alisateur.<\/p>\n<p class=\" wall-content\">Rencontre avec le r\u00e9alisateur d\u2019un film, \u00ab\u2009non pas sur l\u2019agriculture, mais sur les agriculteurs\u2009\u00bb.<\/p>\n<p class=\" wall-content\"><strong>A lire aussi<\/strong>\u2009<\/p>\n<p class=\" wall-content\">\u2022 <a href=\"https:\/\/actu.fr\/normandie\/l-aigle_61214\/pourquoi-ce-cinema-de-l-orne-a-accueilli-moins-de-spectateurs-cet-ete_63103068.html\" rel=\"nofollow noopener\" target=\"_blank\">Pourquoi ce cin\u00e9ma de l\u2019Orne a accueilli moins de spectateurs cet \u00e9t\u00e9<\/a><\/p>\n<p>Vid\u00e9os : en ce moment sur Actu<\/p>\n<p class=\"ac-article-content__question wall-content\">Le R\u00e9veil Normand\u2009: Comment est venue l\u2019id\u00e9e de faire un documentaire sur des agriculteurs\u2009?<\/p>\n<p class=\" wall-content\">Eric Le Roch. Dans ce que je voyais, on proposait toujours des arch\u00e9types un peu prononc\u00e9s ou des caricatures un peu forc\u00e9es.<\/p>\n<p class=\" wall-content\">Et j\u2019avais envie de montrer au quotidien que ce sont des gens extr\u00eamement r\u00e9silients, travailleurs et tr\u00e8s intelligents, parce qu\u2019ils sont en r\u00e9sonance avec les contraintes qu\u2019on leur impose.<\/p>\n<p>Votre r\u00e9gion, votre actu !<\/p>\n<p>Recevez chaque jour les infos qui comptent pour vous.<\/p>\n<p>\t<a href=\"https:\/\/actu.fr\/newsletter\" class=\"ac-btn ac-btn--corner ac-btn--medium ac-btn--blue800\" rel=\"nofollow noopener\" target=\"_blank\">S&rsquo;incrire<\/a><\/p>\n<p class=\" wall-content\">Il y a aussi une notion de transmission qui est extr\u00eamement pr\u00e9sente au quotidien. J\u2019avais envie de retranscrire la simplicit\u00e9 de ces gens qui nourrissent la France, c\u2019est une chose, mais surtout qui travaillent tous les jours, m\u00eame les week-ends.<\/p>\n<p class=\" wall-content\">On peut ne pas \u00eatre d\u2019accord avec des mod\u00e8les agricoles, ce n\u2019est pas le sujet du film. Mais en tout cas, on ne peut pas remettre en cause la force de conviction de l\u2019agriculteur qui, m\u00eame quand le vent est contre, continue \u00e0 marcher. J\u2019ai voulu faire un film sur la concorde, pas sur la discorde.<\/p>\n<p class=\" wall-content\"><strong>A lire aussi<\/strong>\u2009<\/p>\n<p class=\" wall-content\">\u2022 <a href=\"https:\/\/actu.fr\/centre-val-de-loire\/nogent-le-rotrou_28280\/un-film-des-agriculteurs-du-perche-en-avant-premiere-au-comice-du-perche-et-dunois-a-nogent-le-rotrou_62765528.html\" rel=\"nofollow noopener\" target=\"_blank\">Un film des agriculteurs du Perche en avant premi\u00e8re au comice du Perche et Dunois \u00e0 Nogent-le-Rotrou<\/a><\/p>\n<p class=\"ac-article-content__question wall-content\">Le film suit une histoire avec un sc\u00e9nario o\u00f9 se construit de mani\u00e8re chronologique\u2009?<\/p>\n<p class=\" wall-content\">On suit les agriculteurs de mani\u00e8re chronologique. Je suis l\u2019auteur du film, mais je ne suis pas le sc\u00e9nariste. Je me suis vraiment laiss\u00e9 porter par le quotidien, par leur vie r\u00e9elle.<\/p>\n<p class=\" wall-content\">Il y a eu de l\u2019humanit\u00e9, de tr\u00e8s belles choses qui ont affleur\u00e9, et c\u2019est ce qui fait la force du film. \u00c0 chaque fois que j\u2019ai \u00e9t\u00e9 pr\u00e9sent, que ce soit pour une heure ou pour une journ\u00e9e enti\u00e8re, j\u2019ai eu la sensation de ne pas rater de moments importants.<\/p>\n<p class=\" wall-content\">Il y a des sc\u00e8nes tr\u00e8s \u00e9tonnantes, on assiste \u00e0 une c\u00e9sarienne de vache qui n\u2019a jamais \u00e9t\u00e9 vue ni au cin\u00e9ma ni \u00e0 la t\u00e9l\u00e9. Les agriculteurs sont tr\u00e8s contents qu\u2019on montre \u00e7a parce que c\u2019est quelque chose qu\u2019ils vivent deux \u00e0 trois fois dans l\u2019ann\u00e9e et qui n\u2019est pas connu du grand public.<\/p>\n<p class=\" wall-content\"><strong>A lire aussi\u2009<\/strong><\/p>\n<p class=\" wall-content\">\u2022 <a href=\"https:\/\/actu.fr\/normandie\/breteuil_27112\/dans-eure-jean-fait-pousser-des-legumes-venus-amerique-du-sud-et-d-ailleurs_63379280.html\" rel=\"nofollow noopener\" target=\"_blank\">Dans l\u2019Eure, Jean fait pousser des l\u00e9gumes surprenants venus d\u2019Am\u00e9rique du sud et d\u2019ailleurs<\/a><\/p>\n<p class=\"ac-article-content__question wall-content\">La famille occupe une place pr\u00e9pond\u00e9rante dans ce documentaire<\/p>\n<p class=\" wall-content\">C\u2019est le hasard des rencontres, parce que j\u2019aurais pu filmer un agriculteur solitaire. Mais l\u00e0, le fait est que c\u2019est trois familles, une qui se cr\u00e9e et deux qui sont d\u00e9j\u00e0 install\u00e9es.<\/p>\n<p class=\" wall-content\">On s\u2019aper\u00e7oit que dans l\u2019agriculture, les femmes ont pris une place bien plus importante qu\u2019avant. Et les enfants, qu\u2019ils soient gar\u00e7ons ou filles, trouvent un travail en parall\u00e8le quand les parents sont encore en activit\u00e9, puis reprennent les exploitations.<\/p>\n<p class=\" wall-content\">Je trouvais \u00e7a assez positif \u00e0 montrer, et m\u00eame parfois \u00e9mouvant. Il y a un moment dans le film o\u00f9 l\u2019arri\u00e8re-grand-p\u00e8re de 94\u00a0ans, avec son \u00e9pouse qui en a 92, voit leur maison de jeunesse d\u00e9truite pour faire un hangar solaire.<\/p>\n<p class=\" wall-content\">Et il explique qu\u2019il est content de l\u2019avoir vu. C\u2019est le monde qui avance, et je trouve que \u00e7a fait partie des moments assez jolis du film.<\/p>\n<p class=\"ac-article-content__question wall-content\">Sur les derni\u00e8res ann\u00e9es, les documentaires et films sur l\u2019agriculture, comme \u00ab\u2009Au nom de la terre\u2009\u00bb par exemple, d\u00e9peignent souvent un secteur pr\u00e9caire o\u00f9 la d\u00e9pression r\u00e8gne. L\u2019id\u00e9e de votre documentaire \u00e9tait aussi de montrer qu\u2019il n\u2019y a pas que \u00e7a\u2009?<\/p>\n<p class=\" wall-content\">C\u2019est vrai, et en m\u00eame temps, on peut citer \u00ab\u2009La ferme des Bertrand\u2009\u00bb qui est sorti il n\u2019y a pas longtemps, o\u00f9 on montre une r\u00e9alit\u00e9 au long cours qui est un peu diff\u00e9rente.<\/p>\n<p class=\" wall-content\">\u00c0 mon avis, quel que soit le milieu socio-professionnel dans lequel vous \u00e9voluez, il y aura toujours des personnes en grande difficult\u00e9.<\/p>\n<p class=\" wall-content\"><strong>A lire aussi<\/strong>\u2009<\/p>\n<p class=\" wall-content\">\u2022 <a href=\"https:\/\/actu.fr\/occitanie\/toulouse_31555\/au-cinema-nom-terre-guillaume-canet-milieu-dun-monde-agricole-peril_27741052.html\" rel=\"nofollow noopener\" target=\"_blank\">AU CINEMA. \u00ab\u2009Au nom de la terre\u2009\u00bb, Guillaume Canet au milieu d\u2019un monde agricole en p\u00e9ril<\/a><\/p>\n<p class=\" wall-content\">Aujourd\u2019hui, les agriculteurs sont repr\u00e9sent\u00e9s comme des gens qui polluent les sols, avec un bien-\u00eatre animal qui n\u2019est souvent pas respect\u00e9, des difficult\u00e9s financi\u00e8res et des taux de suicide tr\u00e8s importants.<\/p>\n<p class=\" wall-content\">Tout cela est vrai. Mais il est repr\u00e9sent\u00e9 dans une mesure qui n\u2019est pas la mesure r\u00e9elle. C\u2019est-\u00e0-dire que vous n\u2019avez pas 80\u2009% des agriculteurs qui vont se suicider, qui ont des difficult\u00e9s financi\u00e8res, qui polluent leurs terres et qui font du mal \u00e0 leurs b\u00eates.<\/p>\n<p class=\" wall-content\">Les voisins que je montre sont des gens qui ont trouv\u00e9 des solutions pour faire vivre leur famille, pour p\u00e9renniser leurs exploitations, et qui sont globalement, m\u00eame si c\u2019est complexe, heureux et passionn\u00e9s de faire leur m\u00e9tier.<\/p>\n<p class=\" wall-content\"><strong>A lire aussi\u2009<\/strong><\/p>\n<p class=\" wall-content\">\u2022 <a href=\"https:\/\/actu.fr\/normandie\/mauves-sur-huisne_61255\/agricultrice-dans-le-perche-elle-repond-aux-questions-du-realisateur-d-au-nom-de-la-terre_40462538.html\" rel=\"nofollow noopener\" target=\"_blank\">Agricultrice dans le Perche, elle r\u00e9pond aux questions du r\u00e9alisateur d\u2019Au nom de la terre<\/a><\/p>\n<p class=\" wall-content\">Dans \u00ab\u2009Au nom de la terre\u2009\u00bb, le r\u00e9alisateur \u00c9douard Bergeon parle d\u2019une exp\u00e9rience v\u00e9cue, celle de son p\u00e8re. C\u2019est tr\u00e8s int\u00e9ressant et tr\u00e8s important de montrer \u00e7a, parce que c\u2019est une r\u00e9alit\u00e9.<\/p>\n<p class=\" wall-content\">Mais il y a aussi une autre r\u00e9alit\u00e9 de gens qui vont bien. Beaucoup d\u2019agriculteurs qui ont vu le film sont venus me voir et m\u2019ont dit \u00ab\u2009merci de montrer ce qu\u2019on est vraiment\u2009\u00bb.<\/p>\n<p><strong>Pratique<\/strong><br \/>Vendredi 7\u00a0novembre \u00e0 20\u2009h au cin\u00e9ma de L\u2019Aigle, s\u00e9ance suivie d\u2019un d\u00e9bat en pr\u00e9sence du r\u00e9alisateur Eric Le Roch<\/p>\n<p class=\" wall-content\">Personnalisez votre actualit\u00e9 en ajoutant vos villes et m\u00e9dias en favori avec <a href=\"https:\/\/moncompte.actu.fr\" title=\"D\u00e9couvez Mon Actu\" rel=\"nofollow noopener\" data-trk=\"{&quot;cta&quot;:{&quot;action&quot;:&quot;https:\\\/\\\/moncompte.actu.fr&quot;,&quot;category&quot;:&quot;mon compte&quot;,&quot;from&quot;:&quot;article footer&quot;,&quot;name&quot;:&quot;Mon actu&quot;,&quot;type&quot;:&quot;cta&quot;}}\" target=\"_blank\">Mon Actu<\/a>.<\/p>\n","protected":false},"excerpt":{"rendered":"Par Theo Boissonneau Publi\u00e9 le 6 nov. 2025 \u00e0 7h20 En ao\u00fbt 2023 a d\u00e9but\u00e9 le tournage du&hellip;\n","protected":false},"author":2,"featured_media":517461,"comment_status":"","ping_status":"","sticky":false,"template":"","format":"standard","meta":{"footnotes":""},"categories":[1354],"tags":[61588,327,650,58,59,1346,1011,27,1360,63784],"class_list":{"0":"post-517460","1":"post","2":"type-post","3":"status-publish","4":"format-standard","5":"has-post-thumbnail","7":"category-films","8":"tag-a-voir-au-cinema","9":"tag-agriculture","10":"tag-cinema","11":"tag-divertissement","12":"tag-entertainment","13":"tag-films","14":"tag-fr","15":"tag-france","16":"tag-movies","17":"tag-parc-naturel-regional-du-perche"},"share_on_mastodon":{"url":"https:\/\/pubeurope.com\/@fr\/115506527945342772","error":""},"_links":{"self":[{"href":"https:\/\/www.europesays.com\/fr\/wp-json\/wp\/v2\/posts\/517460","targetHints":{"allow":["GET"]}}],"collection":[{"href":"https:\/\/www.europesays.com\/fr\/wp-json\/wp\/v2\/posts"}],"about":[{"href":"https:\/\/www.europesays.com\/fr\/wp-json\/wp\/v2\/types\/post"}],"author":[{"embeddable":true,"href":"https:\/\/www.europesays.com\/fr\/wp-json\/wp\/v2\/users\/2"}],"replies":[{"embeddable":true,"href":"https:\/\/www.europesays.com\/fr\/wp-json\/wp\/v2\/comments?post=517460"}],"version-history":[{"count":0,"href":"https:\/\/www.europesays.com\/fr\/wp-json\/wp\/v2\/posts\/517460\/revisions"}],"wp:featuredmedia":[{"embeddable":true,"href":"https:\/\/www.europesays.com\/fr\/wp-json\/wp\/v2\/media\/517461"}],"wp:attachment":[{"href":"https:\/\/www.europesays.com\/fr\/wp-json\/wp\/v2\/media?parent=517460"}],"wp:term":[{"taxonomy":"category","embeddable":true,"href":"https:\/\/www.europesays.com\/fr\/wp-json\/wp\/v2\/categories?post=517460"},{"taxonomy":"post_tag","embeddable":true,"href":"https:\/\/www.europesays.com\/fr\/wp-json\/wp\/v2\/tags?post=517460"}],"curies":[{"name":"wp","href":"https:\/\/api.w.org\/{rel}","templated":true}]}}