{"id":517466,"date":"2025-11-07T04:29:16","date_gmt":"2025-11-07T04:29:16","guid":{"rendered":"https:\/\/www.europesays.com\/fr\/517466\/"},"modified":"2025-11-07T04:29:16","modified_gmt":"2025-11-07T04:29:16","slug":"ex-de-cnews-et-complice-de-nathan-devers-paul-melun-rejoint-telematin","status":"publish","type":"post","link":"https:\/\/www.europesays.com\/fr\/517466\/","title":{"rendered":"Ex de CNews et complice de Nathan Devers, Paul Melun rejoint \u00ab\u00a0T\u00e9l\u00e9matin\u00a0\u00bb"},"content":{"rendered":"<p class=\"paragraph text_align_left lp-f-body-02\">Paul Melun prend du galon \u00e0 France T\u00e9l\u00e9visions. Selon nos informations, l\u2019auteur de \u00ab Lib\u00e9rez la gauche ! \u00bb va int\u00e9grer d\u00e8s ce vendredi la bande de \u00ab T\u00e9l\u00e9matin \u00bb sur France 2. Chaque fin de semaine, dans cette version de la matinale de la Deux pr\u00e9sent\u00e9e <a href=\"https:\/\/www.leparisien.fr\/culture-loisirs\/tv\/cest-un-super-choix-melanie-taravant-de-lopera-de-paris-a-la-presentation-du-13-heures-de-france-2-20-10-2025-QBF3QDGN6JFMZA3JY3RYA6IX3E.php\" target=\"_blank\" rel=\"noreferrer nofollow noopener\">par M\u00e9lanie Taravant<\/a> et Samuel Ollivier, il incarnera \u00ab Le pour et le contre \u00bb, une chronique lors de laquelle il reviendra sur une actualit\u00e9 d\u00e9crypt\u00e9e \u00e0 travers des arguments pour et des arguments contre. \u00ab Au t\u00e9l\u00e9spectateur ensuite de se faire son id\u00e9e \u00bb, r\u00e9sume l\u2019essayiste, citant comme exemples de possibles sujets la taxe Zucman ou le cas Shein.<\/p>\n<p class=\"paragraph text_align_left lp-f-body-02\">Ce nouveau rendez-vous s\u2019ajoute \u00e0 celui du m\u00eame nom qu\u2019il incarne depuis la rentr\u00e9e sur France Info de 22h \u00e0 23h les vendredis, samedis et dimanches. En compagnie de Claire-Elisabeth Beaufort, Paul Melun y d\u00e9bat sur le canal 16 des sujets d\u2019actualit\u00e9 avec son \u00ab ami \u00bb Nathan Devers. Les deux anciens visages de CNews y re\u00e7oivent aussi un invit\u00e9 \u00e0 chaque \u00e9mission. \u00ab Une \u00e9mission qui veut montrer que le d\u00e9bat d\u2019id\u00e9es, quand il est exigeant, est la chose la plus populaire qui soit \u00bb, <a href=\"https:\/\/www.leparisien.fr\/culture-loisirs\/tv\/nathan-devers-et-paul-melun-quittent-cnews-envisager-autrement-notre-participation-au-debat-public-03-08-2025-YEWLOK6MR5B6PHWMVI6WEXSNDY.php\" target=\"_blank\" rel=\"noreferrer nofollow noopener\">r\u00e9sumait le tandem cet \u00e9t\u00e9<\/a>.<\/p>\n<p class=\"paragraph text_align_left lp-f-body-02\">\u00c2g\u00e9 de 27 ans, Nathan Devers est lui aussi visible sur une autre antenne du service public, <a href=\"https:\/\/www.leparisien.fr\/culture-loisirs\/tv\/notre-porte-nest-fermee-a-personne-apres-cnews-nathan-devers-rejoint-c-ce-soir-02-09-2025-3RNYDPK63NC5NBGWDMOJHYIBHI.php\" target=\"_blank\" rel=\"noreferrer nofollow noopener\">sur France 5<\/a> cette fois. Depuis la rentr\u00e9e, l\u2019auteur du roman \u00ab Les Liens artificiels \u00bb participe \u00e0 la quatri\u00e8me saison de \u00ab C ce soir \u00bb, l\u2019\u00e9mission quotidienne de d\u00e9bats anim\u00e9e par <a href=\"https:\/\/www.leparisien.fr\/culture-loisirs\/tv\/plein-le-cul-de-tous-ces-bicots-le-journaliste-karim-rissouli-publie-une-lettre-raciste-recue-a-son-domicile-25-06-2024-LGOBVSMJBZGHRB6W53DK5JWQTA.php\" rel=\"nofollow noopener\" target=\"_blank\">Karim Rissouli<\/a>. Il est ainsi l\u2019un de ses chroniqueurs au m\u00eame titre que Camille Diao Laure Adler ou Arthur Chevalier.<\/p>\n","protected":false},"excerpt":{"rendered":"Paul Melun prend du galon \u00e0 France T\u00e9l\u00e9visions. Selon nos informations, l\u2019auteur de \u00ab Lib\u00e9rez la gauche !&hellip;\n","protected":false},"author":2,"featured_media":517467,"comment_status":"","ping_status":"","sticky":false,"template":"","format":"standard","meta":{"footnotes":""},"categories":[8],"tags":[872,58,59,1011,27,2205],"class_list":{"0":"post-517466","1":"post","2":"type-post","3":"status-publish","4":"format-standard","5":"has-post-thumbnail","7":"category-divertissement","8":"tag-culture-et-loisirs","9":"tag-divertissement","10":"tag-entertainment","11":"tag-fr","12":"tag-france","13":"tag-television-medias"},"share_on_mastodon":{"url":"https:\/\/pubeurope.com\/@fr\/115506535984052011","error":""},"_links":{"self":[{"href":"https:\/\/www.europesays.com\/fr\/wp-json\/wp\/v2\/posts\/517466","targetHints":{"allow":["GET"]}}],"collection":[{"href":"https:\/\/www.europesays.com\/fr\/wp-json\/wp\/v2\/posts"}],"about":[{"href":"https:\/\/www.europesays.com\/fr\/wp-json\/wp\/v2\/types\/post"}],"author":[{"embeddable":true,"href":"https:\/\/www.europesays.com\/fr\/wp-json\/wp\/v2\/users\/2"}],"replies":[{"embeddable":true,"href":"https:\/\/www.europesays.com\/fr\/wp-json\/wp\/v2\/comments?post=517466"}],"version-history":[{"count":0,"href":"https:\/\/www.europesays.com\/fr\/wp-json\/wp\/v2\/posts\/517466\/revisions"}],"wp:featuredmedia":[{"embeddable":true,"href":"https:\/\/www.europesays.com\/fr\/wp-json\/wp\/v2\/media\/517467"}],"wp:attachment":[{"href":"https:\/\/www.europesays.com\/fr\/wp-json\/wp\/v2\/media?parent=517466"}],"wp:term":[{"taxonomy":"category","embeddable":true,"href":"https:\/\/www.europesays.com\/fr\/wp-json\/wp\/v2\/categories?post=517466"},{"taxonomy":"post_tag","embeddable":true,"href":"https:\/\/www.europesays.com\/fr\/wp-json\/wp\/v2\/tags?post=517466"}],"curies":[{"name":"wp","href":"https:\/\/api.w.org\/{rel}","templated":true}]}}