{"id":517472,"date":"2025-11-07T04:32:12","date_gmt":"2025-11-07T04:32:12","guid":{"rendered":"https:\/\/www.europesays.com\/fr\/517472\/"},"modified":"2025-11-07T04:32:12","modified_gmt":"2025-11-07T04:32:12","slug":"trump-annonce-quune-force-internationale-sera-deployee-tres-bientot","status":"publish","type":"post","link":"https:\/\/www.europesays.com\/fr\/517472\/","title":{"rendered":"Trump annonce qu\u2019une force internationale sera d\u00e9ploy\u00e9e \u00ab\u00a0tr\u00e8s bient\u00f4t\u00a0\u00bb"},"content":{"rendered":"<p><a href=\"https:\/\/www.20minutes.fr\/dossier\/donald_trump\" target=\"_blank\" class=\"c-link c-link--is-underlined\" rel=\"noopener\">Donald Trump<\/a> a annonc\u00e9 jeudi qu\u2019une force internationale serait d\u00e9ploy\u00e9e \u00ab\u00a0tr\u00e8s bient\u00f4t\u00a0\u00bb \u00e0 <a href=\"https:\/\/www.20minutes.fr\/monde\/gaza\/\" target=\"_blank\" class=\"c-link c-link--is-underlined\" rel=\"noopener\">Gaza<\/a>, dans le cadre de son plan de paix soutenu par les <a href=\"https:\/\/www.20minutes.fr\/monde\/etats-unis\/\" target=\"_blank\" class=\"c-link c-link--is-underlined\" rel=\"noopener\">Etats-Unis<\/a> \u00e0 l\u2019<a href=\"https:\/\/www.20minutes.fr\/monde\/onu\/\" target=\"_blank\" class=\"c-link c-link--is-underlined\" rel=\"noopener\">ONU<\/a>. \u00ab\u00a0Tr\u00e8s bient\u00f4t. \u00c7a va arriver tr\u00e8s bient\u00f4t. Et \u00e7a se passe bien \u00e0 Gaza\u00a0\u00bb, a d\u00e9clar\u00e9 le pr\u00e9sident am\u00e9ricain, pr\u00e9cisant que plusieurs pays s\u2019\u00e9taient port\u00e9s volontaires pour intervenir \u00ab\u00a0en cas de probl\u00e8me avec le <a href=\"https:\/\/www.20minutes.fr\/monde\/hamas\/\" target=\"_blank\" class=\"c-link c-link--is-underlined\" rel=\"noopener\">Hamas<\/a>, par exemple, ou pour tout autre probl\u00e8me\u00a0\u00bb.<\/p>\n<p>Mercredi, Washington avait pr\u00e9sent\u00e9 \u00e0 des partenaires un projet de r\u00e9solution au Conseil de s\u00e9curit\u00e9 pour appuyer ce plan. L\u2019ambassadeur Mike Waltz a r\u00e9uni les dix membres \u00e9lus du Conseil ainsi que l\u2019Egypte, le Qatar, les Emirats arabes unis, l\u2019Arabie saoudite et la Turquie, \u00e9voquant un large \u00ab\u00a0soutien r\u00e9gional\u00a0\u00bb \u00e0 cette initiative.<\/p>\n<\/p>\n<p>Une coalition pour la s\u00e9curit\u00e9 et la reconstruction<\/p>\n<p>Selon des sources diplomatiques, plusieurs pays, dont l\u2019Indon\u00e9sie, ont d\u00e9j\u00e0 fait savoir qu\u2019ils \u00e9taient pr\u00eats \u00e0 participer \u00e0 cette force de stabilisation (ISF), \u00e0 condition d\u2019obtenir un mandat du Conseil de s\u00e9curit\u00e9.<\/p>\n<p><a href=\"https:\/\/www.20minutes.fr\/monde\/gaza\/\" target=\"_blank\" class=\"c-link c-btn c-btn--primary\" rel=\"noopener\">Notre dossier sur Gaza<\/a><\/p>\n<p>Ce dispositif, pr\u00e9vu dans l\u2019accord de cessez-le-feu du 10\u00a0octobre, interviendra \u00e0 mesure que l\u2019<a href=\"https:\/\/www.20minutes.fr\/dossier\/armee_israelienne\" target=\"_blank\" class=\"c-link c-link--is-underlined\" rel=\"noopener\">arm\u00e9e isra\u00e9lienne<\/a> se retirera de Gaza. Majoritairement compos\u00e9e de pays arabes et musulmans, la coalition devra superviser la s\u00e9curit\u00e9 et accompagner la reconstruction d\u2019un territoire encore ravag\u00e9 par deux ann\u00e9es de guerre.<\/p>\n","protected":false},"excerpt":{"rendered":"Donald Trump a annonc\u00e9 jeudi qu\u2019une force internationale serait d\u00e9ploy\u00e9e \u00ab\u00a0tr\u00e8s bient\u00f4t\u00a0\u00bb \u00e0 Gaza, dans le cadre de&hellip;\n","protected":false},"author":2,"featured_media":517473,"comment_status":"","ping_status":"","sticky":false,"template":"","format":"standard","meta":{"footnotes":""},"categories":[5],"tags":[47,11,1813,75,73,1011,27,665,3519,14,664,74,3257,12,3521,28],"class_list":{"0":"post-517472","1":"post","2":"type-post","3":"status-publish","4":"format-standard","5":"has-post-thumbnail","7":"category-international","8":"tag-actualite","9":"tag-actualites","10":"tag-armee","11":"tag-donald-trump","12":"tag-etats-unis","13":"tag-fr","14":"tag-france","15":"tag-gaza","16":"tag-hamas","17":"tag-international","18":"tag-israel","19":"tag-monde","20":"tag-moyen-orient","21":"tag-news","22":"tag-onu","23":"tag-world"},"share_on_mastodon":{"url":"https:\/\/pubeurope.com\/@fr\/115506547535809764","error":""},"_links":{"self":[{"href":"https:\/\/www.europesays.com\/fr\/wp-json\/wp\/v2\/posts\/517472","targetHints":{"allow":["GET"]}}],"collection":[{"href":"https:\/\/www.europesays.com\/fr\/wp-json\/wp\/v2\/posts"}],"about":[{"href":"https:\/\/www.europesays.com\/fr\/wp-json\/wp\/v2\/types\/post"}],"author":[{"embeddable":true,"href":"https:\/\/www.europesays.com\/fr\/wp-json\/wp\/v2\/users\/2"}],"replies":[{"embeddable":true,"href":"https:\/\/www.europesays.com\/fr\/wp-json\/wp\/v2\/comments?post=517472"}],"version-history":[{"count":0,"href":"https:\/\/www.europesays.com\/fr\/wp-json\/wp\/v2\/posts\/517472\/revisions"}],"wp:featuredmedia":[{"embeddable":true,"href":"https:\/\/www.europesays.com\/fr\/wp-json\/wp\/v2\/media\/517473"}],"wp:attachment":[{"href":"https:\/\/www.europesays.com\/fr\/wp-json\/wp\/v2\/media?parent=517472"}],"wp:term":[{"taxonomy":"category","embeddable":true,"href":"https:\/\/www.europesays.com\/fr\/wp-json\/wp\/v2\/categories?post=517472"},{"taxonomy":"post_tag","embeddable":true,"href":"https:\/\/www.europesays.com\/fr\/wp-json\/wp\/v2\/tags?post=517472"}],"curies":[{"name":"wp","href":"https:\/\/api.w.org\/{rel}","templated":true}]}}