{"id":517478,"date":"2025-11-07T04:35:15","date_gmt":"2025-11-07T04:35:15","guid":{"rendered":"https:\/\/www.europesays.com\/fr\/517478\/"},"modified":"2025-11-07T04:35:15","modified_gmt":"2025-11-07T04:35:15","slug":"prison-de-la-talaudiere-par-drone-elles-livraient-des-colis-a-des-detenus","status":"publish","type":"post","link":"https:\/\/www.europesays.com\/fr\/517478\/","title":{"rendered":"Prison de La Talaudi\u00e8re : par drone, elles livraient des colis \u00e0 des d\u00e9tenus"},"content":{"rendered":"<p>Deux femmes ont \u00e9t\u00e9 interpell\u00e9es par la police \u00e0 proximit\u00e9 de la prison de la Talaudi\u00e8re le mercredi 5 novembre. Elles ont \u00e9t\u00e9 surprises en train de livrer des colis par drone \u00e0 des prisonniers.<\/p>\n<p>C&rsquo;est une pratique malheureusement tr\u00e8s r\u00e9pandue autour des prisons fran\u00e7aises. Mercredi 5 novembre, <b>deux femmes de 20 et 23 ans ont \u00e9t\u00e9 interpell\u00e9es<\/b> pr\u00e8s de la prison de <b>La Talaudi\u00e8re<\/b>, \u00e0 c\u00f4t\u00e9 de Saint-\u00c9tienne.<\/p>\n<p>Elles livraient des cigarettes aux d\u00e9tenus<\/p>\n<p>Ce sont des agents de la BAC (Brigade anticriminalit\u00e9) qui ont rep\u00e9r\u00e9 les deux suspectes vers 1h30 du matin.<\/p>\n<p>Ces derni\u00e8res accrochaient \u00e0 un drone des colis contenant <b>des cigarettes<\/b>, <b>des allumettes<\/b> et <b>des feuilles de tabac \u00e0 rouler<\/b>.<\/p>\n<p>Selon <a class=\"url\" href=\"https:\/\/www.leprogres.fr\/faits-divers-justice\/2025\/11\/06\/les-pilotes-du-drone-qui-livraient-a-la-prison-etaient-des-femmes\" target=\"_blank\" rel=\"noopener\">Le Progr\u00e8s<\/a>, les deux femmes ont fait l&rsquo;objet d&rsquo;une comparution sur reconnaissance pr\u00e9alable de culpabilit\u00e9. Elles seront prochainement convoqu\u00e9es devant la justice. Par ailleurs, leur drone a \u00e9t\u00e9 saisi par la police.<\/p>\n<p><img loading=\"lazy\" decoding=\"async\" src=\"https:\/\/www.europesays.com\/fr\/wp-content\/uploads\/2025\/11\/1762490115_562_img\" width=\"350\" height=\"200\" border=\"0\" title=\"Le groupe scolaire Thomas Pesquet, \u00c3\u00a0 Villerest (Loire)\"\/><\/p>\n<p>\u25baFaits divers<\/p>\n<p style=\"font-size: 22px;\"><b>Agressions sexuelles dans une \u00e9cole de la Loire : plusieurs plaintes d\u00e9pos\u00e9es<\/b><\/p>\n<p>Plusieurs \u00e9l\u00e8ves de l&rsquo;\u00e9cole \u00e9l\u00e9mentaire Thomas&#8230;<\/p>\n<p><\/p>\n","protected":false},"excerpt":{"rendered":"Deux femmes ont \u00e9t\u00e9 interpell\u00e9es par la police \u00e0 proximit\u00e9 de la prison de la Talaudi\u00e8re le mercredi&hellip;\n","protected":false},"author":2,"featured_media":517479,"comment_status":"","ping_status":"","sticky":false,"template":"","format":"standard","meta":{"footnotes":""},"categories":[9653],"tags":[1111,11,2430,8056,2024,1777,674,6017,1011,27,12,63791,807,25,9920,4001],"class_list":{"0":"post-517478","1":"post","2":"type-post","3":"status-publish","4":"format-standard","5":"has-post-thumbnail","7":"category-saint-etienne","8":"tag-actu","9":"tag-actualites","10":"tag-auvergne-rhone-alpes","11":"tag-cigarettes","12":"tag-drones","13":"tag-eu","14":"tag-europe","15":"tag-fait-divers","16":"tag-fr","17":"tag-france","18":"tag-news","19":"tag-prison-de-la-talaudire","20":"tag-prisonniers","21":"tag-republique-francaise","22":"tag-saint-tienne","23":"tag-saint-etienne"},"share_on_mastodon":{"url":"https:\/\/pubeurope.com\/@fr\/115506559816782664","error":""},"_links":{"self":[{"href":"https:\/\/www.europesays.com\/fr\/wp-json\/wp\/v2\/posts\/517478","targetHints":{"allow":["GET"]}}],"collection":[{"href":"https:\/\/www.europesays.com\/fr\/wp-json\/wp\/v2\/posts"}],"about":[{"href":"https:\/\/www.europesays.com\/fr\/wp-json\/wp\/v2\/types\/post"}],"author":[{"embeddable":true,"href":"https:\/\/www.europesays.com\/fr\/wp-json\/wp\/v2\/users\/2"}],"replies":[{"embeddable":true,"href":"https:\/\/www.europesays.com\/fr\/wp-json\/wp\/v2\/comments?post=517478"}],"version-history":[{"count":0,"href":"https:\/\/www.europesays.com\/fr\/wp-json\/wp\/v2\/posts\/517478\/revisions"}],"wp:featuredmedia":[{"embeddable":true,"href":"https:\/\/www.europesays.com\/fr\/wp-json\/wp\/v2\/media\/517479"}],"wp:attachment":[{"href":"https:\/\/www.europesays.com\/fr\/wp-json\/wp\/v2\/media?parent=517478"}],"wp:term":[{"taxonomy":"category","embeddable":true,"href":"https:\/\/www.europesays.com\/fr\/wp-json\/wp\/v2\/categories?post=517478"},{"taxonomy":"post_tag","embeddable":true,"href":"https:\/\/www.europesays.com\/fr\/wp-json\/wp\/v2\/tags?post=517478"}],"curies":[{"name":"wp","href":"https:\/\/api.w.org\/{rel}","templated":true}]}}