{"id":517480,"date":"2025-11-07T04:36:18","date_gmt":"2025-11-07T04:36:18","guid":{"rendered":"https:\/\/www.europesays.com\/fr\/517480\/"},"modified":"2025-11-07T04:36:18","modified_gmt":"2025-11-07T04:36:18","slug":"troyes-en-danger-bastia-bon-dernier-le-point-avant-la-14e-journee","status":"publish","type":"post","link":"https:\/\/www.europesays.com\/fr\/517480\/","title":{"rendered":"Troyes en danger, Bastia bon dernier&#8230; Le point avant la 14e journ\u00e9e"},"content":{"rendered":"<p>\n    L\u2019ESTAC est suivi de pr\u00e8s par le Red Star au classement de Ligue 2. La rencontre avec l\u2019ASSE pourrait leur faire perdre la premi\u00e8re place. Le point avant la 14e journ\u00e9e de championnat.<\/p>\n<p class=\"fig-paragraph\">La premi\u00e8re place de Ligue 2 est tr\u00e8s disput\u00e9e. Le dauphin Red Star, \u00e0 l&rsquo;aff\u00fbt samedi d&rsquo;un faux pas du leader troyen qui re\u00e7oit\u00a0<a href=\"http:\/\/www.lefigaro.fr\/sports\/football\/ligue-2-huis-clos-pour-le-kop-sud-de-l-as-saint-etienne-jusqu-en-2026-20251106\" target=\"_blank\" data-fig-type=\"NewsFlash\" rel=\"noopener\" data-gtm-custom-categorie=\"navigation\" data-gtm-custom-action=\"crossclick\" data-gtm-custom-label=\"Contextuel\" data-gtm-event=\"customEventSPE\" data-fig-domain=\"LEFIGARO\">Saint-\u00c9tienne<\/a>, va tenter de prendre la t\u00eate du classement de Ligue 2 en recevant Le Mans lors de la 14e journ\u00e9e.<\/p>\n<p class=\"fig-paragraph\">S&rsquo;ils s&rsquo;inclinent au Stade de l&rsquo;Aube devant les Verts (3e), les Troyens pourraient bien perdre leur premi\u00e8re place au profit du Red Star (2e). Seule condition: que les joueurs de Saint-Ouen battent les Manceaux (6e) samedi au stade Marie-Marvingt.<\/p>\n<p>                                    <a class=\"fig-a11y-skip a11y-hidden\" href=\"#fig-a11y-skip-main-inarticle\"><br \/>\n        Passer la publicit\u00e9<br \/>\n    <\/a><\/p>\n<p class=\"fig-paragraph\">Les joueurs de l&rsquo;ESTAC, invaincus depuis neuf matches, seront d&rsquo;autant plus en danger qu&rsquo;ils seront priv\u00e9s du meilleur buteur du championnat Tawfik Bentayeb, suspendu apr\u00e8s son carton rouge \u00e0 Pau lors (1-1).<\/p>\n<p class=\"fig-paragraph\">\u00abL&rsquo;ESTAC est une \u00e9quipe solide, avec un bel \u00e9tat d&rsquo;esprit. C&rsquo;est une \u00e9quipe patiente, qui propose de la vari\u00e9t\u00e9, et qu&rsquo;on sait de qualit\u00e9 depuis le match de pr\u00e9-saison disput\u00e9 cet \u00e9t\u00e9\u00bb, a pr\u00e9venu l&rsquo;entra\u00eeneur de l&rsquo;ASSE, le Norv\u00e9gien Eirik Horneland.<\/p>\n<p class=\"fig-paragraph\">\u00c0 la quatri\u00e8me place du classement, Pau, qui avait pourtant bien commenc\u00e9 la saison, est en perte de vitesse apr\u00e8s deux nuls et deux d\u00e9faites et se d\u00e9place samedi \u00e0 Guingamp (9e) pour tenter de se donner de l&rsquo;air.<\/p>\n<p class=\"fig-paragraph\"><a href=\"http:\/\/www.lefigaro.fr\/sports\/football\/ligue-2-reporte-a-cause-de-la-tempete-benjamin-le-match-entre-bastia-et-laval-reprogramme-fin-novembre-20251105\" target=\"_blank\" data-fig-type=\"NewsFlash\" rel=\"noopener\" data-gtm-custom-categorie=\"navigation\" data-gtm-custom-action=\"crossclick\" data-gtm-custom-label=\"Contextuel\" data-gtm-event=\"customEventSPE\" data-fig-domain=\"LEFIGARO\">Bastia (18e)\u00a0<\/a>et Laval (17e), qui naviguent toujours dans les profondeurs du classement, affronteront eux respectivement Reims (8e) et Nancy (13e) vendredi.<\/p>\n<p class=\"fig-paragraph\">La lanterne rouge Bastia vient tout juste de remporter son premier match de la saison samedi face \u00e0 Clermont (1-0) et esp\u00e8re voir enfin le vent tourner en sa faveur.<\/p>\n<p>                                    <a class=\"fig-a11y-skip a11y-hidden\" href=\"#fig-a11y-skip-main-inarticle_mtf\"><br \/>\n        Passer la publicit\u00e9<br \/>\n    <\/a><\/p>\n<p class=\"fig-paragraph\">\u00abL&rsquo;atmosph\u00e8re de travail a chang\u00e9, et tout le monde est plus heureux\u00bb, a affirm\u00e9 le nouvel entra\u00eeneur bastiais Michel Moretti, qui assure l&rsquo;int\u00e9rim apr\u00e8s le limogeage de Beno\u00eet Tavenot la veille de la victoire contre Clermont.<\/p>\n<p class=\"fig-paragraph\">Les deux derniers de la classe sont devanc\u00e9s de peu par Boulogne-sur-Mer (16e, 11 pts), qui se d\u00e9placera vendredi \u00e0 Dunkerque, une \u00e9quipe pass\u00e9e ma\u00eetre dans l&rsquo;art de couper des t\u00eates en dominant plusieurs formations du haut de tableau (Troyes, Pau, le Red Star, Reims).<\/p>\n","protected":false},"excerpt":{"rendered":"L\u2019ESTAC est suivi de pr\u00e8s par le Red Star au classement de Ligue 2. La rencontre avec l\u2019ASSE&hellip;\n","protected":false},"author":2,"featured_media":517481,"comment_status":"","ping_status":"","sticky":false,"template":"","format":"standard","meta":{"footnotes":""},"categories":[9653],"tags":[1111,11,444,2430,5621,1777,674,1011,27,446,12,25,4001,1964],"class_list":{"0":"post-517480","1":"post","2":"type-post","3":"status-publish","4":"format-standard","5":"has-post-thumbnail","7":"category-saint-etienne","8":"tag-actu","9":"tag-actualites","10":"tag-as-saint-etienne","11":"tag-auvergne-rhone-alpes","12":"tag-bastia","13":"tag-eu","14":"tag-europe","15":"tag-fr","16":"tag-france","17":"tag-ligue-2","18":"tag-news","19":"tag-republique-francaise","20":"tag-saint-etienne","21":"tag-troyes"},"share_on_mastodon":{"url":"https:\/\/pubeurope.com\/@fr\/115506563162965427","error":""},"_links":{"self":[{"href":"https:\/\/www.europesays.com\/fr\/wp-json\/wp\/v2\/posts\/517480","targetHints":{"allow":["GET"]}}],"collection":[{"href":"https:\/\/www.europesays.com\/fr\/wp-json\/wp\/v2\/posts"}],"about":[{"href":"https:\/\/www.europesays.com\/fr\/wp-json\/wp\/v2\/types\/post"}],"author":[{"embeddable":true,"href":"https:\/\/www.europesays.com\/fr\/wp-json\/wp\/v2\/users\/2"}],"replies":[{"embeddable":true,"href":"https:\/\/www.europesays.com\/fr\/wp-json\/wp\/v2\/comments?post=517480"}],"version-history":[{"count":0,"href":"https:\/\/www.europesays.com\/fr\/wp-json\/wp\/v2\/posts\/517480\/revisions"}],"wp:featuredmedia":[{"embeddable":true,"href":"https:\/\/www.europesays.com\/fr\/wp-json\/wp\/v2\/media\/517481"}],"wp:attachment":[{"href":"https:\/\/www.europesays.com\/fr\/wp-json\/wp\/v2\/media?parent=517480"}],"wp:term":[{"taxonomy":"category","embeddable":true,"href":"https:\/\/www.europesays.com\/fr\/wp-json\/wp\/v2\/categories?post=517480"},{"taxonomy":"post_tag","embeddable":true,"href":"https:\/\/www.europesays.com\/fr\/wp-json\/wp\/v2\/tags?post=517480"}],"curies":[{"name":"wp","href":"https:\/\/api.w.org\/{rel}","templated":true}]}}